{"id":22053,"date":"2024-08-26T21:00:16","date_gmt":"2024-08-27T03:00:16","guid":{"rendered":"https:\/\/www.aquilaguna.com\/?p=22053"},"modified":"2024-08-26T21:00:16","modified_gmt":"2024-08-27T03:00:16","slug":"en-uadec-recortes-en-investigacion-no-la-limitan","status":"publish","type":"post","link":"https:\/\/www.aquilaguna.com\/index.php\/2024\/08\/26\/en-uadec-recortes-en-investigacion-no-la-limitan\/","title":{"rendered":"En UAdeC recortes en investigaci\u00f3n no la limitan."},"content":{"rendered":"\n<p>Torre\u00f3n, Coahuila.- PHD Manuel\u00a0 Medina Elizando, Director del Centro de Transferencia del Conocimiento -CTC-, \u00a0 estima que con todo y que ha habido muchos recortes destinados a la investigaci\u00f3n en las universidades p\u00fablicas del pa\u00eds,\u00a0estos, no limitan.<\/p>\n\n\n\n<p>&#8220;En el caso de la Universidad Aut\u00f3noma de Coahuila\u00a0 no los limita\u00a0 en lo que respecta a los aspectos de calidad educativa e investigaci\u00f3n, seguimos adelante&#8221;.\u00a0<\/p>\n\n\n\n<p>El tambi\u00e9n Coordinador a\u00a0 General de Investigaci\u00f3n\u00a0 y Posgrado\u00a0 de la Facultad\u00a0 de\u00a0 Contadur\u00eda y Administraci\u00f3n\u00a0 de la UAdeC,\u00a0 en su Unidad Torre\u00f3n abordado sobre el\u00a0 hecho de que una de las egresadas de la instituci\u00f3n a su cargo, haya sido designada como titular de la Comisi\u00f3n\u00a0 Federal de Electricidad,\u00a0 indic\u00f3 que la\u00a0 tal ex alumna, \u00a0 &#8220;curs\u00f3 su Maestr\u00eda a trav\u00e9s de uno de los programas vigentes en la instituci\u00f3n a su cargo, que va a diferentes partes de la rep\u00fablica y\u00a0 en este caso,\u00a0 su curso se realiz\u00f3 desde Celaya, Guanajuato,\u00a0 y ha ido atendiendo a Maestr\u00edas y otros diplomados ejecutivos \u00a0 de la CFE en diversas\u00a0 partes de la rep\u00fablica mexicana&#8221;.<\/p>\n\n\n\n<p>Indic\u00f3 luego, que \u00a0la Master Calleja  curs\u00f3 su maestr\u00eda junto con otros funcionarios de la CFE, agregando luego que la institucion a su cargo cuenta con otros cursos, &#8220;de otros temas, en diversos puntos del pa\u00eds, apoyados en todo, por nuestro Rector Octavio Pimentel&#8221;.\u00a0\u00a0<\/p>\n\n\n\n<p>Dijo luego\u00a0 luego que es objetivo el acercamiento\u00a0 con las empresas privadas y del sector p\u00fablico\u00a0 y sus demandas de profesionales y conocimientos espec\u00edficos, &#8220;de ah\u00ed que\u00a0 estemos aprovechando \u00a0 para hacer una invitaci\u00f3n a todas las peque\u00f1as y medianas empresas que pretendan\u00a0 contar\u00a0 \u00a0 un\u00a0 sistema de innovaci\u00f3n, \u00a0 por lo que pueden acudir a las diferentes escuelas y facultades de la Universidad Aut\u00f3noma de Coahuila, donde tenemos elementos de primer nivel del Sistema Nacional de Investigadores, para ayudar\u00a0 en tareas de innovaci\u00f3n, para nuevos crear\u00a0 nuevos\u00a0 productos\u00a0 y puedan competir con ventaja en los mercados \u00a0 nacionales y del mundo&#8221;.<\/p>\n","protected":false},"excerpt":{"rendered":"<p>Torre\u00f3n, Coahuila.- PHD Manuel\u00a0 Medina Elizando, Director del Centro de Transferencia del Conocimiento -CTC-, \u00a0 estima que con todo y que ha habido muchos recortes destinados a la investigaci\u00f3n en las universidades p\u00fablicas del pa\u00eds,\u00a0estos, no limitan. &#8220;En el caso de la Universidad Aut\u00f3noma de Coahuila\u00a0 no los limita\u00a0 en lo que respecta a los aspectos de calidad educativa e investigaci\u00f3n, seguimos adelante&#8221;.\u00a0 El tambi\u00e9n Coordinador a\u00a0 General de Investigaci\u00f3n\u00a0&#8230;<\/p>\n","protected":false},"author":2,"featured_media":0,"comment_status":"closed","ping_status":"","sticky":false,"template":"","format":"standard","meta":{"footnotes":""},"categories":[5,9,7,2],"tags":[],"class_list":["post-22053","post","type-post","status-publish","format-standard","hentry","category-coahuila","category-educacion","category-torreon","category-uadec","wpcat-5-id","wpcat-9-id","wpcat-7-id","wpcat-2-id"],"_links":{"self":[{"href":"https:\/\/www.aquilaguna.com\/index.php\/wp-json\/wp\/v2\/posts\/22053","targetHints":{"allow":["GET"]}}],"collection":[{"href":"https:\/\/www.aquilaguna.com\/index.php\/wp-json\/wp\/v2\/posts"}],"about":[{"href":"https:\/\/www.aquilaguna.com\/index.php\/wp-json\/wp\/v2\/types\/post"}],"author":[{"embeddable":true,"href":"https:\/\/www.aquilaguna.com\/index.php\/wp-json\/wp\/v2\/users\/2"}],"replies":[{"embeddable":true,"href":"https:\/\/www.aquilaguna.com\/index.php\/wp-json\/wp\/v2\/comments?post=22053"}],"version-history":[{"count":1,"href":"https:\/\/www.aquilaguna.com\/index.php\/wp-json\/wp\/v2\/posts\/22053\/revisions"}],"predecessor-version":[{"id":22054,"href":"https:\/\/www.aquilaguna.com\/index.php\/wp-json\/wp\/v2\/posts\/22053\/revisions\/22054"}],"wp:attachment":[{"href":"https:\/\/www.aquilaguna.com\/index.php\/wp-json\/wp\/v2\/media?parent=22053"}],"wp:term":[{"taxonomy":"category","embeddable":true,"href":"https:\/\/www.aquilaguna.com\/index.php\/wp-json\/wp\/v2\/categories?post=22053"},{"taxonomy":"post_tag","embeddable":true,"href":"https:\/\/www.aquilaguna.com\/index.php\/wp-json\/wp\/v2\/tags?post=22053"}],"curies":[{"name":"wp","href":"https:\/\/api.w.org\/{rel}","templated":true}]}}