{"id":22091,"date":"2024-08-28T19:35:13","date_gmt":"2024-08-29T01:35:13","guid":{"rendered":"https:\/\/www.aquilaguna.com\/?p=22091"},"modified":"2024-08-28T19:35:13","modified_gmt":"2024-08-29T01:35:13","slug":"roman-alberto-cepeda-gonzalez-entrega-techumbre-en-la-colonia-abastos-durante-la-brigada-torreon-siempre-contigo","status":"publish","type":"post","link":"https:\/\/www.aquilaguna.com\/index.php\/2024\/08\/28\/roman-alberto-cepeda-gonzalez-entrega-techumbre-en-la-colonia-abastos-durante-la-brigada-torreon-siempre-contigo\/","title":{"rendered":"Rom\u00e1n Alberto Cepeda Gonz\u00e1lez entrega techumbre en la colonia Abastos, durante la brigada \u201cTorre\u00f3n Siempre Contigo\u201d."},"content":{"rendered":"\n<p>Torre\u00f3n, Coahuila. A 28 de agosto de 2024.<\/p>\n\n\n\n<p>El alcalde Rom\u00e1n Alberto Cepeda Gonz\u00e1lez entreg\u00f3 esta ma\u00f1ana una techumbre<br>a los vecinos de la colonia Abastos, a quienes tambi\u00e9n benefici\u00f3 con los servicios<br>de la brigada Multidisciplinaria \u201cTorre\u00f3n Siempre Contigo\u201d, y aparatos de<br>movilidad.<br>\u00a0<br>Dijo que la techumbre corresponde a un compromiso que hizo en el mes de mayo<br>en esta colonia, la cual es la n\u00famero dos de 15 que se habr\u00e1n de inaugurar en las<br>pr\u00f3ximas semanas, con todo y \u00e1reas de juegos infantiles.<br>\u00a0<br>El Alcalde pidi\u00f3 a los vecinos cuidar de estos espacios p\u00fablicos que son para ellos<br>mismos y se comprometi\u00f3 a seguir atendiendo los servicios de pavimentaci\u00f3n,<br>agua y drenaje, entre otros.<br>\u00a0<br>Adem\u00e1s, el edil inform\u00f3 que esta es la brigada n\u00famero 80 de la Administraci\u00f3n<br>Municipal, y consider\u00f3 importante mantener presencia y contacto directo con la<br>ciudadan\u00eda, para escuchar y atender sus demandas.<br>\u00a0<br>De igual forma aprovech\u00f3 para felicitar a los abuelos en su d\u00eda.<br>\u00a0<br>\u201cHoy celebramos el D\u00eda de los Abuelos y tambi\u00e9n la brigada n\u00famero 80, en este<br>lugar que es muy emblem\u00e1tico para m\u00ed, en donde me ha tocado trabajar desde<br>hace muchos a\u00f1os antes de ser Alcalde; hoy estar aqu\u00ed de regreso donde he<br>recibido siempre un extraordinario trato, la \u00fanica forma en la que puede uno<br>regresar es con agradecimiento\u201d, expres\u00f3 el edil.<br>\u00a0<br>En su mensaje, Cepeda Gonz\u00e1lez dijo que la manera de saber qu\u00e9 pasa en cada<br>sector de Torre\u00f3n, es escuchando a la poblaci\u00f3n.<br>\u00a0<br>\u201cSiempre hay cosas por atender, nada es suficiente en un municipio que crece<br>todos los d\u00edas y donde todos los d\u00edas tenemos nuevas necesidades, pero lo m\u00e1s<br>importante para escuchar qu\u00e9 pasa en el primer y segundo cuadro, en el poniente,<br>el sur oriente, o aqu\u00ed en Abastos, en donde sea, es viniendo con nuestros amigos<br>y amigas\u201d, mencion\u00f3.<br>\u00a0<br>Dijo que en las brigadas multidisciplinarias est\u00e1n disponibles desde servicios<br>municipales hasta estatales.<\/p>\n\n\n\n<p>Por su parte, la Se\u00f1ora Selina Bremer de Cepeda, presidenta honoraria del DIF<br>Torre\u00f3n, dijo que en la brigada \u201cTorre\u00f3n Siempre Contigo\u201d, participa todo el equipo<br>del Alcalde de las diferentes direcciones municipales para atender a la ciudadan\u00eda.<br>&nbsp;<br>Indic\u00f3 que por parte del DIF municipal, llevan los servicios como es la expedici\u00f3n<br>de actas de nacimiento, entrega de lentes, corte de pelo, adem\u00e1s de gestiones de<br>aparatos ortop\u00e9dicos.<br>&nbsp;<br>Las brigadas multidisciplinarias ofrecen la atenci\u00f3n del personal del SIMAS,<br>descuento en el predial, la participaci\u00f3n de Protecci\u00f3n Civil, as\u00ed como el m\u00f3dulo de<br>la Bolsa de Trabajo de la Direcci\u00f3n de Desarrollo Econ\u00f3mico e informaci\u00f3n para<br>los apoyos de microcr\u00e9ditos, por citar algunos.<br>&nbsp;<br>Mar\u00eda Luisa God\u00ednez Mercado, expres\u00f3 a nombre de los beneficiarios, el trabajo<br>de la Administraci\u00f3n Municipal y del Alcalde, por concretar una demanda de<br>muchos a\u00f1os y ahora la techumbre la podr\u00e1n aprovechar para que los ni\u00f1os<br>jueguen bajo la sombra.<br>&nbsp;<br>Estuvieron presentes tambi\u00e9n: Juan Adolfo Von Bertrab Saracho, director de<br>Obras P\u00fablicas; Elba Leticia de Alba Galarza, regidora presidenta de la comisi\u00f3n<br>del DIF; Marlene Mart\u00ednez Vald\u00e9s, directora general del DIF Torre\u00f3n; y Gerardo<br>Ibarra, coordinador del sector.<\/p>\n","protected":false},"excerpt":{"rendered":"<p>Torre\u00f3n, Coahuila. A 28 de agosto de 2024. El alcalde Rom\u00e1n Alberto Cepeda Gonz\u00e1lez entreg\u00f3 esta ma\u00f1ana una techumbrea los vecinos de la colonia Abastos, a quienes tambi\u00e9n benefici\u00f3 con los serviciosde la brigada Multidisciplinaria \u201cTorre\u00f3n Siempre Contigo\u201d, y aparatos demovilidad.\u00a0Dijo que la techumbre corresponde a un compromiso que hizo en el mes de mayoen esta colonia, la cual es la n\u00famero dos de 15 que se habr\u00e1n de inaugurar&#8230;<\/p>\n","protected":false},"author":1,"featured_media":22092,"comment_status":"closed","ping_status":"","sticky":false,"template":"","format":"standard","meta":{"footnotes":""},"categories":[5,28,7],"tags":[],"class_list":["post-22091","post","type-post","status-publish","format-standard","has-post-thumbnail","hentry","category-coahuila","category-la-laguna","category-torreon","wpcat-5-id","wpcat-28-id","wpcat-7-id"],"_links":{"self":[{"href":"https:\/\/www.aquilaguna.com\/index.php\/wp-json\/wp\/v2\/posts\/22091","targetHints":{"allow":["GET"]}}],"collection":[{"href":"https:\/\/www.aquilaguna.com\/index.php\/wp-json\/wp\/v2\/posts"}],"about":[{"href":"https:\/\/www.aquilaguna.com\/index.php\/wp-json\/wp\/v2\/types\/post"}],"author":[{"embeddable":true,"href":"https:\/\/www.aquilaguna.com\/index.php\/wp-json\/wp\/v2\/users\/1"}],"replies":[{"embeddable":true,"href":"https:\/\/www.aquilaguna.com\/index.php\/wp-json\/wp\/v2\/comments?post=22091"}],"version-history":[{"count":1,"href":"https:\/\/www.aquilaguna.com\/index.php\/wp-json\/wp\/v2\/posts\/22091\/revisions"}],"predecessor-version":[{"id":22093,"href":"https:\/\/www.aquilaguna.com\/index.php\/wp-json\/wp\/v2\/posts\/22091\/revisions\/22093"}],"wp:featuredmedia":[{"embeddable":true,"href":"https:\/\/www.aquilaguna.com\/index.php\/wp-json\/wp\/v2\/media\/22092"}],"wp:attachment":[{"href":"https:\/\/www.aquilaguna.com\/index.php\/wp-json\/wp\/v2\/media?parent=22091"}],"wp:term":[{"taxonomy":"category","embeddable":true,"href":"https:\/\/www.aquilaguna.com\/index.php\/wp-json\/wp\/v2\/categories?post=22091"},{"taxonomy":"post_tag","embeddable":true,"href":"https:\/\/www.aquilaguna.com\/index.php\/wp-json\/wp\/v2\/tags?post=22091"}],"curies":[{"name":"wp","href":"https:\/\/api.w.org\/{rel}","templated":true}]}}