{"id":22106,"date":"2024-08-29T17:50:47","date_gmt":"2024-08-29T23:50:47","guid":{"rendered":"https:\/\/www.aquilaguna.com\/?p=22106"},"modified":"2024-08-29T17:50:47","modified_gmt":"2024-08-29T23:50:47","slug":"realiza-uadec-macrobrigada-lobos-en-tu-colonia-en-san-pedro-coahuila","status":"publish","type":"post","link":"https:\/\/www.aquilaguna.com\/index.php\/2024\/08\/29\/realiza-uadec-macrobrigada-lobos-en-tu-colonia-en-san-pedro-coahuila\/","title":{"rendered":"Realiza UAdeC Macrobrigada \u201cLobos en tu Colonia\u201d en San Pedro, Coahuila."},"content":{"rendered":"\n<p>SAN PEDRO, Coahuila. 29 de agosto de 2024. La Universidad Aut\u00f3noma de Coahuila a trav\u00e9s de la Escuela de Administraci\u00f3n de San Pedro, en colaboraci\u00f3n con el Ayuntamiento de San Pedro y la Coordinaci\u00f3n de Extensi\u00f3n Universitaria, llevaron a cabo laMacrobrigada &#8220;Lobos en tu Colonia&#8221;, con el objetivo de brindar servicios gratuitos a la poblaci\u00f3n.<\/p>\n\n\n\n<p>A la inauguraci\u00f3n realizada en la Explanada de la PresidenciaMunicipal, asisti\u00f3 en representaci\u00f3n del rector de la m\u00e1xima casa de estudios, Octavio Pimentel Mart\u00ednez, el coordinador general de Extensi\u00f3n Universitaria, David Hern\u00e1ndez Barrera, el alcalde de San Pedro de las Colonias, David Ru\u00edz Mej\u00eda, en representaci\u00f3n de la coordinadora de Unidad Torre\u00f3n, Sandra L\u00f3pez Chavarr\u00eda, la secretaria t\u00e9cnica, Brenda Paola \u00c1lvarez Tostado, el director de la Escuela de Administraci\u00f3n de San Pedro, Javier Loza Estrada y directores de las escuelas y facultades de Unidad Torre\u00f3n.<\/p>\n\n\n\n<p>En su mensaje, el coordinador general de Extensi\u00f3n Universitaria, David Hern\u00e1ndez Barrera, agradeci\u00f3 a todas las dependencias, escuelas y facultades que se sumaron para ofrecer los servicios de la Universidad Aut\u00f3noma de Coahuila, as\u00ed como al Ayuntamiento de San Pedro y a las y los alumnos, quienes mediante sus pr\u00e1cticas estuvieron presentes en esta brigada, pues destac\u00f3 que con estas acciones se mantiene cercano el v\u00ednculo con la sociedad.<\/p>\n\n\n\n<p>Por su parte, el alcalde de San Pedro, David Ruiz Mej\u00eda, coment\u00f3 sentirse contento por haber llevado a cabo esta brigada y recibir en San Pedro a los estudiantes de las distintas escuelas y facultades de la Universidad en la Regi\u00f3n Laguna, al tiempo que se\u00f1al\u00f3 que a trav\u00e9s de estas actividades los estudiantes pueden compartir lo que est\u00e1n aprendiendo y dar un servicio a la comunidad, \u201cMe da mucho gusto estar aqu\u00ed con ustedes y de recibir a quienes vienen representando a las autoridades de la Universidad, gracias por preocuparse e interesarse en esta actividad\u201d.<\/p>\n\n\n\n<p>Mientras que, la secretaria t\u00e9cnica de la Coordinaci\u00f3n de Unidad Torre\u00f3n, Brenda \u00c1lvarez, se\u00f1al\u00f3 que parte de la esencia de la Universidad es su servicio hacia la comunidad, \u201cEsta es otra forma de corresponder a la sociedad y a todo el apoyo que nos brinda, porque estamos por y para ella\u201d.<\/p>\n\n\n\n<p>En la Plaza Solidaridad, ubicada a un costado de la Presidencia Municipal se brindaron los servicios de manera gratuita, algunos enfocados a la atenci\u00f3n m\u00e9dica, revisiones dentales, orientaci\u00f3n sobre salud sexual y reproductiva, toma de presi\u00f3n, peso, talla y glucosa, mastograf\u00edas, consultas m\u00e9dicas generales, revisiones dentales, orientaci\u00f3n y prevenci\u00f3n de embarazos, alimentaci\u00f3n saludable y promoci\u00f3n a la salud, orientaci\u00f3n sobre la prevenci\u00f3n de adicciones, y vacunaci\u00f3n, incluyendo la antirr\u00e1bica.<\/p>\n\n\n\n<p>De igual manera se brind\u00f3 asesor\u00eda en temas jur\u00eddicos, fiscales, y educativos, con la participaci\u00f3n de diversas dependencias municipales y estudiantiles, orientaci\u00f3n y cuidado de la flora de la regi\u00f3n, asesor\u00eda para la elaboraci\u00f3n de productos de limpieza, revisi\u00f3n de aparatos electrodom\u00e9sticos y los asistentes tambi\u00e9n pudieron disfrutar de la presentaci\u00f3n de n\u00fameros art\u00edsticos y actividades recreativas para ni\u00f1as y ni\u00f1os.<\/p>\n\n\n\n<p>La Macrobrigada \u201cLobos en tu Colonia\u201d, se llev\u00f3 a cabo en un horario de 9:00 a 13:00 horas, a trav\u00e9s de la cual se fortaleci\u00f3 el v\u00ednculo entre la Universidad y la comunidad, ofreciendo servicios que buscan mejorar la calidad de vida de las y los ciudadanos.<\/p>\n","protected":false},"excerpt":{"rendered":"<p>SAN PEDRO, Coahuila. 29 de agosto de 2024. La Universidad Aut\u00f3noma de Coahuila a trav\u00e9s de la Escuela de Administraci\u00f3n de San Pedro, en colaboraci\u00f3n con el Ayuntamiento de San Pedro y la Coordinaci\u00f3n de Extensi\u00f3n Universitaria, llevaron a cabo laMacrobrigada &#8220;Lobos en tu Colonia&#8221;, con el objetivo de brindar servicios gratuitos a la poblaci\u00f3n. A la inauguraci\u00f3n realizada en la Explanada de la PresidenciaMunicipal, asisti\u00f3 en representaci\u00f3n del rector&#8230;<\/p>\n","protected":false},"author":1,"featured_media":22107,"comment_status":"closed","ping_status":"","sticky":false,"template":"","format":"standard","meta":{"footnotes":""},"categories":[3,2],"tags":[],"class_list":["post-22106","post","type-post","status-publish","format-standard","has-post-thumbnail","hentry","category-san-pedro","category-uadec","wpcat-3-id","wpcat-2-id"],"_links":{"self":[{"href":"https:\/\/www.aquilaguna.com\/index.php\/wp-json\/wp\/v2\/posts\/22106","targetHints":{"allow":["GET"]}}],"collection":[{"href":"https:\/\/www.aquilaguna.com\/index.php\/wp-json\/wp\/v2\/posts"}],"about":[{"href":"https:\/\/www.aquilaguna.com\/index.php\/wp-json\/wp\/v2\/types\/post"}],"author":[{"embeddable":true,"href":"https:\/\/www.aquilaguna.com\/index.php\/wp-json\/wp\/v2\/users\/1"}],"replies":[{"embeddable":true,"href":"https:\/\/www.aquilaguna.com\/index.php\/wp-json\/wp\/v2\/comments?post=22106"}],"version-history":[{"count":1,"href":"https:\/\/www.aquilaguna.com\/index.php\/wp-json\/wp\/v2\/posts\/22106\/revisions"}],"predecessor-version":[{"id":22108,"href":"https:\/\/www.aquilaguna.com\/index.php\/wp-json\/wp\/v2\/posts\/22106\/revisions\/22108"}],"wp:featuredmedia":[{"embeddable":true,"href":"https:\/\/www.aquilaguna.com\/index.php\/wp-json\/wp\/v2\/media\/22107"}],"wp:attachment":[{"href":"https:\/\/www.aquilaguna.com\/index.php\/wp-json\/wp\/v2\/media?parent=22106"}],"wp:term":[{"taxonomy":"category","embeddable":true,"href":"https:\/\/www.aquilaguna.com\/index.php\/wp-json\/wp\/v2\/categories?post=22106"},{"taxonomy":"post_tag","embeddable":true,"href":"https:\/\/www.aquilaguna.com\/index.php\/wp-json\/wp\/v2\/tags?post=22106"}],"curies":[{"name":"wp","href":"https:\/\/api.w.org\/{rel}","templated":true}]}}