{"id":22130,"date":"2024-09-02T00:51:18","date_gmt":"2024-09-02T06:51:18","guid":{"rendered":"https:\/\/www.aquilaguna.com\/?p=22130"},"modified":"2024-09-02T00:51:18","modified_gmt":"2024-09-02T06:51:18","slug":"participa-rector-de-la-uadec-en-la-carrera-5-k-de-la-comunidad-de-la-facultad-de-jurisprudencia","status":"publish","type":"post","link":"https:\/\/www.aquilaguna.com\/index.php\/2024\/09\/02\/participa-rector-de-la-uadec-en-la-carrera-5-k-de-la-comunidad-de-la-facultad-de-jurisprudencia\/","title":{"rendered":"Participa Rector de la UAdeC en la Carrera 5 K de la Comunidad de la Facultad de Jurisprudencia."},"content":{"rendered":"\n<p>SALTILLO, Coahuila. 1 de septiembre de 2024. Con 550 corredores, este domingo el<br>rector de la Universidad Aut\u00f3noma de Coahuila, Octavio Pimentel Mart\u00ednez, particip\u00f3<br>en la carrera 5K \u201cCorremos Construyendo la Grandeza\u201d, organizada por la<br>comunidad de la Facultad de Jurisprudencia.<\/p>\n\n\n\n<p>Adem\u00e1s, en coordinaci\u00f3n con el Instituto Estatal del Deporte y la empresa Go Time,<br>la carrera inici\u00f3 a las 8:00 am durante la Ruta Recreativa, teniendo como punto de<br>partida la Facultad de Jurisprudencia, hacia el norte hasta llegar a la calle de<br>Canad\u00e1, para luego retornar y terminar en Avenida Universidad en la Zona<br>Universitaria.<\/p>\n\n\n\n<p>El rector Octavio Pimentel Mart\u00ednez, convivi\u00f3 con docentes, estudiantes, y p\u00fablico<br>que asisti\u00f3 al evento deportivo, adem\u00e1s estuvo a cargo de la premiaci\u00f3n en las<br>distintas categor\u00edas general femenil y varonil y de la comunidad estudiantil de la<br>Facutad.<\/p>\n\n\n\n<p>Las y los ganadores de la categor\u00eda alumnos femenil y varonil fueron para el primer<br>lugar: Estefany Mac\u00edas Navarro, 2\u00ba lugar Ana Ram\u00edrez y 3er lugar para Sof\u00eda<br>Esmeralda Hern\u00e1ndez Ramos; categor\u00eda varonil los primeros tres lugares fueron<br>para Luis Gerardo Aguilera, Enrique Aldair Canizalez e Israel Eduardo T\u00e9llez.<\/p>\n\n\n\n<p>Los ganadores de la categor\u00eda general varonil categor\u00eda son: Edgar Ariel Quintero,<br>Gabriel de la Cruz L\u00f3pez y Kevin de la Cruz L\u00f3pez; categor\u00eda femenil las ganadoras<br>son Dulce Orozco, Bel\u00e9n Vega y Mayra Montelongo.<\/p>\n","protected":false},"excerpt":{"rendered":"<p>SALTILLO, Coahuila. 1 de septiembre de 2024. Con 550 corredores, este domingo elrector de la Universidad Aut\u00f3noma de Coahuila, Octavio Pimentel Mart\u00ednez, particip\u00f3en la carrera 5K \u201cCorremos Construyendo la Grandeza\u201d, organizada por lacomunidad de la Facultad de Jurisprudencia. Adem\u00e1s, en coordinaci\u00f3n con el Instituto Estatal del Deporte y la empresa Go Time,la carrera inici\u00f3 a las 8:00 am durante la Ruta Recreativa, teniendo como punto departida la Facultad de Jurisprudencia,&#8230;<\/p>\n","protected":false},"author":1,"featured_media":22131,"comment_status":"closed","ping_status":"","sticky":false,"template":"","format":"standard","meta":{"footnotes":""},"categories":[2],"tags":[],"class_list":["post-22130","post","type-post","status-publish","format-standard","has-post-thumbnail","hentry","category-uadec","wpcat-2-id"],"_links":{"self":[{"href":"https:\/\/www.aquilaguna.com\/index.php\/wp-json\/wp\/v2\/posts\/22130","targetHints":{"allow":["GET"]}}],"collection":[{"href":"https:\/\/www.aquilaguna.com\/index.php\/wp-json\/wp\/v2\/posts"}],"about":[{"href":"https:\/\/www.aquilaguna.com\/index.php\/wp-json\/wp\/v2\/types\/post"}],"author":[{"embeddable":true,"href":"https:\/\/www.aquilaguna.com\/index.php\/wp-json\/wp\/v2\/users\/1"}],"replies":[{"embeddable":true,"href":"https:\/\/www.aquilaguna.com\/index.php\/wp-json\/wp\/v2\/comments?post=22130"}],"version-history":[{"count":1,"href":"https:\/\/www.aquilaguna.com\/index.php\/wp-json\/wp\/v2\/posts\/22130\/revisions"}],"predecessor-version":[{"id":22132,"href":"https:\/\/www.aquilaguna.com\/index.php\/wp-json\/wp\/v2\/posts\/22130\/revisions\/22132"}],"wp:featuredmedia":[{"embeddable":true,"href":"https:\/\/www.aquilaguna.com\/index.php\/wp-json\/wp\/v2\/media\/22131"}],"wp:attachment":[{"href":"https:\/\/www.aquilaguna.com\/index.php\/wp-json\/wp\/v2\/media?parent=22130"}],"wp:term":[{"taxonomy":"category","embeddable":true,"href":"https:\/\/www.aquilaguna.com\/index.php\/wp-json\/wp\/v2\/categories?post=22130"},{"taxonomy":"post_tag","embeddable":true,"href":"https:\/\/www.aquilaguna.com\/index.php\/wp-json\/wp\/v2\/tags?post=22130"}],"curies":[{"name":"wp","href":"https:\/\/api.w.org\/{rel}","templated":true}]}}