{"id":22188,"date":"2024-09-03T19:17:46","date_gmt":"2024-09-04T01:17:46","guid":{"rendered":"https:\/\/www.aquilaguna.com\/?p=22188"},"modified":"2024-09-03T19:17:46","modified_gmt":"2024-09-04T01:17:46","slug":"lluvias-afectan-sector-productivo-de-la-ciudad","status":"publish","type":"post","link":"https:\/\/www.aquilaguna.com\/index.php\/2024\/09\/03\/lluvias-afectan-sector-productivo-de-la-ciudad\/","title":{"rendered":"Lluvias afectan sector productivo de la ciudad."},"content":{"rendered":"\n<p>Torre\u00f3n, Coahuila.- Serias afectaciones\u00a0 generan al aparato productivo \u00a0 las lluvias que se registran\u00a0 sobre la zona lagunera, pues provocaron ya adem\u00e1s de ausencias, serios retrasos a sus labores cotidianas de sus trabajadores, atrapados por las condiciones que impone al sistema de transporte\u00a0 este vendaval \u00a0afirma el dirigente\u00a0 de CANACINTRA, Ingeniero Alejandro\u00a0 Guti\u00e9rrez Guti\u00e9rrez.<\/p>\n\n\n\n<p>Abordado\u00a0 esta ma\u00f1ana, afirma que los impactos que se registran\u00a0 por el temporal lluvioso que se abate sobre la regi\u00f3n, afecta no solo a quienes hacen uso del transporte p\u00fablico y privado, sino tambi\u00e9n para quienes hacen uso de bicicletas, motos,\u00a0 o circulan a pie.<\/p>\n\n\n\n<p>&#8220;Es algo que no podemos evitar&#8221;, dijo, &#8220;simplemente\u00a0 \u00a0 ofrecer soluciones. Los camiones de transporte que nosotros proporcionamos a nuestros trabajadores, tambi\u00e9n nos llegaron tarde\u00a0 a las empresas,\u00a0 fue pues no solo ausencias sino tambi\u00e9n los retardos, sin embargo nosotros no estamos tomando medidas contra\u00a0 quienes nos llegaron tarde, ni contra quienes faltaron a sus labores, para nada&#8221;.<\/p>\n\n\n\n<p>Dijo luego que &#8220;entendemos del retraso y por ese lado, no hay repercusi\u00f3n&#8221;.<\/p>\n","protected":false},"excerpt":{"rendered":"<p>Torre\u00f3n, Coahuila.- Serias afectaciones\u00a0 generan al aparato productivo \u00a0 las lluvias que se registran\u00a0 sobre la zona lagunera, pues provocaron ya adem\u00e1s de ausencias, serios retrasos a sus labores cotidianas de sus trabajadores, atrapados por las condiciones que impone al sistema de transporte\u00a0 este vendaval \u00a0afirma el dirigente\u00a0 de CANACINTRA, Ingeniero Alejandro\u00a0 Guti\u00e9rrez Guti\u00e9rrez. Abordado\u00a0 esta ma\u00f1ana, afirma que los impactos que se registran\u00a0 por el temporal lluvioso que se&#8230;<\/p>\n","protected":false},"author":2,"featured_media":0,"comment_status":"closed","ping_status":"","sticky":false,"template":"","format":"standard","meta":{"footnotes":""},"categories":[27,5,28,7],"tags":[],"class_list":["post-22188","post","type-post","status-publish","format-standard","hentry","category-clima","category-coahuila","category-la-laguna","category-torreon","wpcat-27-id","wpcat-5-id","wpcat-28-id","wpcat-7-id"],"_links":{"self":[{"href":"https:\/\/www.aquilaguna.com\/index.php\/wp-json\/wp\/v2\/posts\/22188","targetHints":{"allow":["GET"]}}],"collection":[{"href":"https:\/\/www.aquilaguna.com\/index.php\/wp-json\/wp\/v2\/posts"}],"about":[{"href":"https:\/\/www.aquilaguna.com\/index.php\/wp-json\/wp\/v2\/types\/post"}],"author":[{"embeddable":true,"href":"https:\/\/www.aquilaguna.com\/index.php\/wp-json\/wp\/v2\/users\/2"}],"replies":[{"embeddable":true,"href":"https:\/\/www.aquilaguna.com\/index.php\/wp-json\/wp\/v2\/comments?post=22188"}],"version-history":[{"count":1,"href":"https:\/\/www.aquilaguna.com\/index.php\/wp-json\/wp\/v2\/posts\/22188\/revisions"}],"predecessor-version":[{"id":22189,"href":"https:\/\/www.aquilaguna.com\/index.php\/wp-json\/wp\/v2\/posts\/22188\/revisions\/22189"}],"wp:attachment":[{"href":"https:\/\/www.aquilaguna.com\/index.php\/wp-json\/wp\/v2\/media?parent=22188"}],"wp:term":[{"taxonomy":"category","embeddable":true,"href":"https:\/\/www.aquilaguna.com\/index.php\/wp-json\/wp\/v2\/categories?post=22188"},{"taxonomy":"post_tag","embeddable":true,"href":"https:\/\/www.aquilaguna.com\/index.php\/wp-json\/wp\/v2\/tags?post=22188"}],"curies":[{"name":"wp","href":"https:\/\/api.w.org\/{rel}","templated":true}]}}