{"id":22190,"date":"2024-09-03T19:34:08","date_gmt":"2024-09-04T01:34:08","guid":{"rendered":"https:\/\/www.aquilaguna.com\/?p=22190"},"modified":"2024-09-03T19:34:08","modified_gmt":"2024-09-04T01:34:08","slug":"no-se-descarta-repercusiones-economicas-por-reforma-judicial","status":"publish","type":"post","link":"https:\/\/www.aquilaguna.com\/index.php\/2024\/09\/03\/no-se-descarta-repercusiones-economicas-por-reforma-judicial\/","title":{"rendered":"No se descarta repercusiones econ\u00f3micas por Reforma Judicial."},"content":{"rendered":"\n<p>Torre\u00f3n, Coahuila.- Si bien el aparato productivo local \u00a0 no cuenta por ahora con reporte alguno de repercusi\u00f3n o impacto\u00a0 en sus actividades hasta hoy, no se descartan, ni mucho menos\u00a0 m\u00e1s delante.\u00a0 \u00a0 Una vez que se\u00a0 conozca la definici\u00f3n formal\u00a0 que se alcance \u00a0 con la Reforma\u00a0 Judicial\u00a0 en proceso\u00a0 y que por ahora mantiene\u00a0 en paro\u00a0 trabajadores jueces y magistrados de tal Poder, as\u00ed como a los miembros de la Suprema Corte de Justicia, estima el l\u00edder de los industriales Ingeniero Alejandro Guti\u00e9rrez Guti\u00e9rrez.<\/p>\n\n\n\n<p>\u00a0&#8220;Yo me abocar\u00eda por ahora&#8221;, afirma,\u00a0 &#8220;en profundizar en el conocimiento de la propuesta de\u00a0 la Reforma Judicial, pues admito, que tal propuesta que se encuentra ya en el Poder Legislativo f3ederal, tal y como est\u00e1  va a pasar. De eso estamos convencidos de que as\u00ed va a ser&#8221;.<\/p>\n\n\n\n<p>&#8220;Pensemos pues como vamos a afrontarlo, c\u00f3mo vamos a superar\u00a0 y como generamos esa\u00a0 tranquilidad y certidumbre\u00a0 entre nuestros inversionistas locales y extranjeros&#8221;.<\/p>\n\n\n\n<p>&#8220;Uno de los resultados mayores, ser\u00eda sin duda, la p\u00e9rdida de los factores citados, y lo que conlleva eso, pues hay falta de confianza y muchas otras cosas, como es la falta de inversi\u00f3n, la que nos falta en la Laguna y todo el pa\u00eds, el posible retiro de inversi\u00f3n, el aumento en las tasas de inter\u00e9s, el tipo de cambio, quiz\u00e1s\u00a0 el aumento en los intereses&#8221;.<\/p>\n\n\n\n<p>&#8220;No solo es un tema de car\u00e1cter pol\u00edtico, sino que es un tema netamente econ\u00f3mico, y a nosotros s\u00ed nos pega&#8221;.<\/p>\n\n\n\n<p>En cuanto a la afectaci\u00f3n\u00a0 posible al esperado nearshoring,\u00a0 &#8220;pues me refiero a la falta de confianza,\u00a0 pues esto se percibe hacia el exterior como un golpe de autoridad, o de autoritarismo y eso, perjudica. Una de las razones por las cuales el nearshoring no ha llegado tiene que ver con esto, claro que tambi\u00e9n tiene que ver con las elecciones\u00a0 en Estados Unidos, pero son reflejos, mensajes que se est\u00e1n enviando de amenazas, de falta de certeza jur\u00eddica que disminuya el apetito de inversi\u00f3n&#8221;.\u00a0<\/p>\n\n\n\n<p>Declin\u00f3 abundar\u00a0sobre el posible impacto de la reforma judicial pretendida, \u00a0 sobre el tema de la revisi\u00f3n pr\u00f3xima del Tratado de Libre Comercio, bajo el argumento de que tenemos que irnos paso a paso.<\/p>\n\n\n\n<p>El sector empresarial argument\u00f3, &#8220;es una carrera, un marath\u00f3n con obst\u00e1culos, donde se sortea cosa por cosa, y ya veremos cuando pase la elecci\u00f3n en el vecino pa\u00eds, hablaremos de ello, toda vez que\u00a0 depender\u00e1 mucho de qui\u00e9n\u00a0 quede de presidente, \u00a0 y de ah\u00ed como se va a renegociar el Tratado de Libre Comercio&#8221;.<\/p>\n\n\n\n<p>&#8220;Yo personalmente, en el sector que represento, vemos en Donald Trump,\u00a0 una gran amenaza&#8221;, concluy\u00f3.<\/p>\n","protected":false},"excerpt":{"rendered":"<p>Torre\u00f3n, Coahuila.- Si bien el aparato productivo local \u00a0 no cuenta por ahora con reporte alguno de repercusi\u00f3n o impacto\u00a0 en sus actividades hasta hoy, no se descartan, ni mucho menos\u00a0 m\u00e1s delante.\u00a0 \u00a0 Una vez que se\u00a0 conozca la definici\u00f3n formal\u00a0 que se alcance \u00a0 con la Reforma\u00a0 Judicial\u00a0 en proceso\u00a0 y que por ahora mantiene\u00a0 en paro\u00a0 trabajadores jueces y magistrados de tal Poder, as\u00ed como a los&#8230;<\/p>\n","protected":false},"author":2,"featured_media":0,"comment_status":"closed","ping_status":"","sticky":false,"template":"","format":"standard","meta":{"footnotes":""},"categories":[31,65,28],"tags":[],"class_list":["post-22190","post","type-post","status-publish","format-standard","hentry","category-gobierno-federal","category-inversion","category-la-laguna","wpcat-31-id","wpcat-65-id","wpcat-28-id"],"_links":{"self":[{"href":"https:\/\/www.aquilaguna.com\/index.php\/wp-json\/wp\/v2\/posts\/22190","targetHints":{"allow":["GET"]}}],"collection":[{"href":"https:\/\/www.aquilaguna.com\/index.php\/wp-json\/wp\/v2\/posts"}],"about":[{"href":"https:\/\/www.aquilaguna.com\/index.php\/wp-json\/wp\/v2\/types\/post"}],"author":[{"embeddable":true,"href":"https:\/\/www.aquilaguna.com\/index.php\/wp-json\/wp\/v2\/users\/2"}],"replies":[{"embeddable":true,"href":"https:\/\/www.aquilaguna.com\/index.php\/wp-json\/wp\/v2\/comments?post=22190"}],"version-history":[{"count":1,"href":"https:\/\/www.aquilaguna.com\/index.php\/wp-json\/wp\/v2\/posts\/22190\/revisions"}],"predecessor-version":[{"id":22191,"href":"https:\/\/www.aquilaguna.com\/index.php\/wp-json\/wp\/v2\/posts\/22190\/revisions\/22191"}],"wp:attachment":[{"href":"https:\/\/www.aquilaguna.com\/index.php\/wp-json\/wp\/v2\/media?parent=22190"}],"wp:term":[{"taxonomy":"category","embeddable":true,"href":"https:\/\/www.aquilaguna.com\/index.php\/wp-json\/wp\/v2\/categories?post=22190"},{"taxonomy":"post_tag","embeddable":true,"href":"https:\/\/www.aquilaguna.com\/index.php\/wp-json\/wp\/v2\/tags?post=22190"}],"curies":[{"name":"wp","href":"https:\/\/api.w.org\/{rel}","templated":true}]}}