{"id":22226,"date":"2024-09-05T23:25:25","date_gmt":"2024-09-06T05:25:25","guid":{"rendered":"https:\/\/www.aquilaguna.com\/?p=22226"},"modified":"2024-09-05T23:25:25","modified_gmt":"2024-09-06T05:25:25","slug":"este-fin-de-semana-inicia-el-diplomado-en-historia-regional-de-la-laguna","status":"publish","type":"post","link":"https:\/\/www.aquilaguna.com\/index.php\/2024\/09\/05\/este-fin-de-semana-inicia-el-diplomado-en-historia-regional-de-la-laguna\/","title":{"rendered":"Este fin de semana inicia el Diplomado en Historia Regional de La Laguna."},"content":{"rendered":"\n<p>Torre\u00f3n, Coah., 4 de septiembre de 2024.<\/p>\n\n\n\n<p>El R. Ayuntamiento de Torre\u00f3n, a trav\u00e9s del Archivo Municipal, en coordinaci\u00f3n con la<br>Universidad Aut\u00f3noma de Coahuila (UA de C) y la Academia Nacional de Historia y<br>Geograf\u00eda Filial Coahuila, en colaboraci\u00f3n con la Universidad Aut\u00f3noma de Tamaulipas<br>(UAT), la Facultad de Econom\u00eda (FAECO) de la Universidad Aut\u00f3noma de Nuevo Le\u00f3n<br>(UANL), la Universidad Ju\u00e1rez del Estado de Durango (UJED), el Museo Nacional de las<br>Intervenciones del Instituto Nacional de Antropolog\u00eda e Historia (INAH) y el Instituto<br>Nacional de Estudios Hist\u00f3ricos de las Revoluciones de M\u00e9xico (INEHRM), iniciar\u00e1 este<br>fin de semana con la impartici\u00f3n del Diplomado en Historia Regional de La Laguna.<\/p>\n\n\n\n<p>El formato est\u00e1 dividido en cinco m\u00f3dulos: Introducci\u00f3n a la historia, Historia antigua de<br>La Laguna y g\u00e9nesis colonial, De la integraci\u00f3n territorial de Coahuila al Porfiriato,<br>Coahuila y La Laguna en tiempos contempor\u00e1neos en los siglos XX y XXI, Las mujeres en<br>la historia y Archivos, Acervos y Fuentes.<\/p>\n\n\n\n<p>El diplomado est\u00e1 dirigido a cronistas, gu\u00edas de museos, docentes de educaci\u00f3n b\u00e1sica y<br>superior, universitarios, periodistas y p\u00fablico en general. Tendr\u00e1 una duraci\u00f3n de cien horas<br>con validez oficial por parte de la UA de C. La sede oficial ser\u00e1 el Archivo Municipal de<br>Torre\u00f3n en horarios de viernes de 16:00 a 20:00 horas y s\u00e1bados de 9:00 a 13:00 horas.<br>Mayores informes en Acu\u00f1a 140 sur.<\/p>\n\n\n\n<p>Entre los expositores se contar\u00e1 con la participaci\u00f3n de destacados investigadores e<br>historiadores de distintas partes del pa\u00eds como Mario Cerutti Pignat, Octavio Herrera P\u00e9rez,<br>\u00d3scar Piza\u00f1a Grimaldo, Carlos Manuel Vald\u00e9s D\u00e1vila, Miguel Vallebueno Garcinava,<br>Lucas Mart\u00ednez S\u00e1nchez, Jos\u00e9 de la O Holgu\u00edn, Javier Ramos Salas, Jes\u00fas Armando Tovar<br>Rend\u00f3n, Felipe \u00c1vila Espinoza, Pavel Navarro Valdez, Francisco Luis Camporredondo<br>Reyes, Mar\u00eda del Rosario Varela Z\u00fa\u00f1iga, Mar\u00eda Isabel Salda\u00f1a Villarreal y Cinthia Gaspar<br>Montero.<\/p>\n\n\n\n<p>La primera sesi\u00f3n del M\u00f3dulo I: Introducci\u00f3n a la Historia, se realizar\u00e1 este pr\u00f3ximo<br>viernes 6 de septiembre de 16:00 a 20:00 horas, a cargo del Dr. Octavio Herrera P\u00e9rez,<br>quien desarrollar\u00e1 cinco puntos: \u00bfHistoria para qu\u00e9?, El tiempo hist\u00f3rico, La observaci\u00f3n<br>hist\u00f3rica, Los testimonio y El quehacer del historiador.<\/p>\n\n\n\n<p>Octavio Herrera P\u00e9rez es doctor en Historia por el Colegio de M\u00e9xico (COLMEX) y<br>director del Instituto de Investigaciones Hist\u00f3ricas de la Universidad Aut\u00f3noma de<br>Tamaulipas (UAT).<\/p>\n\n\n\n<p>Asimismo, es profesor de tiempo completo adscrito a la Facultad de Derecho y Ciencias<br>Sociales; es rector fundador del Colegio de Tamaulipas; y Acad\u00e9mico Corresponsal en<br>Tamaulipas de la Academia Mexicana de la Historia. Por otra parte, es titular del programa<\/p>\n\n\n\n<p>del Noreste del Museo de Historia Mexicana en Monterrey, Nuevo Le\u00f3n y es Miembro del<br>Sistema Nacional de Investigadores &#8211; Vitalicio.<\/p>\n\n\n\n<p>Entre sus condecoraciones destacan el Premio Nacional de Ensayo Hist\u00f3rico sobre la<br>Frontera Norte de M\u00e9xico, otorgado por el Consejo Nacional para la Cultura y las Artes en<br>1998; el Premio Internacional Mat\u00edas Romero, otorgado por la Secretar\u00eda de Relaciones<br>Exteriores en el a\u00f1o 2000 por la tesis doctoral: \u201cLa zona libre. El r\u00e9gimen de excepci\u00f3n<br>fiscal y la econom\u00eda, el comercio y la sociedad en la frontera norte de M\u00e9xico, desde su<br>conformaci\u00f3n hasta el Tratado de Libre Comercio\u201d; y el Premio Nacional Antonio Garc\u00eda<br>Cubas, otorgado por el Instituto Nacional de Antropolog\u00eda e Historia y el Consejo Nacional<br>para la Cultura y las Artes en 2008 por la obra: \u201cEl lindero que defini\u00f3 a la naci\u00f3n. La<br>frontera norte de M\u00e9xico, de la marginaci\u00f3n a la globalizaci\u00f3n\u201d.\u200b<\/p>\n\n\n\n<p>La segunda sesi\u00f3n del M\u00f3dulo I: Introducci\u00f3n a la Historia, tendr\u00e1 lugar el s\u00e1bado 7 de<br>septiembre de 9:00 a 13:00 horas, bajo la conducci\u00f3n del Dr. \u00d3scar Israel Piza\u00f1a<br>Grimaldo, quien abordar\u00e1 cuatro t\u00f3picos: Corrientes de pensamiento hist\u00f3rico, Teor\u00eda y<br>metodolog\u00eda de la historia, Formas de hacer historia y El enfoque regional de la historia.<\/p>\n\n\n\n<p>\u00d3scar Israel Piza\u00f1a Grimaldo es doctor en Ciencias Sociales por el Colegio de San Luis<br>(COLSAN), grado obtenido en 2021 por menci\u00f3n honor\u00edfica a la tesis de grado evaluada.<\/p>\n\n\n\n<p>Es maestro en Historia por la misma instituci\u00f3n y licenciado en Historia por la Universidad<br>Aut\u00f3noma de Tamaulipas. Es miembro del Sistema Nacional de Investigadores SNI-<br>CONAHCYT, nivel candidato. Es investigador del\u00a0Instituto de Investigaciones Hist\u00f3ricas<br>de la UAT, adem\u00e1s de ser catedr\u00e1tico en la licenciatura en Historia y Gesti\u00f3n del<br>Patrimonio Cultural de la Unidad Acad\u00e9mica Multidisciplinaria de Ciencias, Educaci\u00f3n y<br>Humanidades de la UAT y profesor en la carrera de Derecho de la Facultad de Derecho y<br>Ciencias Sociales Victoria.\u00a0<\/p>\n\n\n\n<p>Sus l\u00edneas de investigaci\u00f3n est\u00e1n enfocadas en la historia empresarial, en empresas y<br>empresarios nacionales y extranjeros en Tamaulipas: sus redes de operaci\u00f3n, din\u00e1mica y<br>capitales de inversi\u00f3n durante el siglo XX. Ha participado como ponente y organizador en<br>diversos congresos y coloquios nacionales e internacionales. Entre sus m\u00e1s recientes<br>publicaciones se encuentran: \u201cLa formaci\u00f3n del empresariado liban\u00e9s en Tampico durante<br>la primera mitad del siglo XX\u201d y \u201cDe buhoneros a empresarios. Din\u00e1mica comercial y<br>actividad empresarial de una familia de origen liban\u00e9s en Tampico durante el siglo XX.<br>Actualmente se encuentra desarrollando el proyecto de investigaci\u00f3n \u201cIndustria naval y<br>obras portuarias 1934-1952 como parte del programa Estancias Posdoctorales por M\u00e9xico<br>del CONAHCYT.<\/p>\n","protected":false},"excerpt":{"rendered":"<p>Torre\u00f3n, Coah., 4 de septiembre de 2024. El R. Ayuntamiento de Torre\u00f3n, a trav\u00e9s del Archivo Municipal, en coordinaci\u00f3n con laUniversidad Aut\u00f3noma de Coahuila (UA de C) y la Academia Nacional de Historia yGeograf\u00eda Filial Coahuila, en colaboraci\u00f3n con la Universidad Aut\u00f3noma de Tamaulipas(UAT), la Facultad de Econom\u00eda (FAECO) de la Universidad Aut\u00f3noma de Nuevo Le\u00f3n(UANL), la Universidad Ju\u00e1rez del Estado de Durango (UJED), el Museo Nacional de lasIntervenciones del&#8230;<\/p>\n","protected":false},"author":1,"featured_media":0,"comment_status":"closed","ping_status":"","sticky":false,"template":"","format":"standard","meta":{"footnotes":""},"categories":[5,12,28,7],"tags":[],"class_list":["post-22226","post","type-post","status-publish","format-standard","hentry","category-coahuila","category-cultura","category-la-laguna","category-torreon","wpcat-5-id","wpcat-12-id","wpcat-28-id","wpcat-7-id"],"_links":{"self":[{"href":"https:\/\/www.aquilaguna.com\/index.php\/wp-json\/wp\/v2\/posts\/22226","targetHints":{"allow":["GET"]}}],"collection":[{"href":"https:\/\/www.aquilaguna.com\/index.php\/wp-json\/wp\/v2\/posts"}],"about":[{"href":"https:\/\/www.aquilaguna.com\/index.php\/wp-json\/wp\/v2\/types\/post"}],"author":[{"embeddable":true,"href":"https:\/\/www.aquilaguna.com\/index.php\/wp-json\/wp\/v2\/users\/1"}],"replies":[{"embeddable":true,"href":"https:\/\/www.aquilaguna.com\/index.php\/wp-json\/wp\/v2\/comments?post=22226"}],"version-history":[{"count":1,"href":"https:\/\/www.aquilaguna.com\/index.php\/wp-json\/wp\/v2\/posts\/22226\/revisions"}],"predecessor-version":[{"id":22227,"href":"https:\/\/www.aquilaguna.com\/index.php\/wp-json\/wp\/v2\/posts\/22226\/revisions\/22227"}],"wp:attachment":[{"href":"https:\/\/www.aquilaguna.com\/index.php\/wp-json\/wp\/v2\/media?parent=22226"}],"wp:term":[{"taxonomy":"category","embeddable":true,"href":"https:\/\/www.aquilaguna.com\/index.php\/wp-json\/wp\/v2\/categories?post=22226"},{"taxonomy":"post_tag","embeddable":true,"href":"https:\/\/www.aquilaguna.com\/index.php\/wp-json\/wp\/v2\/tags?post=22226"}],"curies":[{"name":"wp","href":"https:\/\/api.w.org\/{rel}","templated":true}]}}