{"id":22248,"date":"2024-09-06T00:00:17","date_gmt":"2024-09-06T06:00:17","guid":{"rendered":"https:\/\/www.aquilaguna.com\/?p=22248"},"modified":"2024-09-06T00:11:52","modified_gmt":"2024-09-06T06:11:52","slug":"inicia-en-torreonintensa-campana-de-fumigacion-contra-mosquito-transmisor-del-dengue","status":"publish","type":"post","link":"https:\/\/www.aquilaguna.com\/index.php\/2024\/09\/06\/inicia-en-torreonintensa-campana-de-fumigacion-contra-mosquito-transmisor-del-dengue\/","title":{"rendered":"Inicia en Torre\u00f3n intensa campa\u00f1a de fumigaci\u00f3n contra mosquito transmisor del dengue."},"content":{"rendered":"\n<p>Torre\u00f3n, Coahuila.-\u00a0 Dio inicio esta ma\u00f1ana\u00a0 una intensa campa\u00f1a de fumigaci\u00f3n en\u00a0 la zona lagunera, \u00a0 para el combate y prevenci\u00f3n del dengue, con la entrega de\u00a0equipo especial\u00a0 y suministro de qu\u00edmicos\u00a0 y tripticos a distribuir entre la poblaci\u00f3n\u00a0 y que fue \u00a0 encabezada por el titular de la Secretar\u00eda de Salud en el Estado, en coordinaci\u00f3n con otras dependencias estatales, en esta\u00a0 masiva acci\u00f3n preventiva\u00a0 y una vez que surgen altas poblaciones del\u00a0 mosquito causante el mismo.<\/p>\n\n\n\n<p>El titular de la Secretar\u00eda dre Salubridad\u00a0 en Coahuila, Doctor Felipe Eliud Aguirre V\u00e1squez,\u00a0 destac\u00f3 en entrevista previa al\u00a0 acto, celebrado en la explanada norte del Edificio Coahuila que la presencia del dengue en esta zona de Coahuila,  &#8220;m\u00e1s que una una\u00a0 alarma es un alerta epidemiol\u00f3gica\u00a0 que obligan a su vigilancia para que no crezca y es lo que estamos haciendo,\u00a0 previniendo tal situaci\u00f3n&#8221;.<\/p>\n\n\n\n<p>Inform\u00f3\u00a0 luego que el Gobernador Manolo Jim\u00e9nez Salinas\u00a0 invirti\u00f3 18 millones de pesos en la adquisici\u00f3n del equipo\u00a0 en 24 termo-nebulizadoras y 32 moto-mochilas destinadas\u00a0 para fumigaci\u00f3n m\u00e1s todos los insumos\u00a0 necesarios de\u00a0 herbicidas, insecticidas, abate, etc.<\/p>\n\n\n\n<p>&#8220;La idea, es reforzar\u00a0 el combate del mosco en la zona lagunera\u00a0 y despu\u00e9s, pasar a donde se presente\u00a0 alg\u00fan tipo de contingencia\u00a0 por alg\u00fan brote&#8221;.<\/p>\n\n\n\n<p>&#8220;Aqui puede ser\u00a0 de una dos semanas,\u00a0 en darle un barrido, adem\u00e1s se hizo una contrataci\u00f3n de 35 personas m\u00e1s, de vectores para poder reforzar las acciones dentro de las Jurisdicciones Sanitaria N\u00famero 6 y 7 que se suman a los ya existentes&#8221;.\u00a0<\/p>\n\n\n\n<p>Estamos hablando, afirm\u00f3, &#8220;los\u00a0 vectores dedicados exclusivamente en coordinaci\u00f3n con el Programa de Mejora, con personal del municipio que mucho apoyan&#8221;.<\/p>\n\n\n\n<p>En cuanto a la\u00a0 incidencia o presencia de los moscos, trasmisores de la peligrosa enfermedad, dijo, &#8220;no es la que se comenta&#8221;,\u00a0 citando que se habla de 900 casos aproximadamente, &#8220;en todo el Estado, pero\u00a0 son  acumulados, eso es lo que no se menciona\u00a0 en todo el a\u00f1o&#8221;.<\/p>\n\n\n\n<p>En cuanto a\u00a0 defunciones,\u00a0 inform\u00f3 que, &#8220;se tienen solo dos reportadas, si bien en la comarca lagunera, no hemos tenido ninguna, pero si es muy importante conocer las cifras exactas que tenemos de casos positivos&#8221;.<\/p>\n\n\n\n<p>&#8220;La semana anterior&#8221;, dijo haber conocido\u00a0que, &#8220;hab\u00eda\u00a0 158 \u00f3\u00a0 189 casos positivos, pero cada caso positivo tiene una duraci\u00f3n de 10 a 14 d\u00edas\u00a0 y a los 10 ya salen de la enfermedad&#8221;.<\/p>\n\n\n\n<p>&#8220;Lo que nosotros queremos hacer es hablar de los casos activos realmente, que son aproximadamente como 12 aqu\u00ed en la Laguna, nada m\u00e1s y en todo el Estado como 76&#8221;.\u00a0<\/p>\n\n\n\n<p>&#8220;Hay que hacer muy bien la aclaraci\u00f3n&#8221;, dijo, &#8220;pues\u00a0 los casos no son acumulados&#8221;.<\/p>\n\n\n\n<p>Indic\u00f3 que estas acciones preventivas requieren el apoyo y participaci\u00f3n de toda la poblaci\u00f3n, en materia de limpieza en sus hogares, la descacharrizaci\u00f3n de patios y azoteas.<\/p>\n\n\n\n<p>&#8220;Necesitamos que la poblaci\u00f3n ayude\u00a0 y que no aumente la infestaci\u00f3n&#8221;.<\/p>\n\n\n\n<p>&#8220;Estamos en una \u00e9poca de lluvia, hay un aumento\u00a0 alto del \u00edndice de casos\u00a0 por lo encharcamientos, charcos, por la acumulaci\u00f3n de aguas\u00a0 que\u00a0 forman criaderos de larvas de donde salen los mosquitos&#8221;.<\/p>\n\n\n\n<p>Neg\u00f3\u00a0 que, &#8220;lo peor est\u00e9 por venir pues se esta previniendo tal situaci\u00f3n,\u00a0 estamos visitando casa por casa\u00a0 entregando abate para sus tinacos, limpiando patios\u00a0 y aplicando fumigaciones, nebulizaciones, am\u00e9n de recomendar a la poblaci\u00f3n, de utilizar prendas de vestir\u00a0 que cuenten con mangas largas&#8221;.<\/p>\n","protected":false},"excerpt":{"rendered":"<p>Torre\u00f3n, Coahuila.-\u00a0 Dio inicio esta ma\u00f1ana\u00a0 una intensa campa\u00f1a de fumigaci\u00f3n en\u00a0 la zona lagunera, \u00a0 para el combate y prevenci\u00f3n del dengue, con la entrega de\u00a0equipo especial\u00a0 y suministro de qu\u00edmicos\u00a0 y tripticos a distribuir entre la poblaci\u00f3n\u00a0 y que fue \u00a0 encabezada por el titular de la Secretar\u00eda de Salud en el Estado, en coordinaci\u00f3n con otras dependencias estatales, en esta\u00a0 masiva acci\u00f3n preventiva\u00a0 y una vez que&#8230;<\/p>\n","protected":false},"author":2,"featured_media":0,"comment_status":"closed","ping_status":"","sticky":false,"template":"","format":"standard","meta":{"footnotes":""},"categories":[5,15,28,14,7],"tags":[],"class_list":["post-22248","post","type-post","status-publish","format-standard","hentry","category-coahuila","category-gobierno-de-coahuila","category-la-laguna","category-salud","category-torreon","wpcat-5-id","wpcat-15-id","wpcat-28-id","wpcat-14-id","wpcat-7-id"],"_links":{"self":[{"href":"https:\/\/www.aquilaguna.com\/index.php\/wp-json\/wp\/v2\/posts\/22248","targetHints":{"allow":["GET"]}}],"collection":[{"href":"https:\/\/www.aquilaguna.com\/index.php\/wp-json\/wp\/v2\/posts"}],"about":[{"href":"https:\/\/www.aquilaguna.com\/index.php\/wp-json\/wp\/v2\/types\/post"}],"author":[{"embeddable":true,"href":"https:\/\/www.aquilaguna.com\/index.php\/wp-json\/wp\/v2\/users\/2"}],"replies":[{"embeddable":true,"href":"https:\/\/www.aquilaguna.com\/index.php\/wp-json\/wp\/v2\/comments?post=22248"}],"version-history":[{"count":2,"href":"https:\/\/www.aquilaguna.com\/index.php\/wp-json\/wp\/v2\/posts\/22248\/revisions"}],"predecessor-version":[{"id":22252,"href":"https:\/\/www.aquilaguna.com\/index.php\/wp-json\/wp\/v2\/posts\/22248\/revisions\/22252"}],"wp:attachment":[{"href":"https:\/\/www.aquilaguna.com\/index.php\/wp-json\/wp\/v2\/media?parent=22248"}],"wp:term":[{"taxonomy":"category","embeddable":true,"href":"https:\/\/www.aquilaguna.com\/index.php\/wp-json\/wp\/v2\/categories?post=22248"},{"taxonomy":"post_tag","embeddable":true,"href":"https:\/\/www.aquilaguna.com\/index.php\/wp-json\/wp\/v2\/tags?post=22248"}],"curies":[{"name":"wp","href":"https:\/\/api.w.org\/{rel}","templated":true}]}}