{"id":22336,"date":"2024-09-10T20:21:53","date_gmt":"2024-09-11T02:21:53","guid":{"rendered":"https:\/\/www.aquilaguna.com\/?p=22336"},"modified":"2024-09-10T20:21:53","modified_gmt":"2024-09-11T02:21:53","slug":"vamos-a-trabajar-en-equipo-con-las-proximas-alcaldesas-y-alcaldes-de-coahuila-manolo","status":"publish","type":"post","link":"https:\/\/www.aquilaguna.com\/index.php\/2024\/09\/10\/vamos-a-trabajar-en-equipo-con-las-proximas-alcaldesas-y-alcaldes-de-coahuila-manolo\/","title":{"rendered":"VAMOS A TRABAJAR EN EQUIPO CON\u00a0\u00a0LAS PR\u00d3XIMAS ALCALDESAS Y ALCALDES DE COAHUILA: MANOLO."},"content":{"rendered":"\n<p>\u00b7&nbsp;&nbsp;&nbsp;&nbsp;&nbsp;&nbsp;<strong><em>Complementaremos los proyectos, obras y programas para potencializar sus resultados<\/em><\/strong><\/p>\n\n\n\n<p>Saltillo, Coahuila de Zaragoza; a 10 de septiembre de 2024.- El gobernador Manolo Jim\u00e9nez Salinas se reuni\u00f3 con alcaldesas y alcaldes electos de la regi\u00f3n Sureste, y de la regi\u00f3n Centro, a quienes les reiter\u00f3 su total respaldo para el arranque de sus respectivas administraciones municipales y durante todo su periodo.&nbsp;<\/p>\n\n\n\n<p>En esta reuni\u00f3n estuvieron presentes, adem\u00e1s, titulares de diversas \u00e1reas y dependencias del Gobierno Estatal.<\/p>\n\n\n\n<p>\u201cEstas reuniones son con el objetivo de ir empatando los proyectos entre el estado y sus municipios para eficientar los recursos, los esfuerzos y complementar las acciones que tienen contempladas en sus primeros meses, y los m\u00e1s importante, ir cumpli\u00e9ndole a la gente\u201d, manifest\u00f3.<\/p>\n\n\n\n<p>Agreg\u00f3 que las obras, programas y proyectos que detonar\u00e1n en sus respectivas comunidades los alcaldes y alcaldesas de estas regiones, son prioritarios y tienen que ver con el sentir de sus habitantes.<\/p>\n\n\n\n<p>Manolo Jim\u00e9nez escuch\u00f3 los proyectos de cada una de las alcaldesas y los alcaldes electos y les pidi\u00f3 trabajar en equipo para potencializar los beneficios; de igual manera, pidi\u00f3 a sus secretarios trabajar de manera cercana y coordinada con los municipios para seguir mejorando la calidad de vida de los habitantes de todas las regiones de Coahuila.<\/p>\n\n\n\n<p>El Mandatario estatal inform\u00f3 las acciones que se han llevado a cabo desde que inici\u00f3 la administraci\u00f3n estatal en temas de seguridad, desarrollo econ\u00f3mico, Pro Coahuila, la estrategia Sorpr\u00e9ndete con Coahuila, Mejora Coahuila, las grandes obras de infraestructura, el gran programa de obras de agua, el gran programa de salud popular, DIF Coahuila e Inspira Coahuila.<\/p>\n\n\n\n<p>\u201cLes pido trabajar en equipo y en una misma ruta para llevar a sus municipios, a sus regiones y a Coahuila al siguiente nivel\u201d, expres\u00f3 el gobernador Manolo Jim\u00e9nez.&nbsp;<\/p>\n\n\n\n<p>En esta mesa de trabajo, las alcaldesas y los alcaldes electos expusieron al gobernador los proyectos prioritarios que tienen planeado detonar al inicio de su gesti\u00f3n y durante todo su periodo, para coordinarse con el Gobierno del Estado y potencializar los resultados y los beneficios.<\/p>\n\n\n\n<p>Las alcaldesas y alcaldes electos de la regi\u00f3n Sureste que asistieron a la reuni\u00f3n fueron, Ana Karen S\u00e1nchez Flores, de Arteaga; Mayra Ver\u00f3nica Ramos de Zamora, de General Cepeda; Fernando Orozco Lara, de Parras de la Fuente; Tom\u00e1s Guti\u00e9rrez Merino, de Ramos Arizpe; y Javier D\u00edaz Gonz\u00e1lez, de Saltillo.<\/p>\n\n\n\n<p>Y de la regi\u00f3n Centro acudieron&nbsp;&nbsp;Yolanda Garc\u00eda Valdez, de Abasolo; Fernando Ju\u00e1rez Santos, de Candela; Yesica Isabel Sifuentes Zamora, de Casta\u00f1os; Daniela Elizabeth Dur\u00e1n Soto, de Escobedo; Sara Irma P\u00e9rez Cant\u00fa, de Frontera; y Carlos Villarreal P\u00e9rez, de Monclova.<\/p>\n\n\n\n<p>Por parte del Gobierno del Estado, \u00d3scar Pimentel Gonz\u00e1lez, secretario de Gobierno; Blas Flores Gonz\u00e1lez, jefe de Gabinete y Proyectos Estrat\u00e9gicos; Jos\u00e9 Antonio Guti\u00e9rrez Rodr\u00edguez, secretario de Finanzas; Federico Fern\u00e1ndez Monta\u00f1ez, secretario de Seguridad; Enrique Mart\u00ednez y Morales, secretario de Inclusi\u00f3n y Desarrollo Social; Miguel \u00c1ngel Algara Acosta, secretario de Infraestructura, Desarrollo Urbano y Movilidad; Diego Rodr\u00edguez Canales, subsecretario general de gobierno y Comunicaci\u00f3n Social; Gabriel Elizondo P\u00e9rez, coordinador general de Mejora Coahuila; Elsa Laura de Le\u00f3n D\u00e1vila, secretaria T\u00e9cnica; Ricardo Gonz\u00e1lez Hern\u00e1ndez, jefe de la Oficina del Ejecutivo; Ignacio Adolfo Covarrubias Cabello, subsecretario de Infraestructura Social; Francisco Saracho Navarro, subsecretario general de Gobierno en la regi\u00f3n Sureste; Sergio Sisbeles Alvarado, subsecretario general de Gobierno en la regi\u00f3n Centro-Desierto.<\/p>\n","protected":false},"excerpt":{"rendered":"<p>\u00b7&nbsp;&nbsp;&nbsp;&nbsp;&nbsp;&nbsp;Complementaremos los proyectos, obras y programas para potencializar sus resultados Saltillo, Coahuila de Zaragoza; a 10 de septiembre de 2024.- El gobernador Manolo Jim\u00e9nez Salinas se reuni\u00f3 con alcaldesas y alcaldes electos de la regi\u00f3n Sureste, y de la regi\u00f3n Centro, a quienes les reiter\u00f3 su total respaldo para el arranque de sus respectivas administraciones municipales y durante todo su periodo.&nbsp; En esta reuni\u00f3n estuvieron presentes, adem\u00e1s, titulares de diversas&#8230;<\/p>\n","protected":false},"author":1,"featured_media":22337,"comment_status":"closed","ping_status":"","sticky":false,"template":"","format":"standard","meta":{"footnotes":""},"categories":[5,15],"tags":[],"class_list":["post-22336","post","type-post","status-publish","format-standard","has-post-thumbnail","hentry","category-coahuila","category-gobierno-de-coahuila","wpcat-5-id","wpcat-15-id"],"_links":{"self":[{"href":"https:\/\/www.aquilaguna.com\/index.php\/wp-json\/wp\/v2\/posts\/22336","targetHints":{"allow":["GET"]}}],"collection":[{"href":"https:\/\/www.aquilaguna.com\/index.php\/wp-json\/wp\/v2\/posts"}],"about":[{"href":"https:\/\/www.aquilaguna.com\/index.php\/wp-json\/wp\/v2\/types\/post"}],"author":[{"embeddable":true,"href":"https:\/\/www.aquilaguna.com\/index.php\/wp-json\/wp\/v2\/users\/1"}],"replies":[{"embeddable":true,"href":"https:\/\/www.aquilaguna.com\/index.php\/wp-json\/wp\/v2\/comments?post=22336"}],"version-history":[{"count":1,"href":"https:\/\/www.aquilaguna.com\/index.php\/wp-json\/wp\/v2\/posts\/22336\/revisions"}],"predecessor-version":[{"id":22338,"href":"https:\/\/www.aquilaguna.com\/index.php\/wp-json\/wp\/v2\/posts\/22336\/revisions\/22338"}],"wp:featuredmedia":[{"embeddable":true,"href":"https:\/\/www.aquilaguna.com\/index.php\/wp-json\/wp\/v2\/media\/22337"}],"wp:attachment":[{"href":"https:\/\/www.aquilaguna.com\/index.php\/wp-json\/wp\/v2\/media?parent=22336"}],"wp:term":[{"taxonomy":"category","embeddable":true,"href":"https:\/\/www.aquilaguna.com\/index.php\/wp-json\/wp\/v2\/categories?post=22336"},{"taxonomy":"post_tag","embeddable":true,"href":"https:\/\/www.aquilaguna.com\/index.php\/wp-json\/wp\/v2\/tags?post=22336"}],"curies":[{"name":"wp","href":"https:\/\/api.w.org\/{rel}","templated":true}]}}