{"id":22379,"date":"2024-09-13T20:31:12","date_gmt":"2024-09-14T02:31:12","guid":{"rendered":"https:\/\/www.aquilaguna.com\/?p=22379"},"modified":"2024-09-13T20:31:12","modified_gmt":"2024-09-14T02:31:12","slug":"roman-alberto-cepeda-gonzalez-preside-ceremonia-conmemorativa-del-177-aniversario-de-la-gesta-heroica-de-los-ninos-heroes-de-chapultepec","status":"publish","type":"post","link":"https:\/\/www.aquilaguna.com\/index.php\/2024\/09\/13\/roman-alberto-cepeda-gonzalez-preside-ceremonia-conmemorativa-del-177-aniversario-de-la-gesta-heroica-de-los-ninos-heroes-de-chapultepec\/","title":{"rendered":"Rom\u00e1n Alberto Cepeda Gonz\u00e1lez preside ceremonia conmemorativa del 177 Aniversario de la Gesta Heroica de los Ni\u00f1os H\u00e9roes de Chapultepec."},"content":{"rendered":"\n<p>Torre\u00f3n, Coahuila. A 13 de septiembre de 2024.<\/p>\n\n\n\n<p>El alcalde Rom\u00e1n Alberto Cepeda Gonz\u00e1lez presidi\u00f3 esta ma\u00f1ana la ceremonia<br>conmemorativa del 177 Aniversario de la Gesta Heroica de los Ni\u00f1os H\u00e9roes de<br>Chapultepec, acompa\u00f1ado por autoridades civiles y militares.<\/p>\n\n\n\n<p>Evento que se enmarca en las celebraciones del mes patrio y el 117 aniversario<br>de Torre\u00f3n como ciudad.<\/p>\n\n\n\n<p>El acto c\u00edvico fue realizado a las 09:00 horas en el monumento a los Ni\u00f1os<br>H\u00e9roes, ubicado en la Plaza de la Tortuga de Torre\u00f3n.<\/p>\n\n\n\n<p>El alcalde Rom\u00e1n Alberto Cepeda Gonz\u00e1lez, junto con el General Brigadier<br>Diplomado de Estado Mayor, Enrique Garc\u00eda Jaramillo, jefe del Estado Mayor de<br>la XI regi\u00f3n militar, y las autoridades militares, civiles, del Gobierno estatal y<br>municipal, colocaron una ofrenda floral y montaron guardia de honor.<\/p>\n\n\n\n<p>La ceremonia dio inicio con los honores al General Brigadier Diplomado de Estado<br>Mayor, Enrique Garc\u00eda Jaramillo, jefe del Estado Mayor de la XI regi\u00f3n militar.<\/p>\n\n\n\n<p>Para continuar y de acuerdo con el reglamento del ceremonial militar se procedi\u00f3<br>con los honores a la bandera de M\u00e9xico.<\/p>\n\n\n\n<p>El jefe del Estado mayor de la XI regi\u00f3n militar, realiz\u00f3 el pase de lista de honor a<br>los h\u00e9roes nacionales que nos dieron patria y libertad ante las invasiones de 1847<br>y 1914.<\/p>\n\n\n\n<p>Posteriormente, el General Brigadier Diplomado de Estado Mayor, Said Gerardo<br>Gonz\u00e1lez Pe\u00f1a, subjefe operativo de la d\u00e9cimo primera regi\u00f3n militar, pronunci\u00f3<br>las palabras alusivas al acto:<\/p>\n\n\n\n<p>\u201cHoy estamos reunidos en este altar a la patria donde el recuerdo de un<br>acontecimiento hist\u00f3rico nos enorgullece como mexicanos, el monumento que<br>honra la memoria de los Ni\u00f1os H\u00e9roes de Chapultepec.<\/p>\n\n\n\n<p>La conmemoraci\u00f3n de la batalla de Chapultepec del 13 de septiembre de 1847,<br>tiene su origen en la memoria del pueblo de M\u00e9xico, al recordar que los cadetes<br>del Colegio Militar dieron muestra de valent\u00eda, integridad y la entrada a la patria, al<br>ofrendar su vida para defenderla en esta inolvidable gesta.<\/p>\n\n\n\n<p>Sobresalieron por su entrega al pa\u00eds: Vicente Su\u00e1rez, Agust\u00edn Melgar, Juan<br>Escutia, Francisco M\u00e1rquez, Fernando Montes de Oca y Juan de la Barrera,<br>quienes no obstante al ser a unos ni\u00f1os, se aferraron con arrojo y valor como<br>verdaderos hombres defendiendo sus ideales, haza\u00f1a que contin\u00faa hasta<br>nuestros d\u00edas inspirando a la juventud de nuestro pa\u00eds&#8221;, expres\u00f3.<\/p>\n\n\n\n<p>Acto seguido, alumnos de quinto a\u00f1o de la escuela primaria Ni\u00f1os H\u00e9roes de<br>Chapultepec, declamaron la poes\u00eda alusiva al acto c\u00edvico.<\/p>\n\n\n\n<p>Para dar realce a la ceremonia conmemorativa del 177 Aniversario de esta Gesta<br>Heroica, una secci\u00f3n de fusileros del Centro de Adiestramiento de Combate<br>Individual Regional, de la XI regi\u00f3n militar, ejecutaron una salva de fusiler\u00eda para<br>honrar la memoria de los Ni\u00f1os H\u00e9roes de Chapultepec.<\/p>\n\n\n\n<p>Siguiendo con el evento fue entonado el himno del Heroico Colegio Militar.<br>La ceremonia concluy\u00f3 con la respetuosa entonaci\u00f3n del Himno Nacional<br>Mexicano.<\/p>\n\n\n\n<p>Acudieron tambi\u00e9n al acto c\u00edvico, en representaci\u00f3n del Gobernador del Estado,<br>Manolo Jim\u00e9nez, Oscar Pimentel Gonz\u00e1lez, secretario de Gobierno del Estado de<br>Coahuila; Gerardo Aguado, diputado del Congreso del Estado de Coahuila;<br>General de Brigada Diplomado de Estado Mayor, Jos\u00e9 Luis Serrano Ram\u00edrez,<br>comandante de la XI brigada de Polic\u00eda Militar y coordinador estatal de la Guardia<br>Nacional en el Estado de Coahuila; y el General Pedro Alberto Hern\u00e1ndez<br>Gallardo, comandante del Mando Especial.<\/p>\n\n\n\n<p>Adem\u00e1s de Natalia Fern\u00e1ndez Mart\u00ednez, secretaria del Ayuntamiento; Gerardo<br>M\u00e1rquez Guevara, Fiscal General del Estado de Coahuila; David Ruiz Mej\u00eda,<br>presidente municipal de San Pedro de las colonias.<\/p>\n","protected":false},"excerpt":{"rendered":"<p>Torre\u00f3n, Coahuila. A 13 de septiembre de 2024. El alcalde Rom\u00e1n Alberto Cepeda Gonz\u00e1lez presidi\u00f3 esta ma\u00f1ana la ceremoniaconmemorativa del 177 Aniversario de la Gesta Heroica de los Ni\u00f1os H\u00e9roes deChapultepec, acompa\u00f1ado por autoridades civiles y militares. Evento que se enmarca en las celebraciones del mes patrio y el 117 aniversariode Torre\u00f3n como ciudad. El acto c\u00edvico fue realizado a las 09:00 horas en el monumento a los Ni\u00f1osH\u00e9roes, ubicado&#8230;<\/p>\n","protected":false},"author":1,"featured_media":22380,"comment_status":"closed","ping_status":"","sticky":false,"template":"","format":"standard","meta":{"footnotes":""},"categories":[5,28,7],"tags":[],"class_list":["post-22379","post","type-post","status-publish","format-standard","has-post-thumbnail","hentry","category-coahuila","category-la-laguna","category-torreon","wpcat-5-id","wpcat-28-id","wpcat-7-id"],"_links":{"self":[{"href":"https:\/\/www.aquilaguna.com\/index.php\/wp-json\/wp\/v2\/posts\/22379","targetHints":{"allow":["GET"]}}],"collection":[{"href":"https:\/\/www.aquilaguna.com\/index.php\/wp-json\/wp\/v2\/posts"}],"about":[{"href":"https:\/\/www.aquilaguna.com\/index.php\/wp-json\/wp\/v2\/types\/post"}],"author":[{"embeddable":true,"href":"https:\/\/www.aquilaguna.com\/index.php\/wp-json\/wp\/v2\/users\/1"}],"replies":[{"embeddable":true,"href":"https:\/\/www.aquilaguna.com\/index.php\/wp-json\/wp\/v2\/comments?post=22379"}],"version-history":[{"count":1,"href":"https:\/\/www.aquilaguna.com\/index.php\/wp-json\/wp\/v2\/posts\/22379\/revisions"}],"predecessor-version":[{"id":22381,"href":"https:\/\/www.aquilaguna.com\/index.php\/wp-json\/wp\/v2\/posts\/22379\/revisions\/22381"}],"wp:featuredmedia":[{"embeddable":true,"href":"https:\/\/www.aquilaguna.com\/index.php\/wp-json\/wp\/v2\/media\/22380"}],"wp:attachment":[{"href":"https:\/\/www.aquilaguna.com\/index.php\/wp-json\/wp\/v2\/media?parent=22379"}],"wp:term":[{"taxonomy":"category","embeddable":true,"href":"https:\/\/www.aquilaguna.com\/index.php\/wp-json\/wp\/v2\/categories?post=22379"},{"taxonomy":"post_tag","embeddable":true,"href":"https:\/\/www.aquilaguna.com\/index.php\/wp-json\/wp\/v2\/tags?post=22379"}],"curies":[{"name":"wp","href":"https:\/\/api.w.org\/{rel}","templated":true}]}}