{"id":22418,"date":"2024-09-17T17:46:04","date_gmt":"2024-09-17T23:46:04","guid":{"rendered":"https:\/\/www.aquilaguna.com\/?p=22418"},"modified":"2024-09-17T17:46:04","modified_gmt":"2024-09-17T23:46:04","slug":"invita-unidad-torreon-de-la-uadec-a-participar-en-el-octavo-foro-universitario-de-sustentabilidad","status":"publish","type":"post","link":"https:\/\/www.aquilaguna.com\/index.php\/2024\/09\/17\/invita-unidad-torreon-de-la-uadec-a-participar-en-el-octavo-foro-universitario-de-sustentabilidad\/","title":{"rendered":"Invita Unidad Torre\u00f3n de la UAdeC a Participar en el Octavo Foro Universitario de Sustentabilidad."},"content":{"rendered":"\n<p>TORRE\u00d3N, Coahuila. 17 de septiembre de 2024. La Universidad Aut\u00f3noma de Coahuila a trav\u00e9s de<br>la Facultad de Administraci\u00f3n Fiscal y Financiera (FAFF), la Red Acad\u00e9mica de Innovaci\u00f3n en<br>Alimentos y Agricultura Sustentable (RAIAAS) y el Consejo Estatal de Ciencia y Tecnolog\u00eda de<br>Coahuila (COECYT), present\u00f3 el Octavo Foro Universitario de Sustentabilidad, que se llevar\u00e1 a cabo<br>el pr\u00f3ximo 20 de septiembre en el Centro Cultural \u201cBraulio Fern\u00e1ndez Aguirre\u201d de Ciudad<br>Universitaria de Torre\u00f3n.<\/p>\n\n\n\n<p>En conferencia de prensa realizada en el Sal\u00f3n de Usos M\u00faltiples de la Coordinaci\u00f3n Unidad Torre\u00f3n<br>(CUT), asistieron la secretaria t\u00e9cnica de la CUT, Brenda \u00c1lvarez Tostado; la directora de la FAFF,<br>Cristina Ordaz Mota; el coordinador de la Red Acad\u00e9mica RAIAAS, Alejandro Moreno Res\u00e9ndez; el<br>coordinador del COECYT, Avelino Hern\u00e1ndez Corichi; as\u00ed como los investigadores, Lilibet Mendoza<br>Wong y Andr\u00e9s N\u00fa\u00f1ez Renter\u00eda.<\/p>\n\n\n\n<p>Quienes compartieron que el Octavo Foro Universitario de Sustentabilidad, est\u00e1 dirigido a<br>comunidades estudiantiles, acad\u00e9micas y de investigaci\u00f3n de universidades e institutos educativos<br>interesados en la tem\u00e1tica, que se llevar\u00e1 a cabo el pr\u00f3ximo viernes 20 de septiembre en modalidad<br>h\u00edbrida en el Centro Cultural y a trav\u00e9s de la plataforma Microsoft Teams.<\/p>\n\n\n\n<p>El coordinador de la RAIAAS, Alejandro Moreno Res\u00e9ndez, dijo que la finalidad de este Foro es<br>compartir conocimientos y experiencias enfocados a la optimizaci\u00f3n de los recursos y en c\u00f3mo<br>hacerlos sustentables, por lo que este foro va a tener interacci\u00f3n con representantes de las<br>empresas socialmente responsables, ya que en ocasiones anteriores hab\u00edan participado s\u00f3lo<br>investigadores, y ahora se extiende al sector privado.<\/p>\n\n\n\n<p>La directora de la FAFF, Cristina Ordaz Mota, mencion\u00f3 que una parte fundamental del VIII Foro<br>Universitario de Sustentabilidad es motivar a los estudiantes a que conozcan acerca de estos temas<br>porque los conocimientos se globalizan \u201cy aunque a veces pareciera que en el \u00e1rea fiscal y financiera<br>no va el \u00e1rea sustentable, esta est\u00e1 en todo, es un conjunto, por ello les invitamos este 20 de<br>septiembre a que nos acompa\u00f1en\u201d, apunt\u00f3.<\/p>\n\n\n\n<p>Por su parte, la investigadora Lilibet Mendoza destac\u00f3 que el Octavo Foro incluir\u00e1 una serie de<br>conferencias magistrales, entre ellas, &#8220;Aprovechamiento de residuos org\u00e1nicos&#8221;, impartida por la Dra.<br>Mercedes Georgina Ram\u00edrez Arag\u00f3n del Instituto Tecnol\u00f3gico Superior de Lerdo; &#8220;La sustentabilidad<br>en las empresas socialmente<\/p>\n","protected":false},"excerpt":{"rendered":"<p>TORRE\u00d3N, Coahuila. 17 de septiembre de 2024. La Universidad Aut\u00f3noma de Coahuila a trav\u00e9s dela Facultad de Administraci\u00f3n Fiscal y Financiera (FAFF), la Red Acad\u00e9mica de Innovaci\u00f3n enAlimentos y Agricultura Sustentable (RAIAAS) y el Consejo Estatal de Ciencia y Tecnolog\u00eda deCoahuila (COECYT), present\u00f3 el Octavo Foro Universitario de Sustentabilidad, que se llevar\u00e1 a caboel pr\u00f3ximo 20 de septiembre en el Centro Cultural \u201cBraulio Fern\u00e1ndez Aguirre\u201d de CiudadUniversitaria de Torre\u00f3n. En&#8230;<\/p>\n","protected":false},"author":1,"featured_media":22419,"comment_status":"closed","ping_status":"","sticky":false,"template":"","format":"standard","meta":{"footnotes":""},"categories":[7,2],"tags":[],"class_list":["post-22418","post","type-post","status-publish","format-standard","has-post-thumbnail","hentry","category-torreon","category-uadec","wpcat-7-id","wpcat-2-id"],"_links":{"self":[{"href":"https:\/\/www.aquilaguna.com\/index.php\/wp-json\/wp\/v2\/posts\/22418","targetHints":{"allow":["GET"]}}],"collection":[{"href":"https:\/\/www.aquilaguna.com\/index.php\/wp-json\/wp\/v2\/posts"}],"about":[{"href":"https:\/\/www.aquilaguna.com\/index.php\/wp-json\/wp\/v2\/types\/post"}],"author":[{"embeddable":true,"href":"https:\/\/www.aquilaguna.com\/index.php\/wp-json\/wp\/v2\/users\/1"}],"replies":[{"embeddable":true,"href":"https:\/\/www.aquilaguna.com\/index.php\/wp-json\/wp\/v2\/comments?post=22418"}],"version-history":[{"count":1,"href":"https:\/\/www.aquilaguna.com\/index.php\/wp-json\/wp\/v2\/posts\/22418\/revisions"}],"predecessor-version":[{"id":22420,"href":"https:\/\/www.aquilaguna.com\/index.php\/wp-json\/wp\/v2\/posts\/22418\/revisions\/22420"}],"wp:featuredmedia":[{"embeddable":true,"href":"https:\/\/www.aquilaguna.com\/index.php\/wp-json\/wp\/v2\/media\/22419"}],"wp:attachment":[{"href":"https:\/\/www.aquilaguna.com\/index.php\/wp-json\/wp\/v2\/media?parent=22418"}],"wp:term":[{"taxonomy":"category","embeddable":true,"href":"https:\/\/www.aquilaguna.com\/index.php\/wp-json\/wp\/v2\/categories?post=22418"},{"taxonomy":"post_tag","embeddable":true,"href":"https:\/\/www.aquilaguna.com\/index.php\/wp-json\/wp\/v2\/tags?post=22418"}],"curies":[{"name":"wp","href":"https:\/\/api.w.org\/{rel}","templated":true}]}}