{"id":22431,"date":"2024-09-17T19:11:11","date_gmt":"2024-09-18T01:11:11","guid":{"rendered":"https:\/\/www.aquilaguna.com\/?p=22431"},"modified":"2024-09-17T19:11:11","modified_gmt":"2024-09-18T01:11:11","slug":"afirma-alcalde-que-faltan-obras-emblematicas-para-torreon","status":"publish","type":"post","link":"https:\/\/www.aquilaguna.com\/index.php\/2024\/09\/17\/afirma-alcalde-que-faltan-obras-emblematicas-para-torreon\/","title":{"rendered":"Afirma alcalde que faltan obras emblem\u00e1ticas para Torre\u00f3n."},"content":{"rendered":"\n<p>Torre\u00f3n, Coahuila.- Reconoce el alcalde Rom\u00e1n Alberto Cepeda, \u00a0 a solo unos meses de concluir \u00a0 el periodo para el cual fuera elegido, y de cara a iniciar el segundo, al alcanzar la reelecci\u00f3n en su cargo que, &#8220;faltan obras emblem\u00e1ticas para Torre\u00f3n\u00a0 y considero que son de gran relevancia&#8221;, sin bien admite que\u00a0 cual asignatura pendiente, &#8220;lo constituye el tema de\u00a0 bacheo y recarpeteo&#8221;, que sumar\u00eda con un gran programa\u00a0 en su siguiente administraci\u00f3n&#8221;.<\/p>\n\n\n\n<p>Enseguida enlist\u00f3\u00a0 las obras que realizadas\u00a0 en esta su gesti\u00f3n por concluir, en las que figuran;\u00a0 la conclusi\u00f3n del Sistema\u00a0 Vial 4 Caminos, &#8220;pero estamos en noviembre\u00a0 \u00a0 por entregar el Giro Independencia,\u00a0 entregamos tambi\u00e9n el edificio emblem\u00e1tico que va a ser el \u00fanico en el pa\u00eds con los esquemas y temas que incluyen los temas de Van Gogh y Mandela, entre otros, el Tribunal de Justicia Municipal, que se entrega antes de que concluya el a\u00f1o, el Centro de Integraci\u00f3n Infantil,\u00a0 que\u00a0 no es solo una Casa Cuna\u00a0 a entregar\u00a0 antes de que concluya\u00a0 esta administraci\u00f3n&#8221;.<\/p>\n\n\n\n<p>&#8220;Igualmente, cerramos con 53 techumbres, las cuales son obras hist\u00f3ricas, cerramos tambi\u00e9n un Programa de recarpeteo y bacheo en donde sin duda, ser\u00e1 el gran pendiente que tendremos para iniciar la siguiente administraci\u00f3n, que estamos arreglando&#8221;, insisti\u00f3, &#8220;en temas hist\u00f3ricos, que no son propios, que se hayan construido en este momento&#8221;, justific\u00f3.<\/p>\n\n\n\n<p>Se lastimaron, dijo luego,\u00a0 &#8220;por las lluvias, pero seguiremos trabajando, hay muchas m\u00e1s obras en temas de infraestructura educativa, de obra p\u00fablica, el Proyecto Matamoros.\u00a0 Las cuales yo destacar\u00eda por sus montos,\u00a0 porque son emblem\u00e1ticas para Torre\u00f3n&#8221;.\u00a0<\/p>\n\n\n\n<p>Dijo \u00a0 desconocer el monto total que involucra su programa de obra p\u00fablica en el per\u00edodo\u00a0 de gobierno presente, &#8220;pues  no traigo el dato, pero es un monto importante, que supera los 1,500 millones de pesos&#8221;.<\/p>\n\n\n\n<p>Lo que s\u00ed te digo, afirm\u00f3, &#8220;es que a lo que nos comprometimos se cumpli\u00f3, se est\u00e1 cumpliendo, rebasamos\u00a0 incluso la meta, pero nos quedamos con varios pendientes tambi\u00e9n como es la pavimentaci\u00f3n de Torre\u00f3n.<\/p>\n\n\n\n<p>&#8220;Hay otra obra que tiene que ver con la semaforizaci\u00f3n inteligente y otras obras que tambi\u00e9n son valiosas en materia de movilidad, en materia de tr\u00e1nsito y vialidad&#8221;.<\/p>\n\n\n\n<p>En cuanto al \u00a0 abasto de agua a la poblaci\u00f3n, afirm\u00f3 haber conclu\u00eddo el presente a\u00f1o, &#8220;con 37 nuevos pozos, y ya no hay la necesidad de\u00a0 seguir construyendo el mismo n\u00famero para la pr\u00f3xima administraci\u00f3n, hay que priorizar hacia d\u00f3nde dirigimos la estrategia del agua, y que tiene que\u00a0 ver muy seguramente con la reposici\u00f3n de tuber\u00eda\u00a0 de conducci\u00f3n de aguas y drenaje&#8221;.<\/p>\n\n\n\n<p>Dijo luego que, &#8220;la obra que nos compete en funci\u00f3n del presupuesto, la habremos de realizar con una gran priorizaci\u00f3n y claridad, pero tambi\u00e9n hay que insistir ahorita con los recursos\u00a0 que nos rebasan, como es la obra del drenaje pluvial&#8221;, explic\u00f3 que la naturaleza misma de\u00a0 la ciudad, &#8220;nos obliga a hacerlo, pues \u00a0 es un tema que por alguna raz\u00f3n nunca se tom\u00f3 con la seriedad o desde la construcci\u00f3n del propio Torre\u00f3n&#8221;.\u00a0<\/p>\n\n\n\n<p>&#8220;Hay que ir a la b\u00fasqueda, ya lo estamos haciendo, no nos hemos detenido, al parecer&#8221;, dijo, &#8220;ya se abren m\u00e1s puertas -el gobierno federal-\u00a0 para poder concretar este gran proyecto&#8221;.\u00a0<\/p>\n\n\n\n<p>En cuanto a concretar el proyecto de constru\u00edr una nueva planta tratadora de aguas residuales, el alcalde\u00a0 dijo que el mismo, &#8220;quedar\u00eda para el a\u00f1o siguiente&#8221;,\u00a0 entre otros temas.<\/p>\n\n\n\n<p>El alcalde Cepeda Gonz\u00e1lez\u00a0 fue entrevistado tras poner en marcha, acompa\u00f1ado por el Subsecretario de Desarrollo Regional, licenciado Eduardo Olmos Castro una nueva etapa de construcci\u00f3n en las instalaciones de la Universidad Pedag\u00f3gica, y que forman parte de\u00a0 las obras que tuvieron este d\u00eda su arranque a cargo del Gobernador Manolo Jim\u00e9nez Salinas.\u00a0<\/p>\n\n\n\n<p>Sobre\u00a0 tal coordinaci\u00f3n, dijo, &#8220;estamos\u00a0 haciendo lo que nos toca a cada quien, y esto lo hacemos en materia de seguridad, obra p\u00fablica, seguridad p\u00fablica, en materia educativa, de imagen&#8221;.<\/p>\n\n\n\n<p>&#8220;Torre\u00f3n tiene\u00a0 una claridad meridiana de a d\u00f3nde vamos y tambi\u00e9n\u00a0 del puesto que tenemos. Sabemos que tenemos limitantes, pero tambi\u00e9n que podemos hacer muchas obras con lo que tenemos y en colaboraci\u00f3n\u00a0 con la IP, el Gobierno del Estado, ellos, hacen su parte&#8221;.\u00a0\u00a0<\/p>\n\n\n\n<p><strong>SALDO BLANCO.<\/strong><\/p>\n\n\n\n<p>Blanco,\u00a0 result\u00f3 el saldo generado tras la celebraci\u00f3n de las Fiestas\u00a0 en este municipio, agradeciendo a todos &#8220;los que nos acompa\u00f1aron a Festejar los 117 a\u00f1os de Torre\u00f3n, el Grito de Independencia\u00a0 y por supuesto el Desfile Militar&#8221;.<\/p>\n\n\n\n<p><strong>SIN CAMBIOS.<\/strong><\/p>\n\n\n\n<p>En este mismo encuentro el alcalde descart\u00f3 que en su administraci\u00f3n se vayan a dar &#8220;cambios&#8221; en su equipo de trabajo, si bien\u00a0 a\u00f1adi\u00f3 que, &#8220;siempre pueden darse, pero yo\u00a0 estoy ahora enfocado lo que ya platicamos, pues al final estamos en una parte complicada no solo en cuanto al tiempo, nos quedan tres meses, sino presupuestalmente&#8221;.<\/p>\n","protected":false},"excerpt":{"rendered":"<p>Torre\u00f3n, Coahuila.- Reconoce el alcalde Rom\u00e1n Alberto Cepeda, \u00a0 a solo unos meses de concluir \u00a0 el periodo para el cual fuera elegido, y de cara a iniciar el segundo, al alcanzar la reelecci\u00f3n en su cargo que, &#8220;faltan obras emblem\u00e1ticas para Torre\u00f3n\u00a0 y considero que son de gran relevancia&#8221;, sin bien admite que\u00a0 cual asignatura pendiente, &#8220;lo constituye el tema de\u00a0 bacheo y recarpeteo&#8221;, que sumar\u00eda con un gran&#8230;<\/p>\n","protected":false},"author":2,"featured_media":0,"comment_status":"closed","ping_status":"","sticky":false,"template":"","format":"standard","meta":{"footnotes":""},"categories":[5,28,75,7],"tags":[],"class_list":["post-22431","post","type-post","status-publish","format-standard","hentry","category-coahuila","category-la-laguna","category-obra","category-torreon","wpcat-5-id","wpcat-28-id","wpcat-75-id","wpcat-7-id"],"_links":{"self":[{"href":"https:\/\/www.aquilaguna.com\/index.php\/wp-json\/wp\/v2\/posts\/22431","targetHints":{"allow":["GET"]}}],"collection":[{"href":"https:\/\/www.aquilaguna.com\/index.php\/wp-json\/wp\/v2\/posts"}],"about":[{"href":"https:\/\/www.aquilaguna.com\/index.php\/wp-json\/wp\/v2\/types\/post"}],"author":[{"embeddable":true,"href":"https:\/\/www.aquilaguna.com\/index.php\/wp-json\/wp\/v2\/users\/2"}],"replies":[{"embeddable":true,"href":"https:\/\/www.aquilaguna.com\/index.php\/wp-json\/wp\/v2\/comments?post=22431"}],"version-history":[{"count":1,"href":"https:\/\/www.aquilaguna.com\/index.php\/wp-json\/wp\/v2\/posts\/22431\/revisions"}],"predecessor-version":[{"id":22432,"href":"https:\/\/www.aquilaguna.com\/index.php\/wp-json\/wp\/v2\/posts\/22431\/revisions\/22432"}],"wp:attachment":[{"href":"https:\/\/www.aquilaguna.com\/index.php\/wp-json\/wp\/v2\/media?parent=22431"}],"wp:term":[{"taxonomy":"category","embeddable":true,"href":"https:\/\/www.aquilaguna.com\/index.php\/wp-json\/wp\/v2\/categories?post=22431"},{"taxonomy":"post_tag","embeddable":true,"href":"https:\/\/www.aquilaguna.com\/index.php\/wp-json\/wp\/v2\/tags?post=22431"}],"curies":[{"name":"wp","href":"https:\/\/api.w.org\/{rel}","templated":true}]}}