{"id":22442,"date":"2024-09-18T19:33:55","date_gmt":"2024-09-19T01:33:55","guid":{"rendered":"https:\/\/www.aquilaguna.com\/?p=22442"},"modified":"2024-09-18T19:33:55","modified_gmt":"2024-09-19T01:33:55","slug":"inician-labores-de-ordenamiento-de-cableado-en-torreon-jardin","status":"publish","type":"post","link":"https:\/\/www.aquilaguna.com\/index.php\/2024\/09\/18\/inician-labores-de-ordenamiento-de-cableado-en-torreon-jardin\/","title":{"rendered":"Inician labores de ordenamiento de cableado en Torre\u00f3n Jard\u00edn."},"content":{"rendered":"\n<p>Torre\u00f3n, Coahuila a 18 de septiembre de 2024.<\/p>\n\n\n\n<p>Con el objetivo de retirar los cables en desuso que se encuentran en postes de la<br>v\u00eda p\u00fablica del municipio, la Direcci\u00f3n General de Ordenamiento Territorial y<br>Desarrollo Urbano en Torre\u00f3n, en conjunto con la Comisi\u00f3n Federal de<br>Electricidad (CFE), y distintas empresas de telecomunicaciones, arrancaron este<br>mi\u00e9rcoles los trabajos dentro de la colonia Torre\u00f3n Jard\u00edn.<\/p>\n\n\n\n<p>Francisco Jos\u00e9 Torres Su\u00e1rez, director de la dependencia municipal, indic\u00f3 que a<br>petici\u00f3n de los representantes de la asociaci\u00f3n de colonos de este sector de la<br>ciudad, comenzaron con los trabajos dentro del programa de ordenamiento, lo cual<br>se extender\u00e1 a toda la colonia.<\/p>\n\n\n\n<p>Detall\u00f3 que lo que los trabajos consisten en realizar la limpieza de los postes de<br>luz, mediante el retiro de cables que ya no tienen uso alguno, esto con el fin de<br>obtener un orden y adem\u00e1s mejorar la imagen de la ciudad.<\/p>\n\n\n\n<p>\u201cComo punto de partida se labora en el \u00e1rea de la Plaza de la Tortuga, para<br>posteriormente ir realizando los trabajos en toda la colonia, donde se retira<br>cableado inservible, mismo que ya lleva ah\u00ed tiempo acumul\u00e1ndose, lo que provoca<br>un riesgo latente no solo por el sobrepeso que causa a la infraestructura que los<br>sostiene y la contaminaci\u00f3n visual, sino tambi\u00e9n para quienes transitan en el<br>lugar\u201d, manifest\u00f3.<\/p>\n\n\n\n<p>De igual forma puntualiz\u00f3 que se trabaja con cuadrillas conformadas por los<br>prestadores de servicios de telecomunicaciones como Megacable, Global Net,<br>AT&amp;T, Total Play, Axtel Alestra, entre otros, quienes son los responsables del<br>retiro de los cables en desuso.<\/p>\n\n\n\n<p>El director recalc\u00f3 que esta labor ser\u00e1 un trabajo constante en el municipio, al<br>igual que se busca que nuevas contrataciones en telecomunicaciones, cumplan<br>con los requisitos establecidos para su correcta instalaci\u00f3n, como parte de los<br>trabajos del gobierno del alcalde Rom\u00e1n Alberto Cepeda Gonz\u00e1lez, por mejorar la<br>imagen de Torre\u00f3n.<\/p>\n","protected":false},"excerpt":{"rendered":"<p>Torre\u00f3n, Coahuila a 18 de septiembre de 2024. Con el objetivo de retirar los cables en desuso que se encuentran en postes de lav\u00eda p\u00fablica del municipio, la Direcci\u00f3n General de Ordenamiento Territorial yDesarrollo Urbano en Torre\u00f3n, en conjunto con la Comisi\u00f3n Federal deElectricidad (CFE), y distintas empresas de telecomunicaciones, arrancaron estemi\u00e9rcoles los trabajos dentro de la colonia Torre\u00f3n Jard\u00edn. Francisco Jos\u00e9 Torres Su\u00e1rez, director de la dependencia municipal, indic\u00f3&#8230;<\/p>\n","protected":false},"author":1,"featured_media":22443,"comment_status":"closed","ping_status":"","sticky":false,"template":"","format":"standard","meta":{"footnotes":""},"categories":[5,28,7],"tags":[],"class_list":["post-22442","post","type-post","status-publish","format-standard","has-post-thumbnail","hentry","category-coahuila","category-la-laguna","category-torreon","wpcat-5-id","wpcat-28-id","wpcat-7-id"],"_links":{"self":[{"href":"https:\/\/www.aquilaguna.com\/index.php\/wp-json\/wp\/v2\/posts\/22442","targetHints":{"allow":["GET"]}}],"collection":[{"href":"https:\/\/www.aquilaguna.com\/index.php\/wp-json\/wp\/v2\/posts"}],"about":[{"href":"https:\/\/www.aquilaguna.com\/index.php\/wp-json\/wp\/v2\/types\/post"}],"author":[{"embeddable":true,"href":"https:\/\/www.aquilaguna.com\/index.php\/wp-json\/wp\/v2\/users\/1"}],"replies":[{"embeddable":true,"href":"https:\/\/www.aquilaguna.com\/index.php\/wp-json\/wp\/v2\/comments?post=22442"}],"version-history":[{"count":1,"href":"https:\/\/www.aquilaguna.com\/index.php\/wp-json\/wp\/v2\/posts\/22442\/revisions"}],"predecessor-version":[{"id":22444,"href":"https:\/\/www.aquilaguna.com\/index.php\/wp-json\/wp\/v2\/posts\/22442\/revisions\/22444"}],"wp:featuredmedia":[{"embeddable":true,"href":"https:\/\/www.aquilaguna.com\/index.php\/wp-json\/wp\/v2\/media\/22443"}],"wp:attachment":[{"href":"https:\/\/www.aquilaguna.com\/index.php\/wp-json\/wp\/v2\/media?parent=22442"}],"wp:term":[{"taxonomy":"category","embeddable":true,"href":"https:\/\/www.aquilaguna.com\/index.php\/wp-json\/wp\/v2\/categories?post=22442"},{"taxonomy":"post_tag","embeddable":true,"href":"https:\/\/www.aquilaguna.com\/index.php\/wp-json\/wp\/v2\/tags?post=22442"}],"curies":[{"name":"wp","href":"https:\/\/api.w.org\/{rel}","templated":true}]}}