{"id":22494,"date":"2024-09-20T18:39:24","date_gmt":"2024-09-21T00:39:24","guid":{"rendered":"https:\/\/www.aquilaguna.com\/?p=22494"},"modified":"2024-09-20T18:39:24","modified_gmt":"2024-09-21T00:39:24","slug":"roman-alberto-cepeda-gonzalez-entrega-obra-de-rehabilitacion-de-la-cancha-de-la-colonia-elsa-hernandez-durante-brigada-con-el-dif-torreon","status":"publish","type":"post","link":"https:\/\/www.aquilaguna.com\/index.php\/2024\/09\/20\/roman-alberto-cepeda-gonzalez-entrega-obra-de-rehabilitacion-de-la-cancha-de-la-colonia-elsa-hernandez-durante-brigada-con-el-dif-torreon\/","title":{"rendered":"Rom\u00e1n Alberto Cepeda Gonz\u00e1lez entrega obra de rehabilitaci\u00f3n de la cancha de la colonia Elsa Hern\u00e1ndez, durante brigada con el DIF Torre\u00f3n."},"content":{"rendered":"\n<p>Torre\u00f3n, Coahuila. A 20 de septiembre de 2024.<\/p>\n\n\n\n<p>El alcalde Rom\u00e1n Alberto Cepeda Gonz\u00e1lez entreg\u00f3 esta ma\u00f1ana, la rehabilitaci\u00f3n<br>de la techumbre y del espacio multideportivo de la colonia Elsa Hern\u00e1ndez, con<br>una inversi\u00f3n superior a los 500 mil pesos.<\/p>\n\n\n\n<p>Adem\u00e1s, en la techumbre de esta colonia se instal\u00f3 la brigada multidisciplinaria<br>\u201cTorre\u00f3n Siempre Contigo\u201d, en coordinaci\u00f3n con el Sistema para el Desarrollo<br>Integral de la Familia (DIF) Torre\u00f3n, en la que se concentran los servicios de las<br>dependencias municipales para atender a la ciudadan\u00eda de manera directa.<br>\u00a0<br>As\u00ed mismo, el Alcalde entreg\u00f3 apoyos de movilidad para personas con alg\u00fan tipo<br>de discapacidad.<br>\u00a0<br>El Presidente Municipal dio a conocer que actualmente suman 400 espacios<br>p\u00fablicos rehabilitados y en el caso de la cancha de la colonia Elsa Hern\u00e1ndez, los<br>trabajos de remozamiento fueron por un monto superior a los 500 mil pesos.<br>\u00a0<br>&#8220;El compromiso continuar\u00e1, no vamos a descansar hasta rehabilitar la \u00faltima<br>cancha, la \u00faltima plaza, porque esto implica mejorar las condiciones para que los<br>vecinos puedan venir a convivir en familia, hacer deporte, y al final cada sector<br>tenga un lugar digno para los ciudadanos&#8221;, dijo el edil.<br>\u00a0<br>Se\u00f1al\u00f3 que restan 14 techumbres m\u00e1s por inaugurar, y reiter\u00f3 que as\u00ed como<br>Torre\u00f3n no se detiene, los beneficios tampoco.<br>\u00a0<br>Dijo que tener lugares dignos donde la familia conviva, tiene que ver con espacios<br>p\u00fablicos rehabilitados y seguros para que los torreonenses puedan hacer<br>comunidad.<\/p>\n\n\n\n<p>Respecto a las brigadas, Rom\u00e1n Alberto Cepeda Gonz\u00e1lez explic\u00f3 que esta es la<br>n\u00famero 40 en 2024, y la 82 en lo que va de su Administraci\u00f3n, en las cuales se<br>brindan descuentos y servicios multidisciplinarios en conjunto con el DIF Torre\u00f3n y<br>dependencias municipales.<\/p>\n\n\n\n<p>Por su parte, Mario Cepeda Ram\u00edrez, coordinador de sector y regidor electo,<br>agradeci\u00f3 al Alcalde por su intervenci\u00f3n para realizar este proyecto.<br>\u00a0<\/p>\n\n\n\n<p>&#8220;Realmente cuando se administra bien en la ciudad, siempre se parte de las<br>necesidades m\u00e1s imperiosas de la comunidad, como ha sido tambi\u00e9n la atenci\u00f3n<br>al tema de seguridad, con la caseta que el Alcalde activ\u00f3 en el sector, aportando<br>tranquilidad social a los vecinos\u201d, destac\u00f3.<br>&nbsp;<br>Dijo que se busca que Torre\u00f3n sea un paradigma imponderable de desarrollo en el<br>estado, y que con el apoyo que reciben por parte del Alcalde se ha logrado una<br>transformaci\u00f3n en la comunidad.<br>&nbsp;<br>La Se\u00f1ora Selina Bremer de Cepeda, Presidenta Honoraria del Sistema para el<br>Desarrollo Integral de la Familia (DIF) Torre\u00f3n, dijo que las brigadas continuar\u00e1n<br>visitando las diferentes colonias y sectores de la ciudad.<br>&nbsp;<br>\u201cEl Alcalde siempre est\u00e1 pendiente de las necesidades de cada colonia por lo<br>tanto hay diferentes servicios y beneficios que se llevan como en esta ocasi\u00f3n la<br>remodelaci\u00f3n de la techumbre que estaba en malas condiciones, y los otros<br>servicios del DIF y las dependencias\u201d, se\u00f1al\u00f3.<br>&nbsp;<br>Estuvieron presentes adem\u00e1s: Marlene Mart\u00ednez Valdez, directora general del DIF<br>Torre\u00f3n; Juan Adolfo Von Bertrab, director de Obras P\u00fablicas; Mario Cepeda<br>Villarreal, delegado regional de MEJORA en La Laguna; Olga X\u00f3chitl Cepeda<br>Rodr\u00edguez, regidora del Ayuntamiento; Elba Leticia de Alba Galarza, regidora del<br>Ayuntamiento; y Karina Gonz\u00e1lez Herrera en representaci\u00f3n de los colonos.<\/p>\n","protected":false},"excerpt":{"rendered":"<p>Torre\u00f3n, Coahuila. A 20 de septiembre de 2024. El alcalde Rom\u00e1n Alberto Cepeda Gonz\u00e1lez entreg\u00f3 esta ma\u00f1ana, la rehabilitaci\u00f3nde la techumbre y del espacio multideportivo de la colonia Elsa Hern\u00e1ndez, conuna inversi\u00f3n superior a los 500 mil pesos. Adem\u00e1s, en la techumbre de esta colonia se instal\u00f3 la brigada multidisciplinaria\u201cTorre\u00f3n Siempre Contigo\u201d, en coordinaci\u00f3n con el Sistema para el DesarrolloIntegral de la Familia (DIF) Torre\u00f3n, en la que se concentran&#8230;<\/p>\n","protected":false},"author":1,"featured_media":22495,"comment_status":"closed","ping_status":"","sticky":false,"template":"","format":"standard","meta":{"footnotes":""},"categories":[5,28,7],"tags":[],"class_list":["post-22494","post","type-post","status-publish","format-standard","has-post-thumbnail","hentry","category-coahuila","category-la-laguna","category-torreon","wpcat-5-id","wpcat-28-id","wpcat-7-id"],"_links":{"self":[{"href":"https:\/\/www.aquilaguna.com\/index.php\/wp-json\/wp\/v2\/posts\/22494","targetHints":{"allow":["GET"]}}],"collection":[{"href":"https:\/\/www.aquilaguna.com\/index.php\/wp-json\/wp\/v2\/posts"}],"about":[{"href":"https:\/\/www.aquilaguna.com\/index.php\/wp-json\/wp\/v2\/types\/post"}],"author":[{"embeddable":true,"href":"https:\/\/www.aquilaguna.com\/index.php\/wp-json\/wp\/v2\/users\/1"}],"replies":[{"embeddable":true,"href":"https:\/\/www.aquilaguna.com\/index.php\/wp-json\/wp\/v2\/comments?post=22494"}],"version-history":[{"count":1,"href":"https:\/\/www.aquilaguna.com\/index.php\/wp-json\/wp\/v2\/posts\/22494\/revisions"}],"predecessor-version":[{"id":22496,"href":"https:\/\/www.aquilaguna.com\/index.php\/wp-json\/wp\/v2\/posts\/22494\/revisions\/22496"}],"wp:featuredmedia":[{"embeddable":true,"href":"https:\/\/www.aquilaguna.com\/index.php\/wp-json\/wp\/v2\/media\/22495"}],"wp:attachment":[{"href":"https:\/\/www.aquilaguna.com\/index.php\/wp-json\/wp\/v2\/media?parent=22494"}],"wp:term":[{"taxonomy":"category","embeddable":true,"href":"https:\/\/www.aquilaguna.com\/index.php\/wp-json\/wp\/v2\/categories?post=22494"},{"taxonomy":"post_tag","embeddable":true,"href":"https:\/\/www.aquilaguna.com\/index.php\/wp-json\/wp\/v2\/tags?post=22494"}],"curies":[{"name":"wp","href":"https:\/\/api.w.org\/{rel}","templated":true}]}}