{"id":22534,"date":"2024-09-23T18:07:09","date_gmt":"2024-09-24T00:07:09","guid":{"rendered":"https:\/\/www.aquilaguna.com\/?p=22534"},"modified":"2024-09-23T18:07:09","modified_gmt":"2024-09-24T00:07:09","slug":"dif-torreon-tendra-una-semana-de-eventos-en-atencion-a-personas-con-alguna-discapacidad","status":"publish","type":"post","link":"https:\/\/www.aquilaguna.com\/index.php\/2024\/09\/23\/dif-torreon-tendra-una-semana-de-eventos-en-atencion-a-personas-con-alguna-discapacidad\/","title":{"rendered":"DIF Torre\u00f3n tendr\u00e1 una semana de eventos en atenci\u00f3n a personas con alguna discapacidad."},"content":{"rendered":"\n<p>Torre\u00f3n, Coahuila. A 23 de septiembre de 2024.<\/p>\n\n\n\n<p>El Sistema para el Desarrollo Integral de la Familia (DIF) Torre\u00f3n, en conjunto con<br>diversas asociaciones civiles, llevar\u00e1 a cabo una semana de eventos deportivos,<br>recreativos, culturales y pl\u00e1ticas, en beneficio de personas con alg\u00fan tipo de<br>discapacidad.<\/p>\n\n\n\n<p>Lo anterior dentro del marco del mes de las personas con discapacidad que<br>promueven los organismos del DIF en Coahuila.<\/p>\n\n\n\n<p>El objetivo es fortalecer la inclusi\u00f3n social y el desarrollo pleno de las personas<br>con discapacidad, con actividades dirigidas a 100 usuarios que forman parte del<br>padr\u00f3n del DIF, fomentando un ambiente de convivencia y apoyo mutuo.<\/p>\n\n\n\n<p>Selina Bremer de Cepeda, presidenta honoraria del organismo en Torre\u00f3n,<br>destac\u00f3 que las din\u00e1micas organizadas no solo buscan el esparcimiento, sino<br>tambi\u00e9n promover el respeto y apoyo hacia las personas con discapacidad.<\/p>\n\n\n\n<p>Se\u00f1al\u00f3 que estas acciones forman parte de un esfuerzo mayor por crear un<br>municipio m\u00e1s inclusivo.<\/p>\n\n\n\n<p>Por su parte Marlene Mart\u00ednez Vald\u00e9s, directora general del DIF Torre\u00f3n, dijo que<br>dentro de esta agenda, hoy se realiz\u00f3 el convivio en conjunto con el Centro de<br>Atenci\u00f3n M\u00faltiple (CAM) Laboral, en el Centro Integral de Discapacidad &#8220;Abriendo<br>Caminos\u201d, en horario de 10:00 a 13:00 horas.<\/p>\n\n\n\n<p>La funcionaria anunci\u00f3 que la programaci\u00f3n de eventos continuar\u00e1 ma\u00f1ana, con la<br>visita al Museo Regional en compa\u00f1\u00eda de los integrantes de Mentes con Alas,<br>A.C., de 10:00 a 13:00 horas; el mi\u00e9rcoles se llevar\u00e1 a cabo un convivio con<br>usuarios del Centro Lagunero de Educaci\u00f3n Especial, y el pr\u00f3ximo jueves los<br>participantes disfrutar\u00e1n de un paseo y la degustaci\u00f3n de nieve regional.<\/p>\n\n\n\n<p>Indic\u00f3 que el viernes est\u00e1 programado un convivio con personas que padecen<br>autismo y sus madres, las cuales pertenecen al Grupo Caf\u00e9 At\u00edpico, para<br>compartir, intercambiar experiencias e informar sobre los servicios con los que<br>cuenta el DIF Torre\u00f3n.<\/p>\n\n\n\n<p>Adem\u00e1s dijo que el pr\u00f3ximo s\u00e1bado, el organismo ofrecer\u00e1 una pl\u00e1tica interactiva<br>a los alumnos del Instituto Dr. Carlos Coqui, buscando ofrecer herramientas<br>necesarias para el trato digno e igualitario a este sector de la poblaci\u00f3n.<\/p>\n\n\n\n<p>\u201cQueremos crear entornos amigables donde todos se sientan incluidos y<br>valorados\u201d, destac\u00f3 la directora.<\/p>\n\n\n\n<p>Dijo que las acciones se realizan en conjunto con la Administraci\u00f3n Municipal del<br>alcalde Rom\u00e1n Alberto Cepeda Gonz\u00e1lez, con el fin de seguir impulsando<br>programas y actividades que mejoren la calidad de vida de las personas con<br>discapacidad, promoviendo una ciudad m\u00e1s equitativa, respetuosa y consciente.<\/p>\n","protected":false},"excerpt":{"rendered":"<p>Torre\u00f3n, Coahuila. A 23 de septiembre de 2024. El Sistema para el Desarrollo Integral de la Familia (DIF) Torre\u00f3n, en conjunto condiversas asociaciones civiles, llevar\u00e1 a cabo una semana de eventos deportivos,recreativos, culturales y pl\u00e1ticas, en beneficio de personas con alg\u00fan tipo dediscapacidad. Lo anterior dentro del marco del mes de las personas con discapacidad quepromueven los organismos del DIF en Coahuila. El objetivo es fortalecer la inclusi\u00f3n social y&#8230;<\/p>\n","protected":false},"author":1,"featured_media":22535,"comment_status":"closed","ping_status":"","sticky":false,"template":"","format":"standard","meta":{"footnotes":""},"categories":[5,28,7],"tags":[],"class_list":["post-22534","post","type-post","status-publish","format-standard","has-post-thumbnail","hentry","category-coahuila","category-la-laguna","category-torreon","wpcat-5-id","wpcat-28-id","wpcat-7-id"],"_links":{"self":[{"href":"https:\/\/www.aquilaguna.com\/index.php\/wp-json\/wp\/v2\/posts\/22534","targetHints":{"allow":["GET"]}}],"collection":[{"href":"https:\/\/www.aquilaguna.com\/index.php\/wp-json\/wp\/v2\/posts"}],"about":[{"href":"https:\/\/www.aquilaguna.com\/index.php\/wp-json\/wp\/v2\/types\/post"}],"author":[{"embeddable":true,"href":"https:\/\/www.aquilaguna.com\/index.php\/wp-json\/wp\/v2\/users\/1"}],"replies":[{"embeddable":true,"href":"https:\/\/www.aquilaguna.com\/index.php\/wp-json\/wp\/v2\/comments?post=22534"}],"version-history":[{"count":1,"href":"https:\/\/www.aquilaguna.com\/index.php\/wp-json\/wp\/v2\/posts\/22534\/revisions"}],"predecessor-version":[{"id":22536,"href":"https:\/\/www.aquilaguna.com\/index.php\/wp-json\/wp\/v2\/posts\/22534\/revisions\/22536"}],"wp:featuredmedia":[{"embeddable":true,"href":"https:\/\/www.aquilaguna.com\/index.php\/wp-json\/wp\/v2\/media\/22535"}],"wp:attachment":[{"href":"https:\/\/www.aquilaguna.com\/index.php\/wp-json\/wp\/v2\/media?parent=22534"}],"wp:term":[{"taxonomy":"category","embeddable":true,"href":"https:\/\/www.aquilaguna.com\/index.php\/wp-json\/wp\/v2\/categories?post=22534"},{"taxonomy":"post_tag","embeddable":true,"href":"https:\/\/www.aquilaguna.com\/index.php\/wp-json\/wp\/v2\/tags?post=22534"}],"curies":[{"name":"wp","href":"https:\/\/api.w.org\/{rel}","templated":true}]}}