{"id":22593,"date":"2024-09-25T21:07:17","date_gmt":"2024-09-26T03:07:17","guid":{"rendered":"https:\/\/www.aquilaguna.com\/?p=22593"},"modified":"2024-09-25T21:07:17","modified_gmt":"2024-09-26T03:07:17","slug":"la-seguridad-no-se-dicta-desde-el-escritorio-afirma-roman-alberto-cepeda","status":"publish","type":"post","link":"https:\/\/www.aquilaguna.com\/index.php\/2024\/09\/25\/la-seguridad-no-se-dicta-desde-el-escritorio-afirma-roman-alberto-cepeda\/","title":{"rendered":"&#8220;La seguridad no se dicta desde el escritorio&#8221;, afirma Rom\u00e1n Alberto Cepeda."},"content":{"rendered":"\n<p>Torre\u00f3n, Coahuila.- El alcalde Rom\u00e1n Alberto Cepeda Gonz\u00e1lez\u00a0 afirma que\u00a0 apuesta todo a &#8220;la coordinaci\u00f3n. Yo siempre lo he hecho, lo he hecho durante todo mi gobierno, no tendr\u00eda porque no hacerlo en este momento y esto, implica a todos\u00a0 los \u00e1mbitos de gobierno, o todas sus actividades&#8221;.<\/p>\n\n\n\n<p>&#8220;Yo seguir\u00e9 trabajando como lo he hecho\u00a0 hasta hoy \u00a0 y la congruencia, entre lo que se piensa y lo que se dice y lo que se hace, es algo que avala la trayectoria de las personas, y yo, inici\u00e9 mi proyecto de gobierno el d\u00eda primer de enero del 2022, con una ruta que es coordinaci\u00f3n con todos los \u00f3rdenes de gobierno, trabajo coordinado y lo seguir\u00e1 siendo hasta el d\u00eda final&#8221;.<\/p>\n\n\n\n<p>&#8220;\u00bfQui\u00e9n cambie las cosas? no lo s\u00e9&#8221;, afirm\u00f3, &#8220;pero en este gobierno\u00a0 y en mi administraci\u00f3n asi lo har\u00e9. Y nadie nos calienta,\u00a0 ni nadie nos alienta, sencillamente tenemos una ruta muy clara, un programa de gobierno que tiene\u00a0 que ver con un orden, de compromisos de trabajo y eso lo seguiremos haciendo hasta el \u00faltimo d\u00eda de mi gobierno y asi iniciaremos\u00a0lo que sigue, a trabajar&#8221;.<\/p>\n\n\n\n<p>&#8220;Torre\u00f3n\u00a0 lo que necesita es trabajo, solidaridad y un trabajo coordinado y creo, que nos toca\u00a0 poner el primer paso,\u00a0 y eso, lo he hecho siempre&#8221;.<\/p>\n\n\n\n<p>Preguntado afirm\u00f3 que, &#8220;Torre\u00f3n para los torreonenses, para la Laguna, para M\u00e9xico, es la parte que nos toca hacer en funci\u00f3n de las facultades que tenemos y creo que pensar en lo metropolitano es lo importante pero poner ejemplo en lo local es lo m\u00e1s importante&#8221;.<\/p>\n\n\n\n<p>&#8220;Creo que el buen juez por su casa empieza. Yo empiezo por Torre\u00f3n, que es lo que me toca&#8221;.<\/p>\n\n\n\n<p>Preguntado sobre los se\u00f1alamientos y cr\u00edticas\u00a0 que desde diversos \u00a0 Medios se publican en su contra,\u00a0 r\u00e1pida fue su respuesta, diciendo que, &#8220;la seguridad y la pol\u00edtica de seguridad no se dicta\u00a0 detr\u00e1s de un escritorio\u00a0ni con algunas columnas de la capital&#8221;.<\/p>\n\n\n\n<p>&#8220;La seguridad se construye, con trabajo coordinado, s\u00ed, con voluntad, mucha voluntad y con presupuesto que es lo que ha hecho Torre\u00f3n y mi administraci\u00f3n desde el comienzo\u00a0 de mi primer d\u00eda y as\u00ed, seguir\u00e1&#8221;.<\/p>\n\n\n\n<p>Recalc\u00f3 luego que, &#8220;no se dicta detr\u00e1s de un escritorio\u00a0 en la capital, con columnas alarmantes o segadas, esa es mi opini\u00f3n&#8221;.<\/p>\n\n\n\n<p>Declin\u00f3\u00a0 luego profundizar en las presuntas renuncias de elementos de la DSPM \u00a0 diciendo que, &#8220;tal acci\u00f3n interpr\u00e9tenlas como ustedes quieran&#8221;.<\/p>\n\n\n\n<p>&#8220;La polic\u00eda en Torre\u00f3n sigue firme. Hay mas de 700 elementos\u00a0 que siguen firmes\u00a0 y lo seguir\u00e1n \u00a0 y est\u00e1n libres, si se quieren ir a la Federaci\u00f3n, al Estado, adelante. Hay ahorita\u00a0 mas de 130 gentes\u00a0 que se quieren incorporar\u00a0 ya no solo al GRT, sino a las filas de la corporaci\u00f3n&#8221;.<\/p>\n\n\n\n<p>&#8220;Yo recib\u00ed Torre\u00f3n con 400 elementos, hoy tenemos m\u00e1s de 700, casi 800 elementos y eso,\u00a0 no es un tema que ni me ocupe siquiera. Es un tema de voluntad personal, de decisi\u00f3n laboral y es un tema que ya lo contest\u00f3 el Comisario\u00a0 el d\u00eda de ayer y\u00a0 yo, me remito a su respuesta&#8221;.<\/p>\n\n\n\n<p>&#8220;Yo les digo que la polic\u00eda de Torre\u00f3n sigue firme, \u00a0 la policia, junto con el GRP seguir\u00e1 firme\u00a0 y coordin\u00e1ndose \u00a0 con todo los ordenes e de gobierno&#8221;.\u00a0<\/p>\n\n\n\n<p>?qui\u00e9n&nbsp; la quiere cambiar?, se pregunto &nbsp; asi mismo &#8211; Lo desconozco-, dijo&nbsp;<\/p>\n\n\n\n<p>Informo haber platicado ayer con el Secretario de Gobierno, Oscar&nbsp; Pimentel&nbsp; , y tendr\u00e9&nbsp; que platicar ,creo, en algun momento&nbsp; con el Gobernador \u2018\u2019 que es el&nbsp; me ocupa platicar ..\u00b4Con el Secretario de Gobierno&nbsp; hay una extraordinaria comunicaci\u00f3n&nbsp; y relaci\u00f3n, asi como con el Fiscal&nbsp;<\/p>\n\n\n\n<p>Yo no veo&nbsp; mayor complicaci\u00f3n&nbsp; en un tema, que insisto; La seguridad , no se dicta&nbsp; desde&nbsp; un escritorio,&nbsp; desde la capital&#8230;\u2019\u2019<\/p>\n","protected":false},"excerpt":{"rendered":"<p>Torre\u00f3n, Coahuila.- El alcalde Rom\u00e1n Alberto Cepeda Gonz\u00e1lez\u00a0 afirma que\u00a0 apuesta todo a &#8220;la coordinaci\u00f3n. Yo siempre lo he hecho, lo he hecho durante todo mi gobierno, no tendr\u00eda porque no hacerlo en este momento y esto, implica a todos\u00a0 los \u00e1mbitos de gobierno, o todas sus actividades&#8221;. &#8220;Yo seguir\u00e9 trabajando como lo he hecho\u00a0 hasta hoy \u00a0 y la congruencia, entre lo que se piensa y lo que se&#8230;<\/p>\n","protected":false},"author":2,"featured_media":0,"comment_status":"closed","ping_status":"","sticky":false,"template":"","format":"standard","meta":{"footnotes":""},"categories":[5,28,7],"tags":[],"class_list":["post-22593","post","type-post","status-publish","format-standard","hentry","category-coahuila","category-la-laguna","category-torreon","wpcat-5-id","wpcat-28-id","wpcat-7-id"],"_links":{"self":[{"href":"https:\/\/www.aquilaguna.com\/index.php\/wp-json\/wp\/v2\/posts\/22593","targetHints":{"allow":["GET"]}}],"collection":[{"href":"https:\/\/www.aquilaguna.com\/index.php\/wp-json\/wp\/v2\/posts"}],"about":[{"href":"https:\/\/www.aquilaguna.com\/index.php\/wp-json\/wp\/v2\/types\/post"}],"author":[{"embeddable":true,"href":"https:\/\/www.aquilaguna.com\/index.php\/wp-json\/wp\/v2\/users\/2"}],"replies":[{"embeddable":true,"href":"https:\/\/www.aquilaguna.com\/index.php\/wp-json\/wp\/v2\/comments?post=22593"}],"version-history":[{"count":1,"href":"https:\/\/www.aquilaguna.com\/index.php\/wp-json\/wp\/v2\/posts\/22593\/revisions"}],"predecessor-version":[{"id":22594,"href":"https:\/\/www.aquilaguna.com\/index.php\/wp-json\/wp\/v2\/posts\/22593\/revisions\/22594"}],"wp:attachment":[{"href":"https:\/\/www.aquilaguna.com\/index.php\/wp-json\/wp\/v2\/media?parent=22593"}],"wp:term":[{"taxonomy":"category","embeddable":true,"href":"https:\/\/www.aquilaguna.com\/index.php\/wp-json\/wp\/v2\/categories?post=22593"},{"taxonomy":"post_tag","embeddable":true,"href":"https:\/\/www.aquilaguna.com\/index.php\/wp-json\/wp\/v2\/tags?post=22593"}],"curies":[{"name":"wp","href":"https:\/\/api.w.org\/{rel}","templated":true}]}}