{"id":2262,"date":"2021-05-18T19:49:53","date_gmt":"2021-05-19T00:49:53","guid":{"rendered":"https:\/\/www.aquilaguna.com\/?p=2262"},"modified":"2021-05-18T19:49:54","modified_gmt":"2021-05-19T00:49:54","slug":"concluye-en-saltillo-seminario-internacional-agenda-universitaria-por-la-igualdad-inclusion-y-la-no-discriminacion","status":"publish","type":"post","link":"https:\/\/www.aquilaguna.com\/index.php\/2021\/05\/18\/concluye-en-saltillo-seminario-internacional-agenda-universitaria-por-la-igualdad-inclusion-y-la-no-discriminacion\/","title":{"rendered":"CONCLUYE EN SALTILLO SEMINARIO INTERNACIONAL \u2018AGENDA UNIVERSITARIA POR LA IGUALDAD, INCLUSI\u00d3N Y LA NO DISCRIMINACI\u00d3N\u2019."},"content":{"rendered":"\n<p>Saltillo, Coahuila de Zaragoza; a 18 de Mayo 2021.- La Direcci\u00f3n para Promover la Igualdad y Prevenir la Discriminaci\u00f3n del Estado (DPIPD) concluye la cuarta y \u00faltima sesi\u00f3n del Seminario Virtual Internacional \u201cAgenda Universitaria por la Igualdad, Inclusi\u00f3n y la no Discriminaci\u00f3n\u201d, actividad que se trabaj\u00f3 en coordinaci\u00f3n con la Defensor\u00eda de los Derechos Humanos de la Universidad Aut\u00f3noma de Coahuila.<\/p>\n\n\n\n<p>Patricia Yeverino Mayola, titular de la DPIPD, indic\u00f3 que durante esta \u00faltima sesi\u00f3n se cont\u00f3 con la participaci\u00f3n de ponentes de talla internacional de la Universidad Carlos III de Madrid, Dr. F\u00e9lix Vacas, as\u00ed mismo de la Universidad Ciencias Aplicadas de Bogot\u00e1 Colombia, la Dra. Magaly Barrag\u00e1n.<\/p>\n\n\n\n<p>Durante estas cuatro sesiones, que tuvieron lugar los martes de abril y mayo, las y los participantes que forman parte de diversas universidades del estado e integrantes de la Administraci\u00f3n P\u00fablica y sociedad civil, reflexionaron sobre las buenas pr\u00e1cticas para transitar a la construcci\u00f3n de una agenda donde las y los universitarios accedan a la inclusi\u00f3n.<\/p>\n\n\n\n<p>Se destaca el exhorto generalizado de las y los ponentes a procurar la garant\u00eda de la autonom\u00eda de las personas, y en tal sentido realizar los ajustes razonables dentro de las curriculas y tener los implementos necesarios, como para la participaci\u00f3n activa de la comunidad universitaria hablando de diversidad, aclarando que esto no se enfoca meramente en el presupuesto, sino que obedece a generar empat\u00eda para la construcci\u00f3n de la sociedad en el tema de la igualdad sustantiva.<\/p>\n\n\n\n<p>La participaci\u00f3n activa del Fiscal General del Estado, Gerardo M\u00e1rquez Guevara, adem\u00e1s del Rector de la Universidad Carolina, Emanuel Garza Fishburn, y Esra Cavazos, de la Universidad Polit\u00e9cnica de Ramos Arizpe, como del funcionariado p\u00fablico invitado, contribuyeron a que esta actividad se convierta en una herramienta de cambio social.<\/p>\n\n\n\n<p>En plataforma se cont\u00f3 con la asistencia de m\u00e1s de 140 personas, quienes fueron alrededor de estas semanas mostrando su inter\u00e9s en el tema, y durante el cierre se tuvo el compromiso de crear una red institucional para la atenci\u00f3n y seguimiento de la inclusi\u00f3n en las universidades.<\/p>\n","protected":false},"excerpt":{"rendered":"<p>Saltillo, Coahuila de Zaragoza; a 18 de Mayo 2021.- La Direcci\u00f3n para Promover la Igualdad y Prevenir la Discriminaci\u00f3n del Estado (DPIPD) concluye la cuarta y \u00faltima sesi\u00f3n del Seminario Virtual Internacional \u201cAgenda Universitaria por la Igualdad, Inclusi\u00f3n y la no Discriminaci\u00f3n\u201d, actividad que se trabaj\u00f3 en coordinaci\u00f3n con la Defensor\u00eda de los Derechos Humanos de la Universidad Aut\u00f3noma de Coahuila. Patricia Yeverino Mayola, titular de la DPIPD, indic\u00f3 que&#8230;<\/p>\n","protected":false},"author":1,"featured_media":2263,"comment_status":"closed","ping_status":"closed","sticky":false,"template":"","format":"standard","meta":{"footnotes":""},"categories":[5,15],"tags":[],"class_list":["post-2262","post","type-post","status-publish","format-standard","has-post-thumbnail","hentry","category-coahuila","category-gobierno-de-coahuila","wpcat-5-id","wpcat-15-id"],"_links":{"self":[{"href":"https:\/\/www.aquilaguna.com\/index.php\/wp-json\/wp\/v2\/posts\/2262","targetHints":{"allow":["GET"]}}],"collection":[{"href":"https:\/\/www.aquilaguna.com\/index.php\/wp-json\/wp\/v2\/posts"}],"about":[{"href":"https:\/\/www.aquilaguna.com\/index.php\/wp-json\/wp\/v2\/types\/post"}],"author":[{"embeddable":true,"href":"https:\/\/www.aquilaguna.com\/index.php\/wp-json\/wp\/v2\/users\/1"}],"replies":[{"embeddable":true,"href":"https:\/\/www.aquilaguna.com\/index.php\/wp-json\/wp\/v2\/comments?post=2262"}],"version-history":[{"count":1,"href":"https:\/\/www.aquilaguna.com\/index.php\/wp-json\/wp\/v2\/posts\/2262\/revisions"}],"predecessor-version":[{"id":2264,"href":"https:\/\/www.aquilaguna.com\/index.php\/wp-json\/wp\/v2\/posts\/2262\/revisions\/2264"}],"wp:featuredmedia":[{"embeddable":true,"href":"https:\/\/www.aquilaguna.com\/index.php\/wp-json\/wp\/v2\/media\/2263"}],"wp:attachment":[{"href":"https:\/\/www.aquilaguna.com\/index.php\/wp-json\/wp\/v2\/media?parent=2262"}],"wp:term":[{"taxonomy":"category","embeddable":true,"href":"https:\/\/www.aquilaguna.com\/index.php\/wp-json\/wp\/v2\/categories?post=2262"},{"taxonomy":"post_tag","embeddable":true,"href":"https:\/\/www.aquilaguna.com\/index.php\/wp-json\/wp\/v2\/tags?post=2262"}],"curies":[{"name":"wp","href":"https:\/\/api.w.org\/{rel}","templated":true}]}}