{"id":22645,"date":"2024-09-29T21:08:12","date_gmt":"2024-09-30T03:08:12","guid":{"rendered":"https:\/\/www.aquilaguna.com\/?p=22645"},"modified":"2024-09-29T21:08:12","modified_gmt":"2024-09-30T03:08:12","slug":"aqui-laguna-352","status":"publish","type":"post","link":"https:\/\/www.aquilaguna.com\/index.php\/2024\/09\/29\/aqui-laguna-352\/","title":{"rendered":"Aqu\u00ed Laguna."},"content":{"rendered":"\n<p>\u00a1Agua de\u00a0 Borrajas! Pues\u00a0 las revueltas aguas\u00a0 no llegaron al rio, como amenazaba el ruido y la furia desatadas\u00a0 con el incidente generado por el cambio de adscripci\u00f3n laboral de\u00a0 elementos\u00a0 de un cuerpo policiaco especial de nivel estatal, al que siguieran, dicen, en busca solo\u00a0 de mejores\u00a0 condiciones laborales al grupo mayoritario de elementos de pertenencia municipal,\u00a0 integradas\u00a0desde el origen del\u00a0 tal Grupo de Reacci\u00f3n especial,\u00a0 evento\u00a0 &#8220;cuya narracion alterada&#8221; seg\u00fan\u00a0 argument\u00f3\u00a0 el alcalde Rom\u00e1n Albero Cepeda, fue el factor que desatara singular\u00a0 batalla medi\u00e1tica, alimentada con\u00a0 singular \u00edmpetu\u00a0 por los m\u00e1s &#8220;extra\u00f1os\u00a0 intereses&#8221;\u00a0 de\u00a0 los que\u00a0 suspicacia y percepci\u00f3n\u00a0 de un amplio espectro de la opini\u00f3n p\u00fablica\u00a0 potenciada por &#8220;las benditas redes sociales&#8221; generaran la intervenci\u00f3n opinadora de\u00a0 figuras \u00a0 de la clase pol\u00edtica estatal de origen tricolor, amen,\u00a0 de los procedentes de\u00a0 las filas\u00a0 morenistas \u00a0 encabezados por el\u00a0 boca de ganso, Antonio Attolini Murra,\u00a0 y hasta resucitaran\u00a0 al hoy\u00a0 petista\u00a0 Mej\u00eda Berdeja, que &#8220;se le echaron de\u00a0 a mont\u00f3n&#8221; como dice la canci\u00f3n, sobre la humanidad\u00a0 del alcalde de Torre\u00f3n Rom\u00e1n Alberto Cepeda Gonz\u00e1lez, \u00a0 cuya estampa pol\u00edtica, dejaran a\u00a0columnazos, \u00a0 cual si fuera un\u00a0 Santo Cristo\u00a0 y eso, que no es para nada &#8220;dejado2,\u00a0 sino que\u00a0 haciendo v\u00e1lido su\u00a0 conocido c\u00f3digo gen\u00e9tico, se creci\u00f3 al castigo,\u00a0 con todo y que solo fuera acuerpado solo por un decadente, pero agradecido escudero;\u00a0 Mario Cepeda.<\/p>\n\n\n\n<p>Diremos que la tersa relaci\u00f3n exhibida \u00a0 esta ma\u00f1ana por\u00a0 quienes presidieron la\u00a0 Mesa de Seguridad, fue precedida\u00a0 por otra, esa realizada\u00a0 la noche anterior, casi en el \u00e1mbito \u00a0 privado, si bien\u00a0 fue hecha p\u00fablica en la inauguraci\u00f3n del Restaurante Mochomo, de nueva incursi\u00f3n en Torre\u00f3n, y en donde las civilizadas formas de la convivencia\u00a0 social, atemperaron \u00a0 efectos de cualquier roce de egos hubiera podido generar\u00a0 y vaya que tal encuentro\u00a0 tuvo buenos\u00a0 y p\u00fablicos resultados, am\u00e9n\u00a0 de que el\u00a0 episodio\u00a0 polic\u00edaco\u00a0 mostr\u00f3 \u00a0 la aguda sensibilidad que registra quienes \u00a0 habitan los espacios partidistas, pol\u00edticos y sociales de la regi\u00f3n,\u00a0 solo pudo ser contenida esta\u00a0 la ma\u00f1ana del pasado jueves\u00a0 cuando de manera p\u00fablica el Gobernador Manolo Jim\u00e9nez Salinas presidi\u00f3 la reuni\u00f3n mensual de la Mesa de Seguridad que mes a mes se\u00a0 lleva\u00a0 cabo y que preside y acompa\u00f1ado no solo por Rom\u00e1n Cepeda, sino por los titulares del Poder Judicial\u00a0 y Legislativo, del Fiscal General, de los titulares del Poder Legislativo y Judicial, as\u00ed como mandos castrenses y\u00a0 polic\u00edacos mostrara el resultado del &#8220;Golpe de mesa&#8221; que\u00a0 fren\u00f3\u00a0 extensi\u00f3n de fisura alguna, en el monolito que debe constitu\u00edr\u00a0 el tema de seguridad y con ello, el resto de los temas que constituyen los factores de gobernabilidad en el Estado. En este escenario, notable por ausente, el alcalde rebelde de Francisco I. Madero Jonhatan Avalos, quien\u00a0 se resiste al parecer hasta el final de su mandato por\u00a0 no ingresar al esquema del Mando Unico, sin exhibir razones suficientes\u00a0 para sostener tal negativa \u00bfporque\u00e9 ser\u00e1?.<\/p>\n\n\n\n<p>Otra ausencia notable result\u00f3 ser la del Secretario de Desarrollo Regional, licenciado Eduardo Olmos Castro, si bien se corri\u00f3 la versi\u00f3n de que\u00a0 tal ausencia se debi\u00f3 a que\u00a0 el funcionario estatal con mayor nivel en la Laguna,\u00a0 se dirg\u00eda a Mazatl\u00e1n\u00a0 para disfrutar de un periodo vacacional, pero su arribo a tal puerto, le fue impedido, al igual a m\u00e1s de 50 laguneros que pretend\u00edan lo mismo,\u00a0 debido al bloqueo carretero, que los hizo desistir de tal empe\u00f1o, pues la violencia criminal, que se genera desde\u00a0 Culiac\u00e1n, invade tales lugares.<\/p>\n\n\n\n<p>Con el mensaje\u00a0 que enviara el Gobernador\u00a0 Jim\u00e9nez Salinas, se reiteraron los compromisos de mantener la seguridad ajena a cualquier\u00a0 viso de politizaci\u00f3n, en aras de la salud de Coahuila, esper\u00e1ndose que los malentendidos,\u00a0 las vanidades y egos\u00a0 no vuelvan a flotar en\u00a0 tal\u00a0 ambiente. El horno, no est\u00e1 para bollos, as\u00ed estemos en el umbral de un nuevo r\u00e9gimen federal, y se deje atr\u00e1s, en virtud del tiempo, los saldos que deja el que concluir\u00e1\u00a0 el\u00a0 dia 30 del\u00a0 presente. <\/p>\n\n\n\n<p>Ya\u00a0 mero, Gracias a Dios, y ya transcurrir\u00e1 el tiempo, ese que todo pone en su lugar, para realizar una evaluaci\u00f3n desapasionada de las luces y sombras que dej\u00f3 all pa\u00eds y a los mexicanos la alternancia que deja\u00a0 el paso de Manuel L\u00f3pez Obrador, la llamada\u00a0 Silla del Aguila a cargo de la primera f\u00e9mina que logra ocuparla\u00a0 de la mano de tal &#8220;patriarca&#8221;\u00a0 y de la que se espera, no se extienda, cual\u00a0&#8220;la sombra del caudillo&#8221;\u00a0 a lo largo del inminente nuevo sexenio, y una vez que hay signos\u00a0 desalentadores, si bien &#8220;la historia no se repite&#8221;,\u00a0 ya se nos hace recordar, los viejos, lejanos tiempos del Maximato,\u00a0 anticipando algunos que do\u00f1a Claudia Sheinbauim, pudiera repetir, \u00a1no lo quiera Dios!, ni ella lo permita, ser \u00a0 solo un s\u00edmil de aquella pat\u00e9tica figura que\u00a0 fue en su momento fuera el \u00a0 desafortunado\u00a0Pascualtio\u00a0 Ort\u00edz Rubio. <\/p>\n\n\n\n<p>Y \u00a0 tras los fastos de las despedidas a AMLO y el arribo de la\u00a0 su sucesora, tambi\u00e9n se anticipan tiempos dif\u00edc\u00edles para los mexicanos todos, con el pa\u00eds en\u00a0 llamas, por la disputa del dominio territorial del hampa\u00a0 agregue \u00a0 las complicaciones que impondr\u00e1\u00a0 a la vida de los mexicanos, el cambio al sistema judicial de justicia vigente desde hace ya m\u00e1s de 150 a\u00f1os, tiempo en el que se construy\u00f3, con todo y las debilidades \u00a0que\u00a0 segun AMLO\u00a0 lo oblig\u00f3 a desaparecer. Solo en Coahuila, nada se sabe, pero tambi\u00e9n nada se tiene, de los recursos extraordinarios que deber\u00e1 disponer para liquidar a los magistrados, jueces, personal\u00a0 del Poder judicial estatal,\u00a0 que \u00a0 no pretenda permanecer en sus cargos,\u00a0 y opte por \u00a0 alcanzar jubilaci\u00f3n\u00a0 y que no deben de ser pocos \u00a0 am\u00e9n de las nuevas contrataciones que implique la reposici\u00f3n\u00a0 a fondo de todo el organigrama judicial. Eso es solo\u00a0 la cuesti\u00f3n\u00a0 de\u00a0 los dineros, am\u00e9n del nudo de intereses que se generen en los procesos de selecci\u00f3n \u00a0 la tarea, esta ya en el horizonte\u00a0 que advierte el titular del Poder Judicial\u00a0 en Coahuila\u00a0 Licenciado Miguel Mery Ayup.<\/p>\n\n\n\n<p>Tal tarea no se antoja nada f\u00e1cil, pues el \u00e1mbito del cambio en proceso acabar\u00e1 incluso abarcando\u00a0 la selecci\u00f3n y elecci\u00f3n de jueces de paz en los tribunales administrativos municipales,\u00a0 igual, pero en raz\u00f3n de que son aut\u00f3nomos, y por alguna extra\u00f1a raz\u00f3n no se incluyeron en el Decreto de\u00a0 la Reforma\u00a0 del Poder Judicial, los tribunales electorales y los agrarios.<\/p>\n\n\n\n<p>Ante tal panorama\u00a0 si la justicia en el pa\u00eds, ya era m\u00e1s que\u00a0 lenta, nada de gratuita y expedita, como tampoco acabar\u00e1 siendo\u00a0 la siguiente, ya podremos esperar que los justiciables y quienes necesiten la intervenci\u00f3n del poder judicial para dirimir\u00a0 asuntos de esa indole,\u00a0 hacer acopio de paciencia, m\u00e1s que la de Job, en espera de las resoluciones que en estricta\u00a0 justicia, de a cada quien lo suyo, al t\u00e9rmino del debido proceso judicial bajo el nuevo esquema de su impartici\u00f3n. Ese, ser\u00e1 uno de los legados que m\u00e1s har\u00e1n recordar a la progenitora de AMLO en \u00e9ste pa\u00eds\u2026\u00a0\u00a0<br><\/p>\n","protected":false},"excerpt":{"rendered":"<p>\u00a1Agua de\u00a0 Borrajas! Pues\u00a0 las revueltas aguas\u00a0 no llegaron al rio, como amenazaba el ruido y la furia desatadas\u00a0 con el incidente generado por el cambio de adscripci\u00f3n laboral de\u00a0 elementos\u00a0 de un cuerpo policiaco especial de nivel estatal, al que siguieran, dicen, en busca solo\u00a0 de mejores\u00a0 condiciones laborales al grupo mayoritario de elementos de pertenencia municipal,\u00a0 integradas\u00a0desde el origen del\u00a0 tal Grupo de Reacci\u00f3n especial,\u00a0 evento\u00a0 &#8220;cuya narracion&#8230;<\/p>\n","protected":false},"author":2,"featured_media":0,"comment_status":"closed","ping_status":"","sticky":false,"template":"","format":"standard","meta":{"footnotes":""},"categories":[8],"tags":[],"class_list":["post-22645","post","type-post","status-publish","format-standard","hentry","category-aqui-laguna","wpcat-8-id"],"_links":{"self":[{"href":"https:\/\/www.aquilaguna.com\/index.php\/wp-json\/wp\/v2\/posts\/22645","targetHints":{"allow":["GET"]}}],"collection":[{"href":"https:\/\/www.aquilaguna.com\/index.php\/wp-json\/wp\/v2\/posts"}],"about":[{"href":"https:\/\/www.aquilaguna.com\/index.php\/wp-json\/wp\/v2\/types\/post"}],"author":[{"embeddable":true,"href":"https:\/\/www.aquilaguna.com\/index.php\/wp-json\/wp\/v2\/users\/2"}],"replies":[{"embeddable":true,"href":"https:\/\/www.aquilaguna.com\/index.php\/wp-json\/wp\/v2\/comments?post=22645"}],"version-history":[{"count":1,"href":"https:\/\/www.aquilaguna.com\/index.php\/wp-json\/wp\/v2\/posts\/22645\/revisions"}],"predecessor-version":[{"id":22646,"href":"https:\/\/www.aquilaguna.com\/index.php\/wp-json\/wp\/v2\/posts\/22645\/revisions\/22646"}],"wp:attachment":[{"href":"https:\/\/www.aquilaguna.com\/index.php\/wp-json\/wp\/v2\/media?parent=22645"}],"wp:term":[{"taxonomy":"category","embeddable":true,"href":"https:\/\/www.aquilaguna.com\/index.php\/wp-json\/wp\/v2\/categories?post=22645"},{"taxonomy":"post_tag","embeddable":true,"href":"https:\/\/www.aquilaguna.com\/index.php\/wp-json\/wp\/v2\/tags?post=22645"}],"curies":[{"name":"wp","href":"https:\/\/api.w.org\/{rel}","templated":true}]}}