{"id":22671,"date":"2024-10-02T18:46:00","date_gmt":"2024-10-03T00:46:00","guid":{"rendered":"https:\/\/www.aquilaguna.com\/?p=22671"},"modified":"2024-10-02T18:46:15","modified_gmt":"2024-10-03T00:46:15","slug":"coahuila-trabajara-en-equipo-con-la-presidenta-claudia-sheinbaum","status":"publish","type":"post","link":"https:\/\/www.aquilaguna.com\/index.php\/2024\/10\/02\/coahuila-trabajara-en-equipo-con-la-presidenta-claudia-sheinbaum\/","title":{"rendered":"COAHUILA TRABAJAR\u00c1 EN EQUIPO CON LA PRESIDENTA CLAUDIA SHEINBAUM."},"content":{"rendered":"\n<p>\u00b7&nbsp;&nbsp;&nbsp;&nbsp;&nbsp;&nbsp;<strong><em>Acompa\u00f1a Manolo Jim\u00e9nez a Claudia Sheinbaum en su toma de protesta como Presidenta Constitucional de los Estados Unidos Mexicanos<\/em><\/strong><\/p>\n\n\n\n<p>Saltillo, Coahuila de Zaragoza; a 01 de octubre de 2024.- El gobernador Manolo Jim\u00e9nez Salinas acompa\u00f1\u00f3 a Claudia Sheinbaum Pardo en la ceremonia en la que se le tom\u00f3 protesta como Presidenta Constitucional de los Estados Unidos Mexicanos y en los eventos posteriores en donde se dirigi\u00f3 a las y los mexicanos.&nbsp;<\/p>\n\n\n\n<p>&#8220;Tuvimos una reuni\u00f3n en Palacio Nacional con las Gobernadoras, los Gobernadores, Embajadores, Jefes de Estado, el Gabinete de la Presidenta, y en el Z\u00f3calo, donde present\u00f3 sus proyectos, programas y obras en los diferentes estados y hay buenas noticias para Coahuila&#8221;, destac\u00f3.&nbsp;<\/p>\n\n\n\n<p>Jim\u00e9nez Salinas resalt\u00f3 que, dentro del mensaje en el que dio a conocer sus&nbsp;&nbsp;compromisos, se incluyera a Coahuila en obras prioritarias como la modernizaci\u00f3n y ampliaci\u00f3n de la carretera 57, que va desde los Chorros, en el Sur del Estado, pasando por las regiones Centro y Carbon\u00edfera, hasta la regi\u00f3n Norte.&nbsp;<\/p>\n\n\n\n<p>Adem\u00e1s de un plan de reestructura para AHMSA, proyectos que ya hab\u00eda tenido la oportunidad de plantear directamente con ella.&nbsp;<\/p>\n\n\n\n<p>&#8220;Aqu\u00ed ya estamos preparando un plan con el equipo de la Presidenta y tambi\u00e9n con el Consede de la regi\u00f3n Centro Desierto de Coahuila&#8221;.dijo.&nbsp;<\/p>\n\n\n\n<p>El gobernador de Coahuila resalt\u00f3 el tema del tren de pasajeros que ir\u00e1 desde la Ciudad de M\u00e9xico hasta Nuevo Laredo y que tendr\u00e1 una estaci\u00f3n en Saltillo, adem\u00e1s de proyectos de agua en la Laguna, entre otros.&nbsp;<\/p>\n\n\n\n<p>&#8220;Vamos contentos de regresar a Coahuila y como lo he venido comentando, vamos a trabajar de la mano con la Presidenta de M\u00e9xico para bien de nuestro estado, para bien de nuestra gente y para bien de M\u00e9xico, aqu\u00ed vamos puro pa&#8217; delante a pasos de Gigante&#8221;, apunt\u00f3.&nbsp;<\/p>\n\n\n\n<p>De la misma manera, destac\u00f3 que la presidenta Claudia Sheinbaum le inform\u00f3 que Coahuila ser\u00e1 de los estados que estar\u00e1 visitando en sus primeros 100 d\u00edas de gobierno para anunciar obras o programas, lo que es una se\u00f1al m\u00e1s para pensar que a nuestra entidad le ir\u00e1 mejor.<\/p>\n","protected":false},"excerpt":{"rendered":"<p>\u00b7&nbsp;&nbsp;&nbsp;&nbsp;&nbsp;&nbsp;Acompa\u00f1a Manolo Jim\u00e9nez a Claudia Sheinbaum en su toma de protesta como Presidenta Constitucional de los Estados Unidos Mexicanos Saltillo, Coahuila de Zaragoza; a 01 de octubre de 2024.- El gobernador Manolo Jim\u00e9nez Salinas acompa\u00f1\u00f3 a Claudia Sheinbaum Pardo en la ceremonia en la que se le tom\u00f3 protesta como Presidenta Constitucional de los Estados Unidos Mexicanos y en los eventos posteriores en donde se dirigi\u00f3 a las y los&#8230;<\/p>\n","protected":false},"author":1,"featured_media":22672,"comment_status":"closed","ping_status":"closed","sticky":false,"template":"","format":"standard","meta":{"footnotes":""},"categories":[5,15],"tags":[],"class_list":["post-22671","post","type-post","status-publish","format-standard","has-post-thumbnail","hentry","category-coahuila","category-gobierno-de-coahuila","wpcat-5-id","wpcat-15-id"],"_links":{"self":[{"href":"https:\/\/www.aquilaguna.com\/index.php\/wp-json\/wp\/v2\/posts\/22671","targetHints":{"allow":["GET"]}}],"collection":[{"href":"https:\/\/www.aquilaguna.com\/index.php\/wp-json\/wp\/v2\/posts"}],"about":[{"href":"https:\/\/www.aquilaguna.com\/index.php\/wp-json\/wp\/v2\/types\/post"}],"author":[{"embeddable":true,"href":"https:\/\/www.aquilaguna.com\/index.php\/wp-json\/wp\/v2\/users\/1"}],"replies":[{"embeddable":true,"href":"https:\/\/www.aquilaguna.com\/index.php\/wp-json\/wp\/v2\/comments?post=22671"}],"version-history":[{"count":1,"href":"https:\/\/www.aquilaguna.com\/index.php\/wp-json\/wp\/v2\/posts\/22671\/revisions"}],"predecessor-version":[{"id":22673,"href":"https:\/\/www.aquilaguna.com\/index.php\/wp-json\/wp\/v2\/posts\/22671\/revisions\/22673"}],"wp:featuredmedia":[{"embeddable":true,"href":"https:\/\/www.aquilaguna.com\/index.php\/wp-json\/wp\/v2\/media\/22672"}],"wp:attachment":[{"href":"https:\/\/www.aquilaguna.com\/index.php\/wp-json\/wp\/v2\/media?parent=22671"}],"wp:term":[{"taxonomy":"category","embeddable":true,"href":"https:\/\/www.aquilaguna.com\/index.php\/wp-json\/wp\/v2\/categories?post=22671"},{"taxonomy":"post_tag","embeddable":true,"href":"https:\/\/www.aquilaguna.com\/index.php\/wp-json\/wp\/v2\/tags?post=22671"}],"curies":[{"name":"wp","href":"https:\/\/api.w.org\/{rel}","templated":true}]}}