{"id":22706,"date":"2024-10-04T19:43:38","date_gmt":"2024-10-05T01:43:38","guid":{"rendered":"https:\/\/www.aquilaguna.com\/?p=22706"},"modified":"2024-10-04T19:43:38","modified_gmt":"2024-10-05T01:43:38","slug":"participa-en-la-fiesta-atletica-de-la-casa-de-los-lobos-de-la-uadec-con-la-carrera-10k","status":"publish","type":"post","link":"https:\/\/www.aquilaguna.com\/index.php\/2024\/10\/04\/participa-en-la-fiesta-atletica-de-la-casa-de-los-lobos-de-la-uadec-con-la-carrera-10k\/","title":{"rendered":"Participa en la Fiesta Atl\u00e9tica de la Casa de los Lobos de la UAdeC con la Carrera 10K."},"content":{"rendered":"\n<p>Saltillo, Coahuila. 4 de octubre de 2024. El rector de la Universidad Aut\u00f3noma de<br>Coahuila, Octavio Pimentel Mart\u00ednez, acompa\u00f1ado de j\u00f3venes atletas universitarios,<br>en conferencia de prensa, invit\u00f3 a participar a la Fiesta Atl\u00e9tica Deportiva \u201cCarrera<br>Lobos 10K\u201d que se celebrar\u00e1 en el marco del 67 Aniversario de la m\u00e1xima casa de<br>estudios el pr\u00f3ximo domingo 3 de noviembre.<\/p>\n\n\n\n<p>Asistieron para dar los por menores del evento, el titular de la coordinaci\u00f3n General<br>del Deporte, Robertony Garc\u00eda Perera, los entrenadores de atletismo Cristian Castillo<br>Gonz\u00e1lez y Argelia Isari Fern\u00e1ndez Bustamante, el director del Instituto Municipal del<br>Deporte, Jes\u00fas G\u00e1mez Ovalle y el coordinador general de la carrera, Javier<br>Villase\u00f1or.<\/p>\n\n\n\n<p>El Rector dio a conocer que este evento es con causa, ya que lo recaudado de las<br>inscripciones ser\u00e1 destinado exclusivamente a becas para las y los j\u00f3venes<br>universitarios que se desempe\u00f1an en el \u00e1mbito deportivo, acad\u00e9mico y cultural,<br>acci\u00f3n que ya est\u00e1 integrada en el Plan de Desarrollo Institucional.<\/p>\n\n\n\n<p>Pimentel Mart\u00ednez, agradeci\u00f3 a los patrocinadores como Sportecs Synthetic, Mes\u00f3n<br>Principal, Printagrama, Tecnosistem, Mobi Sport, al Instituto Estatal del Deporte de<br>Coahuila, Broxel y Gasoliner\u00edas Dainitin, entre otros, por apoyar a la Universidad y<br>trabajar en equipo con el Municipio y el Estado para el desarrollo de esta carrera.<\/p>\n\n\n\n<p>Explic\u00f3 que en esta primera edici\u00f3n se entregar\u00e1 la medalla de la letra \u201cL\u201d, para que<br>a\u00f1o con a\u00f1o los participantes obtengan la letra \u201cO\u201d y sucesivamente hasta completar<br>el medallero de la palabra LOBOS y sea de colecci\u00f3n para las y los universitarios y la<br>poblaci\u00f3n corredora.<\/p>\n\n\n\n<p>Por su parte, Robertony Garc\u00eda, coordinador de deportes de la UAdeC, inform\u00f3 que<br>el costo de recuperaci\u00f3n es de $300 pesos general, para empleados universitarios<br>$200 y para estudiantes $100 pesos, habr\u00e1 la modalidad de Relevo 5K y esta tiene<br>un costo de $500 pesos.<\/p>\n\n\n\n<p>Explic\u00f3 que la ruta ser\u00e1 desde la Unidad Deportiva Universitaria, ubicada en el<br>Bulevar Nazario Ort\u00edz Garza, desde donde los corredores transitar\u00e1n por Nazario al<br>Oriente luego al Bulevar Venustiano Carranza hacia el sur hasta avenida Universidad<br>para retornar nuevamente al norte y regresar a la Unidad hacia el poniente, recorrido<br>que constar\u00e1 de \u00e1reas de hidrataci\u00f3n, recuperaci\u00f3n, servicio de atenci\u00f3n m\u00e9dica y<br>amenidades.<\/p>\n\n\n\n<p>Dijo que se vale, caminar, trotar, correr y hacer el mejor tiempo, por ello se invita a<br>atletas y gente que le gusta el atletismo, las carreras y a quienes desean apoyar la<br>causa, para esta primera edici\u00f3n que ser\u00e1 un evento deportivo trascendente, para<\/p>\n\n\n\n<p>quienes quieran participar se cuenta con la asesor\u00eda de las y los entrenadores de<br>atletismo para orientar de c\u00f3mo iniciar en esta disciplina.<\/p>\n\n\n\n<p>El coach del equipo de Atletismo Cristian Gonz\u00e1lez, dijo que la carrera es amigable<br>en el recorrido, para que deportistas participen y apliquen sus habilidades, pero<br>tambi\u00e9n para fomentar la actividad f\u00edsica entre el personal universitario, entre la<br>comunidad estudiantil y la poblaci\u00f3n, y formen parte de esta fiesta atl\u00e9tica deportiva<br>que pueden comenzar caminando, trotando o corriendo y los llevar\u00e1 de manera<br>segura a la meta.<\/p>\n\n\n\n<p>Por su parte, el coordinador general de la carrera, Javier Villase\u00f1or, dijo que se<br>contar\u00e1 con la seguridad vial durante el recorrido gracias al personal de la polic\u00eda y<br>tr\u00e1nsito municipal de Saltillo, se aprovechar\u00e1 la ruta recreativa, ya que el recorrido es<br>diferente a otras carreras, y para quienes hagan la modalidad de relevos habr\u00e1<br>transporte para regresar a la Unidad Deportiva; la premiaci\u00f3n dijo ser\u00e1 para los<br>primeros tres lugares, varonil y femenil, en las categor\u00eda general y estudiantil.<\/p>\n\n\n\n<p>Dijo que se espera la participaci\u00f3n de 400 corredores para la carrera de 10<br>kil\u00f3metros y 200 m\u00e1s que participar\u00e1n en los relevos de 5 kil\u00f3metros, la salida ser\u00e1 a<br>las 7 de la ma\u00f1ana previo calentamiento desde la Unidad Deportiva Universitaria, el<br>regreso a la meta ser\u00e1 sobre la pista de tart\u00e1n; las inscripciones generales son en la<br>p\u00e1gina de https:\/\/chronosport.mx\/ los estudiantes en sus escuelas y facultades y los<br>colaboradores en sus dependencias, la entrega de kits ser\u00e1 el 2 de noviembre de 12<br>pm a 3 pm en la Unidad Deportiva Universitaria.<\/p>\n\n\n\n<p>El director municipal del deporte, Jes\u00fas G\u00e1mez Ovalle agradeci\u00f3 y felicit\u00f3 a la<br>Aut\u00f3noma de Coahuila por llevar a cabo eventos deportivos en los que el<br>Ayuntamiento est\u00e1 disponible a apoyar y contribuir al mejor desarrollo de estos,<br>extendi\u00f3 la invitaci\u00f3n a la comunidad de corredores a participar en esta carrera con<br>causa que, sin duda, dijo, superar\u00e1 los 600 participantes.<\/p>\n","protected":false},"excerpt":{"rendered":"<p>Saltillo, Coahuila. 4 de octubre de 2024. El rector de la Universidad Aut\u00f3noma deCoahuila, Octavio Pimentel Mart\u00ednez, acompa\u00f1ado de j\u00f3venes atletas universitarios,en conferencia de prensa, invit\u00f3 a participar a la Fiesta Atl\u00e9tica Deportiva \u201cCarreraLobos 10K\u201d que se celebrar\u00e1 en el marco del 67 Aniversario de la m\u00e1xima casa deestudios el pr\u00f3ximo domingo 3 de noviembre. Asistieron para dar los por menores del evento, el titular de la coordinaci\u00f3n Generaldel Deporte,&#8230;<\/p>\n","protected":false},"author":1,"featured_media":22707,"comment_status":"closed","ping_status":"","sticky":false,"template":"","format":"standard","meta":{"footnotes":""},"categories":[2],"tags":[],"class_list":["post-22706","post","type-post","status-publish","format-standard","has-post-thumbnail","hentry","category-uadec","wpcat-2-id"],"_links":{"self":[{"href":"https:\/\/www.aquilaguna.com\/index.php\/wp-json\/wp\/v2\/posts\/22706","targetHints":{"allow":["GET"]}}],"collection":[{"href":"https:\/\/www.aquilaguna.com\/index.php\/wp-json\/wp\/v2\/posts"}],"about":[{"href":"https:\/\/www.aquilaguna.com\/index.php\/wp-json\/wp\/v2\/types\/post"}],"author":[{"embeddable":true,"href":"https:\/\/www.aquilaguna.com\/index.php\/wp-json\/wp\/v2\/users\/1"}],"replies":[{"embeddable":true,"href":"https:\/\/www.aquilaguna.com\/index.php\/wp-json\/wp\/v2\/comments?post=22706"}],"version-history":[{"count":1,"href":"https:\/\/www.aquilaguna.com\/index.php\/wp-json\/wp\/v2\/posts\/22706\/revisions"}],"predecessor-version":[{"id":22708,"href":"https:\/\/www.aquilaguna.com\/index.php\/wp-json\/wp\/v2\/posts\/22706\/revisions\/22708"}],"wp:featuredmedia":[{"embeddable":true,"href":"https:\/\/www.aquilaguna.com\/index.php\/wp-json\/wp\/v2\/media\/22707"}],"wp:attachment":[{"href":"https:\/\/www.aquilaguna.com\/index.php\/wp-json\/wp\/v2\/media?parent=22706"}],"wp:term":[{"taxonomy":"category","embeddable":true,"href":"https:\/\/www.aquilaguna.com\/index.php\/wp-json\/wp\/v2\/categories?post=22706"},{"taxonomy":"post_tag","embeddable":true,"href":"https:\/\/www.aquilaguna.com\/index.php\/wp-json\/wp\/v2\/tags?post=22706"}],"curies":[{"name":"wp","href":"https:\/\/api.w.org\/{rel}","templated":true}]}}