{"id":22715,"date":"2024-10-04T19:49:37","date_gmt":"2024-10-05T01:49:37","guid":{"rendered":"https:\/\/www.aquilaguna.com\/?p=22715"},"modified":"2024-10-04T19:49:37","modified_gmt":"2024-10-05T01:49:37","slug":"dif-torreon-facilita-el-acceso-a-estacionamientos-exclusivos-a-personas-con-discapacidad-temporal","status":"publish","type":"post","link":"https:\/\/www.aquilaguna.com\/index.php\/2024\/10\/04\/dif-torreon-facilita-el-acceso-a-estacionamientos-exclusivos-a-personas-con-discapacidad-temporal\/","title":{"rendered":"DIF Torre\u00f3n facilita el acceso a estacionamientos exclusivos a personas con discapacidad temporal."},"content":{"rendered":"\n<p>Torre\u00f3n, Coahuila. A 4 de octubre de 2024.<\/p>\n\n\n\n<p>Con la intenci\u00f3n de facilitar el acceso a espacios de estacionamiento exclusivos, a<br>las personas con discapacidad temporal, el Sistema para el Desarrollo Integral de<br>la Familia (DIF) Torre\u00f3n, contin\u00faa poniendo a disposici\u00f3n el tarjet\u00f3n de<br>identificaci\u00f3n para el uso de los lugares identificados con color azul, distribuidos<br>por toda la ciudad.<\/p>\n\n\n\n<p>Este documento est\u00e1 dise\u00f1ado para facilitar el acceso y la movilidad de personas<br>que temporalmente enfrentan dificultades motrices o visuales, asegurando que<br>puedan utilizar estos espacios de manera eficiente.<\/p>\n\n\n\n<p>La presidenta honoraria del DIF Torre\u00f3n, la se\u00f1ora Selina Bremer de Cepeda,<br>explic\u00f3 que el tarjet\u00f3n est\u00e1 dirigido a aquellos ciudadanos que debido a alguna<br>condici\u00f3n m\u00e9dica, requieren el uso constante de un veh\u00edculo durante un periodo<br>determinado para facilitar su movilidad.<\/p>\n\n\n\n<p>\u201cEstamos hablando de personas que se encuentran en un proceso de tratamiento<br>y recuperaci\u00f3n, donde la movilidad es un factor crucial para su bienestar\u201d,<br>coment\u00f3 la funcionaria.<\/p>\n\n\n\n<p>Destac\u00f3 que este beneficio es parte del compromiso del DIF Torre\u00f3n en conjunto<br>con la Administraci\u00f3n Municipal encabezada por el alcalde Rom\u00e1n Alberto Cepeda<br>Gonz\u00e1lez, por mejorar la calidad de vida de las personas con discapacidad,<br>proporcionando servicios que fomenten su inclusi\u00f3n social y garantizando que<br>puedan desenvolverse de manera m\u00e1s independiente.<\/p>\n\n\n\n<p>Por su parte, la directora general del DIF Torre\u00f3n, Marlene Mart\u00ednez Vald\u00e9s,<br>se\u00f1al\u00f3 que este tarjet\u00f3n tiene un uso espec\u00edfico y limitado a los cajones de<br>estacionamiento identificados con el color azul.<\/p>\n\n\n\n<p>Indic\u00f3 que el tarjet\u00f3n no otorga ning\u00fan tipo de beneficio adicional en<br>establecimientos comerciales, pues dijo, est\u00e1 estrictamente dise\u00f1ado para el uso<br>de los espacios destinados a personas con dificultades de movilidad.<\/p>\n\n\n\n<p>Mart\u00ednez Vald\u00e9s tambi\u00e9n destac\u00f3 la importancia de sensibilizar a la poblaci\u00f3n<br>sobre la correcta utilizaci\u00f3n de estos cajones de estacionamiento.<\/p>\n\n\n\n<p>&#8220;Es fundamental que todos seamos conscientes de la necesidad que tienen las<br>personas con discapacidades, de contar con espacios adecuados para estacionar,<br>lo que les facilita subir o bajar de su veh\u00edculo con mayor seguridad&#8221;, dijo la<br>directora.<\/p>\n\n\n\n<p>Adem\u00e1s dio a conocer que quienes deseen realizar el tr\u00e1mite para obtener el<br>tarjet\u00f3n, es necesario acudir a las oficinas del DIF Revoluci\u00f3n o Ciudad DIF,<br>llevando la documentaci\u00f3n requerida: un dictamen m\u00e9dico que avale la<br>discapacidad temporal, copia del acta de nacimiento, CURP, INE, comprobante de<br>domicilio y dos fotograf\u00edas tama\u00f1o infantil recientes.<\/p>\n","protected":false},"excerpt":{"rendered":"<p>Torre\u00f3n, Coahuila. A 4 de octubre de 2024. Con la intenci\u00f3n de facilitar el acceso a espacios de estacionamiento exclusivos, alas personas con discapacidad temporal, el Sistema para el Desarrollo Integral dela Familia (DIF) Torre\u00f3n, contin\u00faa poniendo a disposici\u00f3n el tarjet\u00f3n deidentificaci\u00f3n para el uso de los lugares identificados con color azul, distribuidospor toda la ciudad. Este documento est\u00e1 dise\u00f1ado para facilitar el acceso y la movilidad de personasque temporalmente&#8230;<\/p>\n","protected":false},"author":1,"featured_media":22716,"comment_status":"closed","ping_status":"","sticky":false,"template":"","format":"standard","meta":{"footnotes":""},"categories":[5,28,7],"tags":[],"class_list":["post-22715","post","type-post","status-publish","format-standard","has-post-thumbnail","hentry","category-coahuila","category-la-laguna","category-torreon","wpcat-5-id","wpcat-28-id","wpcat-7-id"],"_links":{"self":[{"href":"https:\/\/www.aquilaguna.com\/index.php\/wp-json\/wp\/v2\/posts\/22715","targetHints":{"allow":["GET"]}}],"collection":[{"href":"https:\/\/www.aquilaguna.com\/index.php\/wp-json\/wp\/v2\/posts"}],"about":[{"href":"https:\/\/www.aquilaguna.com\/index.php\/wp-json\/wp\/v2\/types\/post"}],"author":[{"embeddable":true,"href":"https:\/\/www.aquilaguna.com\/index.php\/wp-json\/wp\/v2\/users\/1"}],"replies":[{"embeddable":true,"href":"https:\/\/www.aquilaguna.com\/index.php\/wp-json\/wp\/v2\/comments?post=22715"}],"version-history":[{"count":1,"href":"https:\/\/www.aquilaguna.com\/index.php\/wp-json\/wp\/v2\/posts\/22715\/revisions"}],"predecessor-version":[{"id":22717,"href":"https:\/\/www.aquilaguna.com\/index.php\/wp-json\/wp\/v2\/posts\/22715\/revisions\/22717"}],"wp:featuredmedia":[{"embeddable":true,"href":"https:\/\/www.aquilaguna.com\/index.php\/wp-json\/wp\/v2\/media\/22716"}],"wp:attachment":[{"href":"https:\/\/www.aquilaguna.com\/index.php\/wp-json\/wp\/v2\/media?parent=22715"}],"wp:term":[{"taxonomy":"category","embeddable":true,"href":"https:\/\/www.aquilaguna.com\/index.php\/wp-json\/wp\/v2\/categories?post=22715"},{"taxonomy":"post_tag","embeddable":true,"href":"https:\/\/www.aquilaguna.com\/index.php\/wp-json\/wp\/v2\/tags?post=22715"}],"curies":[{"name":"wp","href":"https:\/\/api.w.org\/{rel}","templated":true}]}}