{"id":22728,"date":"2024-10-04T20:15:35","date_gmt":"2024-10-05T02:15:35","guid":{"rendered":"https:\/\/www.aquilaguna.com\/?p=22728"},"modified":"2024-10-04T20:15:35","modified_gmt":"2024-10-05T02:15:35","slug":"superan-malentendidos-sobre-grupos-de-reaccion-y-proximidad","status":"publish","type":"post","link":"https:\/\/www.aquilaguna.com\/index.php\/2024\/10\/04\/superan-malentendidos-sobre-grupos-de-reaccion-y-proximidad\/","title":{"rendered":"Superan malentendidos sobre grupos de reacci\u00f3n y proximidad."},"content":{"rendered":"\n<p>Torre\u00f3n, Coahuila.- Superados los malentendidos, aseguran\u00a0 el alcalde Rom\u00e1n Alberto Cepeda Gonz\u00e1lez y Federico Fern\u00e1ndez,\u00a0 titular de la Secretar\u00eda de Seguridad\u00a0 en Coahuila,\u00a0 en torno a las cuerpos especiales  de polic\u00edas \u00a0 de\u00a0 Reacci\u00f3n y Proximidad\u00a0 que se generaron\u00a0 en d\u00edas pasados\u00a0 y dando lugar a especulaciones \u00a0 no solo del\u00a0 orden polic\u00edaco, sino que invadieron otros\u00a0 \u00e1mbitos\u00a0 en la regi\u00f3n.\u00a0<\/p>\n\n\n\n<p>En rueda de prensa\u00a0 realizada esta ma\u00f1ana al t\u00e9rmino de la reuni\u00f3n\u00a0 mensual de seguridad en las instalaciones de la DSPM y presidida por el propio alcalde y el jefe\u00a0 polic\u00edaco citado,\u00a0 \u00a0 acompa\u00f1ado el alcalde\u00a0 por\u00a0 el DSPM\u00a0 Comisario C\u00e9sar Antonio Paredes, \u00a0 y el jefe del Grupo de Reacci\u00f3n Torre\u00f3n, Alfredo Flores, en tanto que el\u00a0 funcionario estatal tuvo a su\u00a0 lado, Luis Raymundo Mu\u00f1oz \u00a0 coordinador\u00a0 de la SSP Regi\u00f3n Laguna\u00a0y el\u00a0 Ingeniero H\u00e9ctor Flores Rodr\u00edguez Subsecretario de Operaciones\u00a0 de la SSP.\u00a0<\/p>\n\n\n\n<p><strong>VERDAD UNICA, VERDAD OFICIAL.\u00a0\u00a0\u00a0<\/strong><\/p>\n\n\n\n<p>Correspondi\u00f3 al\u00a0 alcalde de Torre\u00f3n, dar a conocer el motivo del encuentro con los Medios,\u00a0 diciendo que, &#8220;para nosotros, es importante la coordinaci\u00f3n, el entendimiento, el trabajo coordinado, en la operaci\u00f3n, en la estrategia, en la inteligencia, siempre ha estado presente y para m\u00ed siempre ha sido importante porque al final del\u00a0 d\u00eda, ante una decisi\u00f3n\u00a0 de interna, de car\u00e1cter administrativo distintas\u00a0 versiones\u00a0 salieron en los Medios de Comunicaci\u00f3n, y la versi\u00f3n es coordinaci\u00f3n, el Mando \u00danico sigue, nunca ha estado ausente y contin\u00faa como el primer d\u00eda de mi administraci\u00f3n&#8221;.<\/p>\n\n\n\n<p>Es\u00a0 importante, recalc\u00f3,\u00a0 &#8220;para todos los que estamos aqu\u00ed,\u00a0 para quienes me han permitido\u00a0 estar desde el primer d\u00eda de mi administraci\u00f3n en una total coordinaci\u00f3n, en un Torre\u00f3n coordinado, pero sobre todo seguro y con Coahuila, pues somos parte\u00a0 de este gran equipo&#8221;.<\/p>\n\n\n\n<p>Es importante,\u00a0 recalc\u00f3 luego que, &#8220;para los Medios de Comunicaci\u00f3n\u00a0 solo hay una versi\u00f3n&#8221;.<\/p>\n\n\n\n<p>Repiti\u00f3 luego que &#8220;la coordinaci\u00f3n entre todos los \u00f3rdenes de gobierno, principalmente con las autoridades del Estado, con el Gobernador&#8221;, dec\u00eda, &#8220;nunca ha estado ausente, sino por el contrario siempre ha estado vigente&#8221;.\u00a0<\/p>\n\n\n\n<p>Estamos, a\u00f1ad\u00eda, &#8220;coordinados en t\u00e9rminos de inversi\u00f3n, en t\u00e9rminos\u00a0 de inteligencia&#8221;.<\/p>\n\n\n\n<p>&#8220;Creo que es importante comentar en esta rueda de prensa, porque Torre\u00f3n debe de ser seguro, est\u00e1 seguir\u00a0 y seguir\u00e1 siendo seguro\u00a0 por una raz\u00f3n; por la buena\u00a0 coordinaci\u00f3n, por el buen entendimiento. Hemos\u00a0 puesto la parte\u00a0 que\u00a0 corresponde, toda la disposici\u00f3n, el compromiso y la responsabilidad desde la agencia investigadora, de todas las corporaciones, hay un Grupo de Reacci\u00f3n Torre\u00f3n, hay un Grupo de Reacci\u00f3n Laguna que se complementa&#8221;.\u00a0<\/p>\n\n\n\n<p>&#8220;Manteni\u00e9ndose\u00a0 en operaci\u00f3n,  un grupo \u00a0 a cargo del Gobierno Estatal y\u00a0 a cargo de todo los municip\u00edos laguneros y el segundo \u00a0a cargo del\u00a0 municipio de Torre\u00f3n,\u00a0 pero bajo la\u00a0 participaci\u00f3n y bajo\u00a0 la coordinaci\u00f3n del primero cuando\u00a0 las situaciones que se pudieran generar en el combate de delitos  mayores,\u00a0 que tienen a cargo, as\u00ed lo ameriten&#8221;.\u00a0\u00a0\u00a0<\/p>\n\n\n\n<p><strong>COMUNCIADO EN ESPERA.<\/strong><\/p>\n\n\n\n<p>M\u00e1s adelante afirm\u00f3 que, &#8220;es un tema de\u00a0 complementariedad, la existencia de los Grupos de Reacci\u00f3n\u00a0 Torreon y el Grupo de Reacci\u00f3n Laguna,\u00a0 porque\u00a0 a partir de aqu\u00ed&#8221;, anunci\u00f3, &#8220;vamos a tener un Mando \u00danico, de parte del Gobierno del Estado, que les vamos a pedir y la de un servidor, que es\u00a0 la parte que prevalece y la que ha subsistido siempre&#8221;.<\/p>\n\n\n\n<p>Termin\u00f3\u00a0 diciendo el alcalde que, &#8220;Torre\u00f3n\u00a0 seguir\u00e1 siendo parte, como siempre, del Mando Unico un, con coordinaci\u00f3n, con estrategia, con inteligencia y con compromiso, de seguir apoyando con equipamiento, con armamento y con todo lo que hemos puesto \u00a0 al final\u00a0 para que Coahuila y Torre\u00f3n siegan siendo el Estado y una de las ciudades m\u00e1s seguras del pa\u00eds&#8221;..\u00a0<\/p>\n\n\n\n<p>Por su parte, el\u00a0 se\u00f1or Federico Fern\u00e1ndez, titular de la SSP, en su intervenci\u00f3n\u00a0 expres\u00f3 que\u00a0 &#8220;en la reuni\u00f3n de seguridad apenas celebrada esta ma\u00f1ana se alcanzaron acuerdos para el bien de Torre\u00f3n en materia de seguridad&#8221;.<\/p>\n\n\n\n<p>Comparti\u00f3 enseguida\u00a0 que, &#8220;el Gobernador Manolo Jim\u00e9nez\u00a0 nos ha pedido que estemos en todas las regiones y los 38 municipios, supervisando y coordin\u00e1ndonos en el tema de seguridad que es una de las prioridades de su gobierno&#8221;.<\/p>\n\n\n\n<p>&#8220;Torre\u00f3n es una ciudad sumamente importante para el Estado, y aqu\u00ed venimos\u00a0 mandos operativos, alcalde y un servidor a decirles a todos Ustedes que Torre\u00f3n, es parte del esquema de Seguridad del Mando \u00danico\u00a0 de Coahuila&#8221;.\u00a0<\/p>\n\n\n\n<p>&#8220;Que el Mando Unico, nunca ha estado en duda, que siempre\u00a0 hemos estado coordinados\u00a0 con el Director de la Polic\u00eda Municipal C\u00e9sar Perales, que adem\u00e1s dicho sea de paso, es un polic\u00eda estatal&#8221;.<\/p>\n\n\n\n<p>En segundo lugar, afirm\u00f3, &#8220;el equipo de Reacci\u00f3n\u00a0 Torre\u00f3n\u00a0 el se\u00f1or alcalde ha tenido a bien designar\u00a0 un nuevo mando, con elementos que van a combatir, que van a prevenir los delitos de alto impacto, pero tambi\u00e9n comentarles que\u00a0 antier, aqu\u00ed en Torre\u00f3n por instrucciones del se\u00f1or Gobernador, se hizo\u00a0 el primer pago de su n\u00f3mina y del bono de riesgo a 90 elementos que conforman el Grupo de Reacci\u00f3n Laguna, que tendr\u00e1 el mismo giro t\u00e1ctico y operativo para prevenir y combatir delitos de alto impacto, pero en toda la regi\u00f3n de la Laguna&#8221;.<\/p>\n\n\n\n<p>Entonces, resumi\u00f3, &#8220;Grupo de Reacci\u00f3n Torre\u00f3n, Grupo de Reacci\u00f3n Laguna\u00a0 se coordinar\u00e1n\u00a0 con el Mando \u00danico&#8221;<\/p>\n","protected":false},"excerpt":{"rendered":"<p>Torre\u00f3n, Coahuila.- Superados los malentendidos, aseguran\u00a0 el alcalde Rom\u00e1n Alberto Cepeda Gonz\u00e1lez y Federico Fern\u00e1ndez,\u00a0 titular de la Secretar\u00eda de Seguridad\u00a0 en Coahuila,\u00a0 en torno a las cuerpos especiales de polic\u00edas \u00a0 de\u00a0 Reacci\u00f3n y Proximidad\u00a0 que se generaron\u00a0 en d\u00edas pasados\u00a0 y dando lugar a especulaciones \u00a0 no solo del\u00a0 orden polic\u00edaco, sino que invadieron otros\u00a0 \u00e1mbitos\u00a0 en la regi\u00f3n.\u00a0 En rueda de prensa\u00a0 realizada esta ma\u00f1ana al t\u00e9rmino&#8230;<\/p>\n","protected":false},"author":2,"featured_media":0,"comment_status":"closed","ping_status":"","sticky":false,"template":"","format":"standard","meta":{"footnotes":""},"categories":[5,15,28,24,7],"tags":[],"class_list":["post-22728","post","type-post","status-publish","format-standard","hentry","category-coahuila","category-gobierno-de-coahuila","category-la-laguna","category-seguridad","category-torreon","wpcat-5-id","wpcat-15-id","wpcat-28-id","wpcat-24-id","wpcat-7-id"],"_links":{"self":[{"href":"https:\/\/www.aquilaguna.com\/index.php\/wp-json\/wp\/v2\/posts\/22728","targetHints":{"allow":["GET"]}}],"collection":[{"href":"https:\/\/www.aquilaguna.com\/index.php\/wp-json\/wp\/v2\/posts"}],"about":[{"href":"https:\/\/www.aquilaguna.com\/index.php\/wp-json\/wp\/v2\/types\/post"}],"author":[{"embeddable":true,"href":"https:\/\/www.aquilaguna.com\/index.php\/wp-json\/wp\/v2\/users\/2"}],"replies":[{"embeddable":true,"href":"https:\/\/www.aquilaguna.com\/index.php\/wp-json\/wp\/v2\/comments?post=22728"}],"version-history":[{"count":1,"href":"https:\/\/www.aquilaguna.com\/index.php\/wp-json\/wp\/v2\/posts\/22728\/revisions"}],"predecessor-version":[{"id":22729,"href":"https:\/\/www.aquilaguna.com\/index.php\/wp-json\/wp\/v2\/posts\/22728\/revisions\/22729"}],"wp:attachment":[{"href":"https:\/\/www.aquilaguna.com\/index.php\/wp-json\/wp\/v2\/media?parent=22728"}],"wp:term":[{"taxonomy":"category","embeddable":true,"href":"https:\/\/www.aquilaguna.com\/index.php\/wp-json\/wp\/v2\/categories?post=22728"},{"taxonomy":"post_tag","embeddable":true,"href":"https:\/\/www.aquilaguna.com\/index.php\/wp-json\/wp\/v2\/tags?post=22728"}],"curies":[{"name":"wp","href":"https:\/\/api.w.org\/{rel}","templated":true}]}}