{"id":2274,"date":"2021-05-18T20:07:33","date_gmt":"2021-05-19T01:07:33","guid":{"rendered":"https:\/\/www.aquilaguna.com\/?p=2274"},"modified":"2021-05-18T20:07:33","modified_gmt":"2021-05-19T01:07:33","slug":"candidatos-del-pri-firman-compromisos-ante-representacion-de-empresarios","status":"publish","type":"post","link":"https:\/\/www.aquilaguna.com\/index.php\/2021\/05\/18\/candidatos-del-pri-firman-compromisos-ante-representacion-de-empresarios\/","title":{"rendered":"Candidatos del PRI firman compromisos ante representaci\u00f3n de empresarios."},"content":{"rendered":"\n<p>Torre\u00f3n, Coahuila.- Los candidatos\u00a0 a las diputaciones\u00a0 de los Distritos\u00a0 Electorales V y VI\u00a0 de Coahuila \u00a0 Shamir Fern\u00e1ndez y Jos\u00e9 Antonio Gutierrez\u00a0 Jard\u00f3n respectivamente,\u00a0 signaron este ma\u00f1ana compromisos puntuales con la representaci\u00f3n \u00a0 de\u00a0 siete C\u00e1maras y Organismos\u00a0 Empresariales\u00a0 que integran \u00a0 el Grupo Empresarial Lagunero -GEL-, que habr\u00e1n de\u00a0 \u00a0 cumplir de alcanzar el triunfo en las urnas el pr\u00f3ximo primer domingo de junio\u00a0 del a\u00f1o en curso.<\/p>\n\n\n\n<p>Tal compromiso,\u00a0 en la reuni\u00f3n\u00a0 que\u00a0 encabez\u00f3\u00a0 el Presidente y vocero del GEL, se\u00f1or Guillermo Mart\u00ednez, acompa\u00f1ado de\u00a0 \u00a0 la representaci\u00f3n de la CANACO,\u00a0 CANACINTRA,\u00a0 CANIRAC, CMIC, CAGT, CANIETI\u00a0 y CANADEVI se finca en las propuestas que \u00a0 los empresarios reunidos para tal objetivo con los\u00a0 candidatos \u00a0 postulados por el Partido Revolucionario institucional,\u00a0 hicieron suyos.<\/p>\n\n\n\n<p>Incluyen\u00a0 como primer punto, \u00a0 la\u00a0 gestaci\u00f3n de una Ley para la Reactivaci\u00f3n\u00a0 y Desarrollo Econ\u00f3mico,\u00a0 que respalde o soporte la econom\u00eda nacional de ser esta afectada por\u00a0 contingencias de muy diversa \u00edndole.<\/p>\n\n\n\n<p>En segundo eje, \u00a0 se incluye una propuesta para crear  &#8221;un M\u00e9xico de Leyes justas y adaptadas al entorno actual&#8221;.<\/p>\n\n\n\n<p>Ello,\u00a0 ya que la reciente aprobaci\u00f3n de leyes \u00a0 en M\u00e9xico, como las que involucran\u00a0 las tem\u00e1ticas\u00a0 recientes \u00a0 en materia de\u00a0 hidrocarburos, de datos biom\u00e9tricos, reformas al outsourcing,\u00a0 la\u00a0 de la industria el\u00e9ctrica, no contaron con la aprobaci\u00f3n\u00a0 total del Congreso y generaron discusi\u00f3n, malestar \u00a0 e incluso amparos ciudadanos y empresariales, lo que denota la necesidad urgente\u00a0 de retomar el consejo entre \u00a0 los poderes ejecutivo, legislativo y la sociedad en general.<\/p>\n\n\n\n<p>Como tercer eje,\u00a0 \u00a0 o compromiso \u00a0 alude a la generaci\u00f3n de una agenda de trabajo en com\u00fan\u00a0 entre los diputados federales\u00a0 y el sector productivo\u00a0 en participaci\u00f3n de di\u00e1logo y an\u00e1lisis previo de las iniciativas, leyes, y propuestas que involucren\u00a0 e imagen al sector productivo, sus\u00a0 trabajadores, en una colaboraci\u00f3n cercan\u00eda din\u00e1mica y muy propositiva.\u00a0<\/p>\n\n\n\n<p>El documento del compromiso\u00a0 se sign\u00f3 entre los involucrados, que no sin antes expusieran de viva voz, el desd\u00e9n con el que han sido\u00a0 rechazadas\u00a0 sus quejas\u00a0 y mucho menos recibidas sus propuestas ante\u00a0 por lo menos dos niveles de gobierno -el federal y el del municipio-, se\u00f1alando algunos que incluso, a quienes han osado \u00a0 poner\u00a0 los puntos sobre las \u00edes en temas no personales sino de inter\u00e9s general, son\u00a0 hasta v\u00edctimas de singular terrorismo fiscal, amen del maltrato a trav\u00e9s de\u00a0 calificativos nada\u00a0 amables \u00a0 que desde\u00a0 el podium del poder\u00a0 en el pa\u00eds se emiten en su contra.<\/p>\n\n\n\n<p><strong>CEREMONIA DEL PERDON.<\/strong><\/p>\n\n\n\n<p>Y\u00a0 al t\u00e9rmino de este encuentro, el se\u00f1or Guillermo Mart\u00ednez, fue abordado sobre el tema del perd\u00f3n y\u00a0 los actos y eventos que ha generado\u00a0 en Torre\u00f3n entre\u00a0 autoridades \u00a0 rememorar tan fat\u00eddica fecha -17 de mayo de 1911-,\u00a0 uno de los d\u00edas que\u00a0 en esta ciudad\u00a0 se vivi\u00f3 una infamia, al masacrar a 303 personas \u00a0 de origen chino por parte de\u00a0 fuerzas revolucionarias, \u00e9ste considero que:<\/p>\n\n\n\n<p>&#8221;Creo\u00a0 que nos resulta positivo el haber presentado disculpas por aquella a masacre\u00a0 de\u00a0 hace mas de 100 a\u00f1os, pues al final de cuentas contar con relaciones culturales,\u00a0 \u00a0 entre dos naciones, dos\u00a0 culturas distintas, pero tambi\u00e9n es importante tomar en cuenta que China, ha estado muy presente en nuestra naci\u00f3n&#8221;.<\/p>\n\n\n\n<p>&#8221;Creo que por eso, es muy importante el haber hecho esta conmemoraci\u00f3n, pues si bien hubo tardanza ya se hizo,\u00a0 y ello mejorar\u00e1, fortalecer los lazos econ\u00f3micos y culturales que el pueblo chino sigue manteniendo con el pa\u00eds, y con\u00a0 los laguneros&#8221;.<\/p>\n","protected":false},"excerpt":{"rendered":"<p>Torre\u00f3n, Coahuila.- Los candidatos\u00a0 a las diputaciones\u00a0 de los Distritos\u00a0 Electorales V y VI\u00a0 de Coahuila \u00a0 Shamir Fern\u00e1ndez y Jos\u00e9 Antonio Gutierrez\u00a0 Jard\u00f3n respectivamente,\u00a0 signaron este ma\u00f1ana compromisos puntuales con la representaci\u00f3n \u00a0 de\u00a0 siete C\u00e1maras y Organismos\u00a0 Empresariales\u00a0 que integran \u00a0 el Grupo Empresarial Lagunero -GEL-, que habr\u00e1n de\u00a0 \u00a0 cumplir de alcanzar el triunfo en las urnas el pr\u00f3ximo primer domingo de junio\u00a0 del a\u00f1o en curso&#8230;.<\/p>\n","protected":false},"author":2,"featured_media":0,"comment_status":"closed","ping_status":"","sticky":false,"template":"","format":"standard","meta":{"footnotes":""},"categories":[20,5,28,16,7],"tags":[],"class_list":["post-2274","post","type-post","status-publish","format-standard","hentry","category-campanas","category-coahuila","category-la-laguna","category-pri","category-torreon","wpcat-20-id","wpcat-5-id","wpcat-28-id","wpcat-16-id","wpcat-7-id"],"_links":{"self":[{"href":"https:\/\/www.aquilaguna.com\/index.php\/wp-json\/wp\/v2\/posts\/2274","targetHints":{"allow":["GET"]}}],"collection":[{"href":"https:\/\/www.aquilaguna.com\/index.php\/wp-json\/wp\/v2\/posts"}],"about":[{"href":"https:\/\/www.aquilaguna.com\/index.php\/wp-json\/wp\/v2\/types\/post"}],"author":[{"embeddable":true,"href":"https:\/\/www.aquilaguna.com\/index.php\/wp-json\/wp\/v2\/users\/2"}],"replies":[{"embeddable":true,"href":"https:\/\/www.aquilaguna.com\/index.php\/wp-json\/wp\/v2\/comments?post=2274"}],"version-history":[{"count":1,"href":"https:\/\/www.aquilaguna.com\/index.php\/wp-json\/wp\/v2\/posts\/2274\/revisions"}],"predecessor-version":[{"id":2275,"href":"https:\/\/www.aquilaguna.com\/index.php\/wp-json\/wp\/v2\/posts\/2274\/revisions\/2275"}],"wp:attachment":[{"href":"https:\/\/www.aquilaguna.com\/index.php\/wp-json\/wp\/v2\/media?parent=2274"}],"wp:term":[{"taxonomy":"category","embeddable":true,"href":"https:\/\/www.aquilaguna.com\/index.php\/wp-json\/wp\/v2\/categories?post=2274"},{"taxonomy":"post_tag","embeddable":true,"href":"https:\/\/www.aquilaguna.com\/index.php\/wp-json\/wp\/v2\/tags?post=2274"}],"curies":[{"name":"wp","href":"https:\/\/api.w.org\/{rel}","templated":true}]}}