{"id":22763,"date":"2024-10-07T18:55:18","date_gmt":"2024-10-08T00:55:18","guid":{"rendered":"https:\/\/www.aquilaguna.com\/?p=22763"},"modified":"2024-10-07T18:55:18","modified_gmt":"2024-10-08T00:55:18","slug":"en-la-laguna-en-coordinacion-fortalecemos-el-trabajo-en-seguridad-y-desarrollo","status":"publish","type":"post","link":"https:\/\/www.aquilaguna.com\/index.php\/2024\/10\/07\/en-la-laguna-en-coordinacion-fortalecemos-el-trabajo-en-seguridad-y-desarrollo\/","title":{"rendered":"EN LA LAGUNA, EN COORDINACI\u00d3N FORTALECEMOS EL TRABAJO EN SEGURIDAD Y DESARROLLO."},"content":{"rendered":"\n<p>Torre\u00f3n Coahuila de Zaragoza; a 7 de octubre de 2024.- El gobernador Manolo Jim\u00e9nez Salinas reiter\u00f3 la buena relaci\u00f3n que existe entre las diferentes instancias que participan en el Consejo de Seguridad y Desarrollo Regional de La Laguna (Consede), mesa desde la que se manda un mensaje de fortaleza y de coordinaci\u00f3n en esta zona de Coahuila.<\/p>\n\n\n\n<p>&#8220;En equipo, estamos llevando el desarrollo parejo a todas las regiones. Arrancamos la semana desde Torre\u00f3n con el Consejo de Seguridad y Desarrollo Regional, donde dimos seguimiento a temas de seguridad, infraestructura sostenible y Coahuila Global, para as\u00ed continuar fortaleciendo el desarrollo de la regi\u00f3n La Laguna&#8221;, se\u00f1al\u00f3 el gobernador.<\/p>\n\n\n\n<p>El Mandatario estatal destac\u00f3 que uno de los temas m\u00e1s importantes que se trataron en esta reuni\u00f3n del Consede Laguna fue el de seguridad, en donde se habl\u00f3 del fortalecimiento a la coordinaci\u00f3n en la regi\u00f3n Laguna, as\u00ed como de las diferentes reuniones que ha tenido Federico Fern\u00e1ndez Monta\u00f1ez, secretario de Seguridad P\u00fablica con el alcalde de Torre\u00f3n, Rom\u00e1n Alberto Cepeda Gonz\u00e1lez, y con diferentes alcaldes de regi\u00f3n.<\/p>\n\n\n\n<p>Destac\u00f3 los acuerdos que se han tenido para fortalecer la seguridad en esta zona, con la creaci\u00f3n del Grupo de Reacci\u00f3n Laguna, y la operatividad municipal del Grupo de Reacci\u00f3n Torre\u00f3n, grupos que est\u00e1n ya trabajando en completa coordinaci\u00f3n. Inform\u00f3 que se nombr\u00f3 un enlace para que haya coordinaci\u00f3n entre la Polic\u00eda Municipal y la Polic\u00eda Estatal.<\/p>\n\n\n\n<p>Manolo Jim\u00e9nez se\u00f1al\u00f3 que en esta regi\u00f3n se han est\u00e1n llevando a cabo y fortaleciendo operativos, en conjunto con el Ej\u00e9rcito y la Guardia Nacional, que tiene qu\u00e9 ver con el combate al huachicol; la homologaci\u00f3n de horarios en bares, antros y restaurantes; el narcomenudeo en estos giros; y la reglamentaci\u00f3n y supervisi\u00f3n de las personas que prestan servicios como escoltas personales o privados, para que su papeler\u00eda y documentaci\u00f3n est\u00e9n en regla.&nbsp;&nbsp;<\/p>\n\n\n\n<p>\u201cDesde que iniciamos con estos estos operativos coordinados se han tenido buenos resultados\u201d, coment\u00f3.<\/p>\n\n\n\n<p>De la misma manera, dijo que en esta reuni\u00f3n del Consede se inform\u00f3 de los avances que registran las diferentes obras de infraestructura que se est\u00e1n realizando en los municipios de la La Laguna, como el Giro Independencia, que registra un avance del 83 por ciento en su construcci\u00f3n, as\u00ed como de las obras sociales que tienen qu\u00e9 ver con agua, pavimento, electrificaci\u00f3n, techos, cuartos, entre otras acciones.<\/p>\n\n\n\n<p>Manolo Jim\u00e9nez inform\u00f3 de la participaci\u00f3n que tuvieron en el Foro Econ\u00f3mico del Norte, en la Ciudad de M\u00e9xico, en donde aprovecharon para reunirse con empresas internacionales que ya est\u00e1n instaladas en Coahuila, y a las que les est\u00e1 yendo muy bien, empresa como Stellantis, General Motors, Daimler, Magna, MartinRea, las cuales quieren seguir invirtiendo en M\u00e9xico.<\/p>\n\n\n\n<p>\u201cY lo que queremos es que no dejen de invertir en Coahuila, que si ya les est\u00e1 yendo bien aqu\u00ed, que exploren crecer en donde ya est\u00e1 instaladas o en alguna otra regi\u00f3n del estado, porque Coahuila garantiza estabilidad laboral, estado de derecho y seguridad en todas sus regiones, entre otros varios factores\u201d, se\u00f1al\u00f3.<\/p>\n\n\n\n<p>&nbsp;Coment\u00f3 que, en el tema de estado de derecho, de la mano con los poderes Legislativo y Judicial, en esta mesa de trabajo se explic\u00f3 la ruta que se estar\u00e1 siguiendo para ir homologando de manera responsable la Legislaci\u00f3n local con la reciente promulgaci\u00f3n de la Ley Federal relacionada con el Poder Judicial, para que la de Coahuila sea una que fortalezca las instituciones, que d\u00e9 certeza a los inversionistas, y que siga fortaleciendo el estado de derecho en nuestro estado.<\/p>\n\n\n\n<p>Resalt\u00f3, adem\u00e1s, la buena relaci\u00f3n que se tiene con las fuerzas armadas y los nuevos secretarios de la SEDENA, de la Marina, y de seguridad P\u00fablica, con quienes se estar\u00e1 robusteciendo la seguridad en Coahuila.<\/p>\n\n\n\n<p>Jim\u00e9nez Salinas destac\u00f3 los compromisos de la presidenta Claudia Sheinbaum con Coahuila, como el del Agua Saludable para La Laguna, en el que adem\u00e1s se estar\u00e1n modernizando las redes de abastecimiento; as\u00ed como la modernizaci\u00f3n de la carretera 57; el tren de pasajeros que pasar\u00e1 por Coahuila; y el rescate de AHMSA, que se trabaja en un proyecto junto a los integrantes del Consede regi\u00f3n Centro y proceder a una soluci\u00f3n.<\/p>\n\n\n\n<p>En esta reuni\u00f3n del Consede Laguna estuvieron presentes alcaldesas y alcaldes de la regi\u00f3n, diputadas y diputados federales y locales; mandos militares; funcionarios estatales y municipales, miembros de la sociedad civil.<\/p>\n","protected":false},"excerpt":{"rendered":"<p>Torre\u00f3n Coahuila de Zaragoza; a 7 de octubre de 2024.- El gobernador Manolo Jim\u00e9nez Salinas reiter\u00f3 la buena relaci\u00f3n que existe entre las diferentes instancias que participan en el Consejo de Seguridad y Desarrollo Regional de La Laguna (Consede), mesa desde la que se manda un mensaje de fortaleza y de coordinaci\u00f3n en esta zona de Coahuila. &#8220;En equipo, estamos llevando el desarrollo parejo a todas las regiones. Arrancamos la&#8230;<\/p>\n","protected":false},"author":1,"featured_media":22764,"comment_status":"closed","ping_status":"","sticky":false,"template":"","format":"standard","meta":{"footnotes":""},"categories":[5,15,28,24],"tags":[],"class_list":["post-22763","post","type-post","status-publish","format-standard","has-post-thumbnail","hentry","category-coahuila","category-gobierno-de-coahuila","category-la-laguna","category-seguridad","wpcat-5-id","wpcat-15-id","wpcat-28-id","wpcat-24-id"],"_links":{"self":[{"href":"https:\/\/www.aquilaguna.com\/index.php\/wp-json\/wp\/v2\/posts\/22763","targetHints":{"allow":["GET"]}}],"collection":[{"href":"https:\/\/www.aquilaguna.com\/index.php\/wp-json\/wp\/v2\/posts"}],"about":[{"href":"https:\/\/www.aquilaguna.com\/index.php\/wp-json\/wp\/v2\/types\/post"}],"author":[{"embeddable":true,"href":"https:\/\/www.aquilaguna.com\/index.php\/wp-json\/wp\/v2\/users\/1"}],"replies":[{"embeddable":true,"href":"https:\/\/www.aquilaguna.com\/index.php\/wp-json\/wp\/v2\/comments?post=22763"}],"version-history":[{"count":1,"href":"https:\/\/www.aquilaguna.com\/index.php\/wp-json\/wp\/v2\/posts\/22763\/revisions"}],"predecessor-version":[{"id":22765,"href":"https:\/\/www.aquilaguna.com\/index.php\/wp-json\/wp\/v2\/posts\/22763\/revisions\/22765"}],"wp:featuredmedia":[{"embeddable":true,"href":"https:\/\/www.aquilaguna.com\/index.php\/wp-json\/wp\/v2\/media\/22764"}],"wp:attachment":[{"href":"https:\/\/www.aquilaguna.com\/index.php\/wp-json\/wp\/v2\/media?parent=22763"}],"wp:term":[{"taxonomy":"category","embeddable":true,"href":"https:\/\/www.aquilaguna.com\/index.php\/wp-json\/wp\/v2\/categories?post=22763"},{"taxonomy":"post_tag","embeddable":true,"href":"https:\/\/www.aquilaguna.com\/index.php\/wp-json\/wp\/v2\/tags?post=22763"}],"curies":[{"name":"wp","href":"https:\/\/api.w.org\/{rel}","templated":true}]}}