{"id":22766,"date":"2024-10-07T19:24:47","date_gmt":"2024-10-08T01:24:47","guid":{"rendered":"https:\/\/www.aquilaguna.com\/?p=22766"},"modified":"2024-10-07T19:24:47","modified_gmt":"2024-10-08T01:24:47","slug":"presenta-gobernador-resultados-de-consejo-de-seguridad-y-desarrollo","status":"publish","type":"post","link":"https:\/\/www.aquilaguna.com\/index.php\/2024\/10\/07\/presenta-gobernador-resultados-de-consejo-de-seguridad-y-desarrollo\/","title":{"rendered":"Presenta Gobernador resultados de Consejo de Seguridad y Desarrollo."},"content":{"rendered":"\n<p>Torre\u00f3n, Coahuila.- El Gobernador Manolo Jim\u00e9nez Salinas \u00a0 present\u00f3 los resultados generados durante la celebraci\u00f3n de la reuni\u00f3n\u00a0 del Consejo de Seguridad y Desarrollo, y que constituye\u00a0 un mensaje de fortaleza, de coordinaci\u00f3n, en especial\u00a0 el tema que ocupa para su gobierno, la seguridad.<\/p>\n\n\n\n<p>Los temas de inter\u00e9s\u00a0 local y los de necesaria participaci\u00f3n federal, de inversi\u00f3n en materia de obra p\u00fablica, agenda para \u00a0 la realizaci\u00f3n de la segunda etapa del Proyecto Agua Saludable para la Laguna,\u00a0 del proyecto\u00a0 que\u00a0 conjuntamente con el\u00a0 \u00e1rea federal habr\u00e1 de elaborarse para\u00a0 el rescate de AHMSA y con ello dar salida a la problem\u00e1tica de orden econ\u00f3mico que registra la region centro del Estado, entre otros.<\/p>\n\n\n\n<p>Este encuentro celebrado en las instalaciones del Centro de Convenciones,\u00a0 incluy\u00f3\u00a0 el an\u00e1lisis de la obra p\u00fablica que se lleva a cabo en esta ciudad y el resto de la Laguna, \u00a0 cuyo informe corri\u00f3 a cargo del alcalde de Torre\u00f3n, abord\u00e1ndose tambi\u00e9n las\u00a0 obras que le corresponden al gobierno estatal y el resto de los municipios\u00a0 de la regi\u00f3n.<\/p>\n\n\n\n<p>Enfatiz\u00f3 el gobernador,\u00a0 la informaci\u00f3n relativa a las obras sociales,\u00a0 que dijo, &#8220;hay muchas por ah\u00ed y que corresponden\u00a0 a pavimentaci\u00f3n, techos, cuartos&#8221;,\u00a0 d\u00e1ndose a conocer el rubro de inversion en cada uno de los municipios.<\/p>\n\n\n\n<p>Y el tema de seguridad\u00a0 en la comarca \u00a0 se abord\u00f3  de su\u00a0 coordinaci\u00f3n en la zona lagunera, de las diferentes reuniones\u00a0 sostenidas entre el titular de la Secretar\u00eda de Seguridad P\u00fablica en el Estado con el alcalde de Torre\u00f3n y con los del resto de los municipios laguneros.<\/p>\n\n\n\n<p>Destac\u00f3 entre los resultados de estos encuentros, en especial\u00a0 en Torre\u00f3n, &#8220;se fortalece\u00a0 la seguridad, con la creaci\u00f3n del Grupo de Reacci\u00f3n Laguna \u00a0 y se\u00a0 fortalece la seguridad de Torre\u00f3n con el Grupo de Reacci\u00f3n Torre\u00f3n&#8221;.<\/p>\n\n\n\n<p>Revel\u00f3 que, &#8220;ya se pusieron de acuerdo el Secretario de Seguridad P\u00fablica y el alcalde de Torre\u00f3n para que haya coordinaci\u00f3n entre los Mandos que era donde hab\u00eda que apretar fuerte, en los mandos y en los elementos&#8221;.<\/p>\n\n\n\n<p>&#8220;Se nombr\u00f3 un enlace para que haya coordinaci\u00f3n entre la polic\u00eda estatal y la municipal que queda a cargo de un \u00a0 elemento que tiene experiencia\u00a0 y de esa manera ya se suma el\u00a0 Ej\u00e9rcito mexicano, la Guardia Nacional\u00a0 y se han hecho operativos\u00a0 a ra\u00edz de esta coordinaci\u00f3n, \u00a0 que en su momento presentamos aqu\u00ed&#8221;.<\/p>\n\n\n\n<p>Inform\u00f3 que desde el pasado fin de semana\u00a0 se han hecho operativos para supervisar que no haya venta de drogas, que ya era, dijo, &#8220;un tema\u00a0 ya muy sonado, con la presencia de los tres \u00f3rdenes de Gobierno, \u00a0 para desalentar a los narcomenudistas\u00a0 de estos espacios p\u00fablicos&#8221;.<\/p>\n\n\n\n<p>Traemos tambi\u00e9n, dijo, &#8220;los operativos sorbe bares\u00a0 donde ya se invad\u00edan espacios p\u00fablicos\u00a0 expuestos ya\u00a0 por\u00a0 las familias de Torre\u00f3n&#8221;.\u00a0\u00a0<\/p>\n\n\n\n<p>Y por ah\u00ed, agreg\u00f3, &#8220;el General Ibarra, nos pidi\u00f3 que fortaleci\u00e9ramos los trabajos de investigaci\u00f3n en materia de gasolina robada. Fue una petici\u00f3n que nos hizo\u00a0 el mando de\u00a0 la XI Regi\u00f3n Militar que vamos a fortalecer los operativos en ese sentido&#8221;.<\/p>\n\n\n\n<p>En el tema de seguridad, admite\u00a0 que mientras\u00a0 hay ciertos &#8220;focos rojos&#8221; en algunos Estados del pa\u00eds, &#8220;aqu\u00ed, seguimos fortaleciendo este tema, que es fundamental para la calidad de vida de nuestra gente&#8221;.<\/p>\n\n\n\n<p>En cuanto a temas como lo es el de desarrollo econ\u00f3mico, inform\u00f3 el haber participado y en el Foro Econ\u00f3mico del Norte\u00a0 la semana anterior.\u00a0<\/p>\n\n\n\n<p>&#8220;Estuvimos con empresas internacionales\u00a0 que ya est\u00e1n invirtiendo en Coahuila\u00a0 y que les esta yendo muy bien, estuvimos con sus directivos y\u00a0 propietarios&#8221;, citando por su\u00a0 raz\u00f3n social a las empresas \u00a0 aludidas, &#8220;entre otros a\u00a0 Martin Rea, Magna, Stellantis, General Motors,\u00a0 Rambler, y todos quieren&#8221;, dijo, &#8220;seguir \u00a0 en M\u00e9xico&#8221;.<\/p>\n\n\n\n<p>Lo que queremos, dijo luego, &#8220;es que inviertan en Coahuila, que si ya les est\u00e1 yendo bien\u00a0 aqu\u00ed, que exploren\u00a0\u00a0 en otras regiones de nuestro Estado, pues el techo\u00a0 de la entidad les garantiza\u00a0 la certeza de sus derechos\u00a0 y fundamentalmente\u00a0 la seguridad&#8221;.<\/p>\n\n\n\n<p>En el tema del &#8220;Estado de Derecho, aqu\u00ed,\u00a0 junto con el Poder Legislativo y el Poder Judicial\u00a0 explicamos lo que estaremos haciendo\u00a0 y siguiendo para ir homologando la legislaci\u00f3n local con la\u00a0 naciente combinaci\u00f3n con la Ley del Poder Judicial, para que en Coahuila tal homologaci\u00f3n\u00a0 sea una que fortalezca a las instituciones, que de certeza a los inversionistas\u00a0 y se siga fortaleciendo el Estado de Derecho en Coahuila&#8221;.<\/p>\n\n\n\n<p>Lo anterior, sostuvo, &#8220;es una propuesta de los Legisladores de Coahuila, hecha por unanimidad\u00a0 donde est\u00e1n invitando\u00a0a los Poderes Ejecutivo\u00a0 y Legislativo, a las c\u00e1maras empresariales, bufetes, barras y Colegios de Abogados, a organismos sociales\u00a0 para hacer entre todos, una homologaci\u00f3n\u00a0 que fortalezca nuestro Estado de Derecho&#8221;.\u00a0<\/p>\n\n\n\n<p>Resalt\u00f3, &#8220;las buenas relaciones\u00a0 con las fuerzas armadas, con quienes\u00a0 design\u00f3 la Presidenta de M\u00e9xico, con los mandos militares, con el se\u00f1or Secretario General Trevilla, que tuvo en un momento responsabilidad en Coahuila, el Subsecretario de la Defensa\u00a0 Nacional\u00a0 el General Covarrubias, y ya en comunicaci\u00f3n\u00a0 con el Comandante\u00a0 Secretario de la Marina&#8221;.\u00a0<\/p>\n\n\n\n<p>Inform\u00f3 haber estado en el acto de posesi\u00f3n de la nueva Presidenta del pa\u00eds, Claudia Sheinbaum, agregando que, &#8220;por ah\u00ed estuvimos platicando con nuestro amigo Garc\u00eda Harfutch&#8221;, con quien dice tener una relaci\u00f3n cercana,\u00a0&#8220;y estamos preparando un diagn\u00f3stico, para seguir robusteciendo ese tema, en equipo&#8221;.<\/p>\n\n\n\n<p>Consider\u00f3, &#8220;lo anterior son buenas noticias, pues hay una buena coordinaci\u00f3n en el \u00e1mbito estatal,\u00a0con la Fiscal\u00eda y en la parte federal tenemos comunicaci\u00f3n y una ruta muy clara para fortalecer la seguridad de nuestro Estado&#8221;.\u00a0\u00a0<\/p>\n\n\n\n<p>No\u00a0 dej\u00f3 de mencionar, los compromisos con la Presidenta Claudia Sheinbaum para Coahuila\u00a0 y que en el caso de la Laguna, &#8220;est\u00e1 el tema del agua, la\u00a0 tecnificaci\u00f3n, as\u00ed como la construcci\u00f3n de las redes de distribuci\u00f3n en los municipios laguneros&#8221;.<\/p>\n\n\n\n<p>&#8220;Y eso, es importante porque el cien por ciento\u00a0 de agua\u00a0 inyectada a la red, procedente de los pozos\u00a0 o de gravedad, se nos va en\u00a0 fuga un 40 por ciento, entonces en las pl\u00e1ticas previas con la presidenta comentamos que\u00a0 \u00e1hora ser\u00e1\u00a0 la segunda etapa del proyecto\u00a0 Agua Saludable, para hacer llegar el l\u00edquido a Matamoros, San Pedro, Viesca\u00a0 y conectar en las redes de distribuci\u00f3n, por ah\u00ed en estos d\u00edas tendremos \u00a0 pl\u00e1ticas con el titular de la CONAGUA\u00a0 para\u00a0 hablar sobre el tema y para otros sitios del Estado&#8221;.<\/p>\n\n\n\n<p>&#8220;En las obras federales contempladas tenemos la carretera 57, el paso del tren, del cual tenemos ya el compromiso de que pase por Coahuila&#8221;.<\/p>\n\n\n\n<p>Y algo muy importante, afirm\u00f3; &#8220;el rescate de AHMSA, donde estamos trabajando\u00a0 en un proyecto con\u00a0 L\u00e1zaro C\u00e1rdenas, titular de la oficina de la Presidenta, para proceder\u00a0 a una soluci\u00f3n. Ellos conocen las tripas de la situaci\u00f3n y pueden darnos un norte de como se pudiera arreglar esta situaci\u00f3n&#8221;.<\/p>\n\n\n\n<p>No dej\u00f3 fuera \u00a0 el rescate de los restos de\u00a0 los mineros \u00a0 en Pasta de Conchos y el Pinabete. &#8220;Esto fue lo que platicamos en esta reuni\u00f3n&#8221;, que calific\u00f3, &#8220;de muy propositiva, productiva&#8221;.<\/p>\n\n\n\n<p>Y para finalizar anticip\u00f3 de la reuni\u00f3n que en d\u00edas pr\u00f3ximos sostendr\u00e1n los integrantes\u00a0 del Fideicomiso del ISN, &#8220;para determinar las obras que en esta regi\u00f3n se habr\u00e1n de financiar\u00a0 con estos recursos en el 2025&#8221;.<\/p>\n","protected":false},"excerpt":{"rendered":"<p>Torre\u00f3n, Coahuila.- El Gobernador Manolo Jim\u00e9nez Salinas \u00a0 present\u00f3 los resultados generados durante la celebraci\u00f3n de la reuni\u00f3n\u00a0 del Consejo de Seguridad y Desarrollo, y que constituye\u00a0 un mensaje de fortaleza, de coordinaci\u00f3n, en especial\u00a0 el tema que ocupa para su gobierno, la seguridad. Los temas de inter\u00e9s\u00a0 local y los de necesaria participaci\u00f3n federal, de inversi\u00f3n en materia de obra p\u00fablica, agenda para \u00a0 la realizaci\u00f3n de la segunda&#8230;<\/p>\n","protected":false},"author":2,"featured_media":0,"comment_status":"closed","ping_status":"","sticky":false,"template":"","format":"standard","meta":{"footnotes":""},"categories":[5,15,28,24],"tags":[],"class_list":["post-22766","post","type-post","status-publish","format-standard","hentry","category-coahuila","category-gobierno-de-coahuila","category-la-laguna","category-seguridad","wpcat-5-id","wpcat-15-id","wpcat-28-id","wpcat-24-id"],"_links":{"self":[{"href":"https:\/\/www.aquilaguna.com\/index.php\/wp-json\/wp\/v2\/posts\/22766","targetHints":{"allow":["GET"]}}],"collection":[{"href":"https:\/\/www.aquilaguna.com\/index.php\/wp-json\/wp\/v2\/posts"}],"about":[{"href":"https:\/\/www.aquilaguna.com\/index.php\/wp-json\/wp\/v2\/types\/post"}],"author":[{"embeddable":true,"href":"https:\/\/www.aquilaguna.com\/index.php\/wp-json\/wp\/v2\/users\/2"}],"replies":[{"embeddable":true,"href":"https:\/\/www.aquilaguna.com\/index.php\/wp-json\/wp\/v2\/comments?post=22766"}],"version-history":[{"count":1,"href":"https:\/\/www.aquilaguna.com\/index.php\/wp-json\/wp\/v2\/posts\/22766\/revisions"}],"predecessor-version":[{"id":22767,"href":"https:\/\/www.aquilaguna.com\/index.php\/wp-json\/wp\/v2\/posts\/22766\/revisions\/22767"}],"wp:attachment":[{"href":"https:\/\/www.aquilaguna.com\/index.php\/wp-json\/wp\/v2\/media?parent=22766"}],"wp:term":[{"taxonomy":"category","embeddable":true,"href":"https:\/\/www.aquilaguna.com\/index.php\/wp-json\/wp\/v2\/categories?post=22766"},{"taxonomy":"post_tag","embeddable":true,"href":"https:\/\/www.aquilaguna.com\/index.php\/wp-json\/wp\/v2\/tags?post=22766"}],"curies":[{"name":"wp","href":"https:\/\/api.w.org\/{rel}","templated":true}]}}