{"id":22813,"date":"2024-10-10T19:12:34","date_gmt":"2024-10-11T01:12:34","guid":{"rendered":"https:\/\/www.aquilaguna.com\/?p=22813"},"modified":"2024-10-10T19:12:34","modified_gmt":"2024-10-11T01:12:34","slug":"realizan-en-la-uadec-el-circulo-de-conferencias-educacion-e-inteligencia-artificial-del-aula-a-las-publicaciones-cientificas","status":"publish","type":"post","link":"https:\/\/www.aquilaguna.com\/index.php\/2024\/10\/10\/realizan-en-la-uadec-el-circulo-de-conferencias-educacion-e-inteligencia-artificial-del-aula-a-las-publicaciones-cientificas\/","title":{"rendered":"Realizan en la UAdeC el C\u00edrculo de Conferencias \u201cEducaci\u00f3n e Inteligencia Artificial: Del Aula a las Publicaciones Cient\u00edficas\u201d."},"content":{"rendered":"\n<p>SALTILLO, Coahuila. 10 de octubre de 2024. En el marco de la S\u00e9ptima Semana<br>Nacional de Ciencias Sociales (SNCS) del Consejo Mexicano de Ciencias Sociales<br>(COMECSO), el Cuerpo Acad\u00e9mico \u201cInnovaci\u00f3n y Desarrollo Educativo Laboral\u201d de<br>la Facultad de Ciencia, Educaci\u00f3n y Humanidades de la Universidad Aut\u00f3noma de<br>Coahuila, llev\u00f3 a cabo de manera virtual y presencial el c\u00edrculo de conferencias<br>\u201cEducaci\u00f3n e inteligencia artificial: Del aula a las publicaciones cient\u00edficas\u201d.<\/p>\n\n\n\n<p>La S\u00e9ptima Semana Nacional de Ciencias Sociales, es un espacio de intercambio de<br>ideas, donde se presentan conferencias, mesas de trabajo y otras actividades<br>acad\u00e9micas, organizadas por investigadores, profesores y estudiantes de<br>universidades, centros p\u00fablicos de investigaci\u00f3n y asociaciones.<\/p>\n\n\n\n<p>Durante el evento se cont\u00f3 con la presencia de los miembros del Cuerpo Acad\u00e9mico<br>\u201cInnovaci\u00f3n y Desarrollo Educativo Laboral\u201d de la Facultad de Ciencia, Educaci\u00f3n y<br>Humanidades, Consuelo Salinas Aguirre, Jaqueline Hern\u00e1ndez Cueto y Gerardo<br>Charles Meza.<\/p>\n\n\n\n<p>Como parte de las conferencias se imparti\u00f3 \u201cUsos de la IA en la educaci\u00f3n: Retos y<br>oportunidades\u201d, a cargo del director adjunto de INFOTEC M\u00e9xico, Carlos Josu\u00e9<br>Lavandeira Portillo, quien es egresado de la carrera de Ingenier\u00eda Industrial y de<br>Sistemas Computacionales de la Facultad de Sistemas Unidad Sureste de la UAdeC,<br>adem\u00e1s curs\u00f3 su Doctorado en Ciencias de la Educaci\u00f3n en la Facultad de Ciencia,<br>Educaci\u00f3n y Humanidades.<\/p>\n\n\n\n<p>En su intervenci\u00f3n, comparti\u00f3 que la inteligencia artificial no es inteligente ni es<br>artificial y que el aprendizaje m\u00e1quina, depende de los datos disponibles para el<br>entrenamiento de los modelos, por lo que la IA ser\u00e1 tan inteligente como la<br>informaci\u00f3n con que se entrenen dichos modelos.<\/p>\n\n\n\n<p>Se\u00f1al\u00f3 que la IA se usa en los entornos educativos de la siguiente manera:<br>Consumo de informaci\u00f3n, producci\u00f3n de informaci\u00f3n, revisi\u00f3n de informaci\u00f3n,<br>parafraseo, revisi\u00f3n antiplagio, producci\u00f3n de contenidos de aprendizajes,<br>planeaci\u00f3n educativa, revisi\u00f3n de actividades y generaci\u00f3n de casos.<\/p>\n\n\n\n<p>Por otro lado, dijo que los retos y oportunidades en la IA, son Calidad de datos e<br>informaci\u00f3n disponible, Sesgos inherentes y humanos en los modelos, Imprecisiones<br>en los dise\u00f1os de modelos, Riesgos de plagio, Intenci\u00f3n ventajosa, Retraso cultural,<br>Mayor capacidad de consumo de contenido en menor tiempo, Producci\u00f3n de casos a<br>modo, Dise\u00f1o de herramientas de aprendizaje a la medida, Revisi\u00f3n automatizada,<br>Antiplagio avanzado y Mejor planeaci\u00f3n did\u00e1ctica.<\/p>\n\n\n\n<p>En otro tenor, coment\u00f3 que en el tema de privacidad y protecci\u00f3n de datos se debe<br>de hacer una recopilaci\u00f3n, uso, an\u00e1lisis, resguardo, propiedad y transferencia de los<br>datos personales y sensibles; definir qui\u00e9n, c\u00f3mo, cu\u00e1ndo, d\u00f3nde, porqu\u00e9 y para<br>qu\u00e9, recolectan los datos personales; uso de Prompts con informaci\u00f3n personalizada<br>y sensible y protecci\u00f3n en el entrenamiento de emociones.<\/p>\n\n\n\n<p>Agreg\u00f3 que, la Inteligencia Artificial como herramienta para la ense\u00f1anza es muy \u00fatil,<br>pero que es necesario aprender a utilizarla de manera adecuada, responsable,<br>segura y \u00f3ptima, lo que implica la familiarizaci\u00f3n con ella desde la docencia y las<br>capacidades institucionales, as\u00ed como la actualizaci\u00f3n constante para una pr\u00e1ctica<br>eficiente apoyada en esta.<\/p>\n\n\n\n<p>Posteriormente se imparti\u00f3 la conferencia \u201cIA y Educaci\u00f3n: Dilemas \u00e9ticos\u201d, por el<br>profesor del Rochester Institute of Technology NY USA, Jes\u00fas Humberto Aguilar<br>Esparza, quien coment\u00f3 que la Inteligencia Artificial es la tecnolog\u00eda que simula o<br>exhibe la capacidad mental de resolver problemas, espec\u00edficamente a trav\u00e9s de<br>sistemas computacionales, que exhiben capacidades normalmente asociadas con<br>las mentes cuando resuelven problemas complejos.<\/p>\n\n\n\n<p>Tambi\u00e9n, se\u00f1al\u00f3 que la IA se acerca cada vez m\u00e1s a ser inteligente en un sentido<br>amplio de inteligencia, ya que esto es, resolver problemas completamente<br>novedosos y generalizar esta capacidad en un sinn\u00famero de \u00e1reas; as\u00ed mismo, se<br>llev\u00f3 a cabo la charla \u201cIA e Investigaci\u00f3n Educativa: Desaf\u00edos en publicaciones\u201d, a<br>cargo del profesor e investigador de la UAdeC, \u00c1ngel Gerardo Charles Meza.<\/p>\n","protected":false},"excerpt":{"rendered":"<p>SALTILLO, Coahuila. 10 de octubre de 2024. En el marco de la S\u00e9ptima SemanaNacional de Ciencias Sociales (SNCS) del Consejo Mexicano de Ciencias Sociales(COMECSO), el Cuerpo Acad\u00e9mico \u201cInnovaci\u00f3n y Desarrollo Educativo Laboral\u201d dela Facultad de Ciencia, Educaci\u00f3n y Humanidades de la Universidad Aut\u00f3noma deCoahuila, llev\u00f3 a cabo de manera virtual y presencial el c\u00edrculo de conferencias\u201cEducaci\u00f3n e inteligencia artificial: Del aula a las publicaciones cient\u00edficas\u201d. La S\u00e9ptima Semana Nacional de&#8230;<\/p>\n","protected":false},"author":1,"featured_media":0,"comment_status":"closed","ping_status":"","sticky":false,"template":"","format":"standard","meta":{"footnotes":""},"categories":[2],"tags":[],"class_list":["post-22813","post","type-post","status-publish","format-standard","hentry","category-uadec","wpcat-2-id"],"_links":{"self":[{"href":"https:\/\/www.aquilaguna.com\/index.php\/wp-json\/wp\/v2\/posts\/22813","targetHints":{"allow":["GET"]}}],"collection":[{"href":"https:\/\/www.aquilaguna.com\/index.php\/wp-json\/wp\/v2\/posts"}],"about":[{"href":"https:\/\/www.aquilaguna.com\/index.php\/wp-json\/wp\/v2\/types\/post"}],"author":[{"embeddable":true,"href":"https:\/\/www.aquilaguna.com\/index.php\/wp-json\/wp\/v2\/users\/1"}],"replies":[{"embeddable":true,"href":"https:\/\/www.aquilaguna.com\/index.php\/wp-json\/wp\/v2\/comments?post=22813"}],"version-history":[{"count":1,"href":"https:\/\/www.aquilaguna.com\/index.php\/wp-json\/wp\/v2\/posts\/22813\/revisions"}],"predecessor-version":[{"id":22815,"href":"https:\/\/www.aquilaguna.com\/index.php\/wp-json\/wp\/v2\/posts\/22813\/revisions\/22815"}],"wp:attachment":[{"href":"https:\/\/www.aquilaguna.com\/index.php\/wp-json\/wp\/v2\/media?parent=22813"}],"wp:term":[{"taxonomy":"category","embeddable":true,"href":"https:\/\/www.aquilaguna.com\/index.php\/wp-json\/wp\/v2\/categories?post=22813"},{"taxonomy":"post_tag","embeddable":true,"href":"https:\/\/www.aquilaguna.com\/index.php\/wp-json\/wp\/v2\/tags?post=22813"}],"curies":[{"name":"wp","href":"https:\/\/api.w.org\/{rel}","templated":true}]}}