{"id":22862,"date":"2024-10-11T19:57:23","date_gmt":"2024-10-12T01:57:23","guid":{"rendered":"https:\/\/www.aquilaguna.com\/?p=22862"},"modified":"2024-10-11T19:57:23","modified_gmt":"2024-10-12T01:57:23","slug":"entrega-nuevo-edificio-de-idiomas-en-utt","status":"publish","type":"post","link":"https:\/\/www.aquilaguna.com\/index.php\/2024\/10\/11\/entrega-nuevo-edificio-de-idiomas-en-utt\/","title":{"rendered":"Entrega nuevo edificio de idiomas en UTT."},"content":{"rendered":"\n<p>Torre\u00f3n, Coahuila.&#8211; Con una inversi\u00f3n de \u00a0 32.6 millones de pesos y 9.6 millones de pesos en su equipamiento,\u00a0 esta ma\u00f1ana el Gobernador\u00a0 Manolo Jim\u00e9nez Salinas\u00a0 entreg\u00f3\u00a0 un \u00a0 nuevo Edificio de\u00a0 Idiomas\u00a0 y Unidad de\u00a0 Docencia de la Universidad Tecnol\u00f3gica de\u00a0 Torre\u00f3n\u00a0 acompa\u00f1ado de directivos\u00a0 y planta docente\u00a0de mla instituci\u00f3n,\u00a0 funcionarios\u00a0 estatales, autoridades locales, diputados\u00a0 locales y federales, acto en el que domin\u00f3 la algarab\u00eda de cientos de sus estudiantes.<\/p>\n\n\n\n<p>Inici\u00f3\u00a0 tal entrega, con la participaci\u00f3n del alcalde Rom\u00e1n Cepeda Gonz\u00e1lez,\u00a0 expres\u00f3 que\u00a0 &#8220;en las estrategias de gobierno y m\u00e1s en los Centros de Idiomas, la seguridad i es importante\u00a0 y la coordinaci\u00f3n de esfuerzos en todos los ordenes de gobierno, el Ej\u00e9rcito, la Guardia Nacional, es muy importante&#8221;.<\/p>\n\n\n\n<p>La cultura y el arte, a\u00f1ad\u00eda, &#8220;es fundamental, as\u00ed como la obra p\u00fablica para que un municipio como Torre\u00f3n, para un Estado como a Coahuila, siga creciendo, sigan siendo un referente nacional&#8221;.\u00a0\u00a0<\/p>\n\n\n\n<p>&#8220;Y aqu\u00ed damos muestra \u00a0 como la coordinaci\u00f3n, el esfuerzo conjunto, la inversi\u00f3n coordinada en todos los ordenes, como es educaci\u00f3n, cultura son importantes&#8221;.<\/p>\n\n\n\n<p>Dijo luego que, &#8220;lo m\u00e1s valioso que tiene una tierra, que es Coahuila y que es Torre\u00f3n, es su gente, y que la educaci\u00f3n es fundamental para seguir apost\u00e1ndole para que sigamos creciendo&#8221;.<\/p>\n\n\n\n<p>Por su parte, el Licenciado Carlos Centeno, Director de la Instituci\u00f3n educativa, y como tal anfitri\u00f3n del acto,\u00a0 expres\u00f3\u00a0 el agradecimiento\u00a0 correspondiente al\u00a0 Gobernador Jim\u00e9nez Salinas,\u00a0&#8220;por estar siempre presente, y que\u00a0 es no sea solo un discurso, pues lo ha demostrado con hechos\u00a0 el estar presente y cerca de los j\u00f3venes&#8221;.<\/p>\n\n\n\n<p>Enseguida \u00a0se conoci\u00f3 a trav\u00e9s de la participaci\u00f3n del funcionario estatal Julio Long \u00a0 los contenidos de la obra entregada,\u00a0 que fortalece la formaci\u00f3n integral de los estudiantes, para brindar mejores espacios que permitan el fortalecimiento de la infraestructura a la demanda estudiantil de\u00a0 la Universidad.<\/p>\n\n\n\n<p>La obra, cuenta con 2,175.99 metros cuadrados de construcci\u00f3n, de 14 aulas y did\u00e1cticas, tres laboratorios, dos de inform\u00e1tica y una de idiomas, salas audiovisual, sala de juntas, \u00e1reas administrativas, direcci\u00f3n, \u00e1reas comunes y de servicios.\u00a0<\/p>\n\n\n\n<p>Su equipamiento incluy\u00f3 88 equipos de c\u00f3mputo, 28 pantallas inteligentes, 600 butacas y sillas, 118 escritorios y mesas, 34 pizarrones, archiveros, bocinas y microondas,\u00a0\u00a0<\/p>\n\n\n\n<p>Adem\u00e1s se instal\u00f3 equipo de\u00a0 automatizaci\u00f3n\u00a0 en dise\u00f1o y manufacturas.<\/p>\n\n\n\n<p>Se escuch\u00f3 luego la intervenci\u00f3n\u00a0 agradecida de una joven estudiante del ramo de\u00a0 la\u00a0 mecatr\u00f3nica, en representaci\u00f3n de la comunidad universitaria favorecida con la obra.<\/p>\n\n\n\n<p>Fue\u00a0 la intervenci\u00f3n del Gobernador Manolo Jim\u00e9nez Salinas, con lo que se cerr\u00f3 \u00a0 el acto anterior, y en su alocusi\u00f3n\u00a0 expres\u00f3 agradeciendo, la presencia de los ah\u00ed presentes,\u00a0 y enfatizando el inicio de los \u00faltimos\u00a0 cien\u00a0 d\u00edas\u00a0 de gobierno de su primer a\u00f1o de gobierno\u00a0 y\u00a0 ahora, dijo, &#8220;se empiezan a concretar ya\u00a0 y entregar estos proyectos que \u00a0 se hayan iniciado este a\u00f1o o en la pasada administraci\u00f3n de nuestro amigo, el ex gobernador Miguel Angel Riquelme&#8221;.<\/p>\n\n\n\n<p>Ya se est\u00e1n viendo, dijo, &#8220;cosas interesantes y nosotros presentamos hace algunos meses un proyecto de educaci\u00f3n donde se est\u00e1n\u00a0 invirtiendo una\u00a0 buena cantidad de recursos, m\u00e1s de 750 millones\u00a0 de pesos y a trav\u00e9s del Proyecto Impulso Educativo, estamos cubriendo muchas \u00e1reas en el tema de la educaci\u00f3n&#8221;.<\/p>\n\n\n\n<p>Explic\u00f3\u00a0 sus por qu\u00e9,\u00a0&#8220;toda vez que  para nosotros, la educaci\u00f3n es una de las herramientas m\u00e1s poderosas para que nuestros ni\u00f1os y ni\u00f1as, j\u00f3venes puedan prosperar&#8221;.<\/p>\n\n\n\n<p>Por eso, afirm\u00f3,\u00a0 &#8220;estamos contentos\u00a0 de estar entregando estas instalaciones, bien equipadas, para y que a partir de hoy podr\u00e1n utilizar miles de estudiantes de esta gran universidad de la Laguna, de Coahuila&#8221;.<\/p>\n\n\n\n<p>Para nosotros, dijo, &#8220;las ni\u00f1as, los ni\u00f1os, adolescentes\u00a0 y j\u00f3venes, pues como en el deporte\u00a0 son de lo m\u00e1s importante que tiene Coahuila, es fundamental tener buenas fuerzas b\u00e1sicas y el futuro depende de contar con buenas fuerzas b\u00e1sicas&#8221;.<\/p>\n\n\n\n<p>&#8220;En el mediano y a largo plazo\u00a0 les va apoyar\u00a0 a estos j\u00f3venes tomar decisiones,\u00a0 ocupar puestos importantes y es fundamental que lleguen\u00a0 bien preparados para tomar las mejores decisiones, para bien de nuestra gente&#8221;.<\/p>\n\n\n\n<p>&#8220;Por eso, invertir en la educaci\u00f3n es muy importante y por eso adem\u00e1s de obras como estas, estamos levando acabo entregas de \u00fatiles escolares, uniformes, becas, pero vienen m\u00e1s&#8221;.\u00a0<\/p>\n\n\n\n<p>Y anunci\u00f3 que, &#8220;vienen las superbecas para j\u00f3venes de prepa y universidad que son l\u00edderes, o con habilidades extraordinarias en cultura, deportes, en la parte acad\u00e9mica o el liderazgo \u00a0 para \u00a0 que con esas\u00a0 con esas superbecas no se pierdan oportunidades&#8221;.<\/p>\n\n\n\n<p>Y en este marco lig\u00f3 el tema de seguridad, afirmando que, &#8220;en Coahuila, no es obra de la casualidad y volteamos a ver otros Estados,\u00a0 decimos que aqu\u00ed estamos bien, quiz\u00e1s por suertudos, pero nunca ni un solo d\u00eda&#8221;,\u00a0 manifest\u00f3 que, &#8220;aqu\u00ed tenemos seguridad gracias a un trabajo coordiando, gracias a un trabajo en equipo, sociedad, gente de nuestras colonias que nos avisan, denuncian, tambi\u00e9n una\u00a0 iniciativa privada muy comprometida, muy pendiente, participando, invirtiendo recursos extraordinarios para fortalecer la seguridad&#8221;.\u00a0<\/p>\n\n\n\n<p>Expreso luego que hay una total sinton\u00eda con el Gobierno de la Republica, no sin recalcar primero la relaci\u00f3n que lo une al titular de la SSP federal Omar Garcia Harfuch, \u00a0 con\u00a0 un &#8220;Aqu\u00ed mandamos nosotros. Aqu\u00ed mandan las instituciones&#8221;,\u00a0 expresi\u00f3n que arranc\u00f3 el aplauso de los ahi presentes, remat\u00f3 su propuesta de &#8220;seguir trabajando\u00a0 en equipo&#8221;.\u00a0<\/p>\n","protected":false},"excerpt":{"rendered":"<p>Torre\u00f3n, Coahuila.&#8211; Con una inversi\u00f3n de \u00a0 32.6 millones de pesos y 9.6 millones de pesos en su equipamiento,\u00a0 esta ma\u00f1ana el Gobernador\u00a0 Manolo Jim\u00e9nez Salinas\u00a0 entreg\u00f3\u00a0 un \u00a0 nuevo Edificio de\u00a0 Idiomas\u00a0 y Unidad de\u00a0 Docencia de la Universidad Tecnol\u00f3gica de\u00a0 Torre\u00f3n\u00a0 acompa\u00f1ado de directivos\u00a0 y planta docente\u00a0de mla instituci\u00f3n,\u00a0 funcionarios\u00a0 estatales, autoridades locales, diputados\u00a0 locales y federales, acto en el que domin\u00f3 la algarab\u00eda de cientos de sus&#8230;<\/p>\n","protected":false},"author":2,"featured_media":0,"comment_status":"closed","ping_status":"","sticky":false,"template":"","format":"standard","meta":{"footnotes":""},"categories":[5,9,15,28,7],"tags":[],"class_list":["post-22862","post","type-post","status-publish","format-standard","hentry","category-coahuila","category-educacion","category-gobierno-de-coahuila","category-la-laguna","category-torreon","wpcat-5-id","wpcat-9-id","wpcat-15-id","wpcat-28-id","wpcat-7-id"],"_links":{"self":[{"href":"https:\/\/www.aquilaguna.com\/index.php\/wp-json\/wp\/v2\/posts\/22862","targetHints":{"allow":["GET"]}}],"collection":[{"href":"https:\/\/www.aquilaguna.com\/index.php\/wp-json\/wp\/v2\/posts"}],"about":[{"href":"https:\/\/www.aquilaguna.com\/index.php\/wp-json\/wp\/v2\/types\/post"}],"author":[{"embeddable":true,"href":"https:\/\/www.aquilaguna.com\/index.php\/wp-json\/wp\/v2\/users\/2"}],"replies":[{"embeddable":true,"href":"https:\/\/www.aquilaguna.com\/index.php\/wp-json\/wp\/v2\/comments?post=22862"}],"version-history":[{"count":1,"href":"https:\/\/www.aquilaguna.com\/index.php\/wp-json\/wp\/v2\/posts\/22862\/revisions"}],"predecessor-version":[{"id":22863,"href":"https:\/\/www.aquilaguna.com\/index.php\/wp-json\/wp\/v2\/posts\/22862\/revisions\/22863"}],"wp:attachment":[{"href":"https:\/\/www.aquilaguna.com\/index.php\/wp-json\/wp\/v2\/media?parent=22862"}],"wp:term":[{"taxonomy":"category","embeddable":true,"href":"https:\/\/www.aquilaguna.com\/index.php\/wp-json\/wp\/v2\/categories?post=22862"},{"taxonomy":"post_tag","embeddable":true,"href":"https:\/\/www.aquilaguna.com\/index.php\/wp-json\/wp\/v2\/tags?post=22862"}],"curies":[{"name":"wp","href":"https:\/\/api.w.org\/{rel}","templated":true}]}}