{"id":22882,"date":"2024-10-13T20:25:09","date_gmt":"2024-10-14T02:25:09","guid":{"rendered":"https:\/\/www.aquilaguna.com\/?p=22882"},"modified":"2024-10-13T20:25:09","modified_gmt":"2024-10-14T02:25:09","slug":"aqui-laguna-355","status":"publish","type":"post","link":"https:\/\/www.aquilaguna.com\/index.php\/2024\/10\/13\/aqui-laguna-355\/","title":{"rendered":"Aqu\u00ed Laguna."},"content":{"rendered":"\n<p>\u00a1Cambio! Es la impronta que el tiempo mexicano impone\u00a0 a\u00a0 su clase pol\u00edtica toda, no solo a la que conforma el\u00a0 oficialismo, sino\u00a0 de manera m\u00e1s que especial a los que integran la oposici\u00f3n, que a lo largo, largu\u00edsimo tiempo que ocup\u00f3 en la vida nacional\u00a0 el viejo r\u00e9gimen,\u00a0 los hab\u00eda colocado\u00a0 en\u00a0 una zona de\u00a0 confort\u00a0 que &#8220;amorcill\u00f3&#8221;\u00a0 las cualidades \u00a0 b\u00e1sicas, elementales de un ente pol\u00edtico y que a lo largo del Obradorato, como es el dominio\u00a0 del arte de la palabra, hablada o escrita\u00a0 \u00a0 de ah\u00ed que resulta\u00a0 sorpresivo que personajes del establismenth\u00a0 que colocados\u00a0 en\u00a0 puestos de representaci\u00f3n pol\u00edtica,\u00a0 como es el caso de algunos de los\u00a0 diputados federales o bien\u00a0 en alguna Senadur\u00eda, as\u00ed sea esta\u00a0 de representaci\u00f3n\u00a0 plurinominal, en especial\u00a0 los que tienen tal vinculaci\u00f3n con Coahuila, de ah\u00ed, que\u00a0 se vea con alguna\u00a0 sorpresiva atenci\u00f3n\u00a0 las incursiones que\u00a0 nuestro ex Gobernador Rub\u00e9n Ignacio Moreira Vald\u00e9s, a quien \u00a0 tenga o no\u00a0 simpat\u00edas a\u00a0 su singular personalidad\u00a0 haciendo gala, no solo la experiencia\u00a0 que\u00a0deja el ejercicio del m\u00e1s alto\u00a0 cargo p\u00fablico de su Estado a ya m\u00e1s de seis a\u00f1os de haberlo conclu\u00eddo,\u00a0 incursiona, y\u00a0 bien -hay que decirlo-,\u00a0 al espacio medi\u00e1tico televisivo, en diversos espacios de an\u00e1lisis y critica\u00a0 y una vez que \u00a0en el C\u00edrculo Rojo que dominaban\u00a0 este \u00e1mbito, en el pasado reciente, sobreviviendo\u00a0 algunos pocos, como meros y singulares\u00a0 opositores con\u00a0 micr\u00f3fono o en pantalla\u00a0 de televisi\u00f3n \u00a0 las andanadas de L\u00f3pez Obrador sobre los Medios no afines, Ruben saca pues &#8220;la cabeza&#8221; esa cuidadosamente guardada \u00a0 \u00a0 en el pasado r\u00e9gimen federal,\u00a0 y ejerce, a veces con titubeo\u00a0 dada su inexperiencia\u00a0 en su nuevo papel\u00a0 y\u00a0 fincado en la experiencia,\u00a0 del poder ejercido, as\u00ed haya sido solo\u00a0 en el \u00e1mbito estatal\u00a0 pero tambi\u00e9n en su amplia cultura human\u00edstica. Qu\u00e9 bueno que as\u00ed lo siga haciendo, y haya dejado ya de lado,\u00a0 singular tem\u00e1tica \u00a0 pues solo se conoc\u00eda sus aportaciones que sobre el\u00a0 Santo cat\u00f3lico del d\u00eda,\u00a0 en el Santoral que singularizaba los contenidos de sus redes sociales, m\u00e1s amplio y sostenido que\u00a0 el que hace p\u00fablico, por ejemplo, el peri\u00f3dico de la Di\u00f3cesis de Torre\u00f3n.<\/p>\n\n\n\n<p>Con talentos\u00a0diferentes, el hoy Senador\u00a0 Miguel Riquelme\u00a0 no se amilana con todo y que el arte de la palabra no sea lo suyo, toda vez que se caracteriza por ser\u00a0 un hombre de acci\u00f3n, pragm\u00e1tico pues. Y as\u00ed lo ha demostrado a\u00a0 lo largo de su exitosa trayectoria con todo y ello y en ejercicio de\u00a0 la funci\u00f3n que como Presidente de la Comisi\u00f3n a su cargo\u00a0 incursiona, pues la necesidad tiene\u00a0 cara de hereje, dir\u00eda mi abuela, y enfrenta con \u00e9xito\u00a0 a\u00a0 sus adversarios en temas que domina, e impone, como fue el caso del sostenido con el tambi\u00e9n ex\u00a0 Gobernador de Chihuahua, tr\u00e1nsfuga del panismo\u00a0 y hoy morenista de nuevo cu\u00f1o Javier Corral, por cierto, uno de los &#8220;verdugos&#8221; de otrora\u00a0 pol\u00edtico coahuilense Alejandro Guti\u00e9rrez. Los ex gobernadores de Coahuila\u00a0 tienen pues singular acci\u00f3n que\u00a0 los coloca como \u00a0 importantes activos\u00a0 del PRI\u00a0 y de lo que de esto queda.<\/p>\n\n\n\n<p>Y en tales escenarios legislativos\u00a0 vaya\u00a0 espect\u00e1culo circense\u00a0 el \u00a0 visto en el seno de la C\u00e1mara de Diputados, con la t\u00f3mbola judicial, cual circo en algun rancho, para \u00a0 sacar 785 nombres, de los cuales ser\u00e1n\u00a0 464 Magistrados\u00a0 y\u00a0 386 Jugadores\u00a0 de\u00a0 Magistrado y jueces  con lo que se inicia al proceso de facto, hasta hoy\u00a0 en la renovaci\u00f3n del organigrama\u00a0 del Poder Judicial Federal en marcha, tal acci\u00f3n rompe, estrella\u00a0 y hace\u00a0 pedazos,\u00a0 la forma como el pa\u00eds\u00a0 form\u00f3 y seleccion\u00f3 a sus juzgadores\u00a0 a lo largo de su historia como naci\u00f3n independiente,\u00a0 y que resulta ser autentica involuci\u00f3n\u00a0que impactar\u00e1,\u00a0 la vida mexicana, generada en la borrachera\u00a0 de poder que se padece. <\/p>\n\n\n\n<p>Y en el \u00e1mbito lagunero, los saldos que \u00a0 deja la\u00a0 presencia que el Gobernador Manolo Jim\u00e9nez\u00a0 Salinas, \u00a0 que si bien\u00a0 tienen como objetivo el cumplimiento de una agenda de trabajo, de entrega de obras y cumplimiento de compromisos\u00a0 adquiridos en campa\u00f1a, o\u00a0 contenidos en\u00a0 los \u00a0 considerados\u00a0 en\u00a0 su Programa de los Cien D\u00edas, se desbordan, ante las condiciones\u00a0 muy especiales que\u00a0 se registran en el \u00e1mbito pol\u00edtico regional en especial en el municipio de Torre\u00f3n, \u00a0 y que\u00a0 tienen uno de sus puntos m\u00e1s notables, los derivados de la desiganci\u00f3n del\u00a0 Contador P\u00fablico Xavier Herrera Arroyo, como \u00a0 Subsecretario \u00a0 de los temas pol\u00edticos y sociales, en la zona lagunera, que lo coloca\u00a0 como el lagunero con el mayor cargo de mayor jerarqu\u00eda\u00a0 en el Gobierno Estatal, apenas por debajo\u00a0 del\u00a0 su titular Licenciado Oscar Pimentel,\u00a0 que a algunos les \u00a0 parecio\u00a0 \u00a0 una reivindicaci\u00f3n \u00a0 para quien fuera el Subsecretario de finanzas en la pasada administraci\u00f3n estatal, luego de su fallida incursi\u00f3n\u00a0 como aspirante, hace apenas unos meses, a figurar como\u00a0 el candidato del PRI\u00a0 a la alcald\u00eda\u00a0 de Torre\u00f3n,\u00a0 que postul\u00f3 finalmente, para ganar\u00a0 su relecci\u00f3n a el Licenciado Rom\u00e1n Cepeda Gonz\u00e1lez,\u00a0 pero que &#8220;en la base&#8221;\u00a0del tricolor gest\u00f3\u00a0 resquemores, divisiones y pugnas cuyos de saldos aun prevalecen.<\/p>\n\n\n\n<p>En este escenario, por si fuera poco,\u00a0 se registra \u00a0 la vinculaci\u00f3n a proceso judicial del controversial l\u00edder urbano Mario Cepeda Ram\u00edrez, a resultas de un incidente por ocupar una silla en un acto oficial\u00a0 celebrado alla por el 2022, cuando el citado figuraba como diputado local, y que gener\u00f3\u00a0 \u00a0 la ca\u00edda de una de las damas que le disputaban al\u00a0 entonces diputado el sitio, una de las cuales cay\u00f3, sin mayores consecuencias f\u00edsicas, pero si en su orgullo, que la hizo presentar denuncia penal, que a lo largo del tiempo transcurrido\u00a0 durmi\u00f3 el sue\u00f1o de los justos, \u00a0 pero del cual ya despert\u00f3 para \u00a0 provocar incluso, primero que al\u00a0 dirigente social, due\u00f1o\u00a0 casi de las fuerzas b\u00e1sicas del priismo en Torre\u00f3n y todo lo que ello signifique, la colocaci\u00f3n de\u00a0vergonzosas medidas cautelares, y luego el pasado s\u00e1bado la confirmaci\u00f3n de que el proceso\u00a0 sigue y habr\u00e1 de resolverse hasta el pr\u00f3ximo 3 de enero, lo que impedir\u00eda que tomara protesta como el septimo regidor del pr\u00f3ximo cabildo de Torre\u00f3n. Nom\u00e1s&#8230;<\/p>\n\n\n\n<p>La resucitada del proceso\u00a0 citado, \u00a0 sus amigos y seguidores -que los tiene-, argumentan que tiene m\u00e1s que ver con una acci\u00f3n de represalia,\u00a0 luego que Cepeda Ram\u00edrez, se pronunciara\u00a0 en apoyo al\u00a0 alcalde Cepeda\u00a0 Gonz\u00e1lez en los momentos m\u00e1s \u00e1lgidos del diferendo generado\u00a0 de la separaci\u00f3n del Grupo de Reacci\u00f3n Estatal y\u00a0 la \u00a0 creaci\u00f3n inmediata de otro, el que corresponde al municipio de Torre\u00f3n por parte del alcalde Cepeda Gonz\u00e1lez,\u00a0 situaci\u00f3n que \u00a0 gener\u00f3\u00a0 relativo desequilibrio en el sensible clima pol\u00edtico\u00a0 local, y que se creer\u00eda superado, pues la narrativa oficial as\u00ed lo asegur\u00f3 en su momento. &#8220;Aver\u00edguelo\u00a0 Vargas&#8221;\u00a0 cual es el motivo si simple, lento, pero implacable curso de la justicia,\u00a0 ante la cual &#8220;todos somos iguales&#8221;, si bien hay otros m\u00e1s iguales que otros, o bien es parte de un manotazo sobre la mesa para que se entienda y bien, quien manda en Coahuila.<\/p>\n\n\n\n<p>Este\u00a0 hecho hizo recordar que all\u00e1 por\u00a0 el a\u00f1o del 1988, cuando el Cardenismo arrasaba la base social de la Laguna. El profesor Cepeda Ramirez\u00a0 se vio involucrado en tr\u00e1gico\u00a0 desencuentro a pedradas\u00a0 entre las fuerzas \u00a0 que regenteaba en la Colonia Elsa de las Fuentes\u00a0 Hern\u00e1ndez identificadas\u00a0 como priistas \u00a0 y un grupo de\u00a0 Cardenistas, a cargo de Adrian Puentes Adriano\u00a0 y en el que result\u00f3\u00a0 muerto una persona\u00a0 de las fuerzas \u00a0 entonces opositoras\u00a0 y otras m\u00e1s heridas, evento que concluy\u00f3 con la detenci\u00f3n del profesor Cepeda, que se vincul\u00f3 a proceso y \u00a0 se le dict\u00f3 sentencia por homicidio en tumulto, y quien pag\u00f3 en solitario la sanci\u00f3n penal\u00a0 en las celdas del CERESO local, pero tal acci\u00f3n gener\u00f3 los obvios antecedentes\u00a0 penales,\u00a0 lo cual no fue obst\u00e1culo alguno para que fuera designado diputado suplente, cargo que\u00a0 concluy\u00f3 apenas en la pasada\u00a0 Legislatura estatal, pues resulta que &#8220;nadie&#8221; record\u00f3 tal hecho ni tal expediente, hoy al parecer, la suerte politica que\u00a0 rodear\u00e1 a Cepeda Ram\u00edrez \u00a0 que hoy, al\u00a0 parecer no lo alcanza a cubrir\u00a0 de la amplia sombra que genera\u00a0 el\u00a0 nuevo\u00a0 gobierno estatal.<\/p>\n\n\n\n<p>Y otro ilusionado, que anda por ahi, haciendo desayunos masivos\u00a0 y reuniones\u00a0 no muy secretas, resulta ser el tambi\u00e9n\u00a0 controversial\u00a0 Licenciado Carlos Centeno Aranda \u00a0 cuyas\u00a0 ultimas funciones lo desplazan desde el \u00e1mbito \u00a0 polic\u00edaco, al claustro\u00a0 universitari,\u00a0 ya que por ahora se desempe\u00f1a como Rector de la UTT,\u00a0 instituci\u00f3n muy reconocida\u00a0 y con bien\u00a0 ganado prestigio y que\u00a0 tiene bajo su cargo a m\u00e1s de 4,000 disciplinados\u00a0 alumnos, pues dicen los que\u00a0 van a tales encuentros, del que fuera ya ex jefe\u00a0 policiaco de la otrora polic\u00eda estatal, que\u00a0 pretende alcanzar el cargo que hoy ocupa el titular de la Secretar\u00eda de P\u00fablica en Coahuila, pues\u00a0 se\u00a0 dice\u00a0 que\u00a0 escalar\u00e1\u00a0 el cargo de\u00a0 titular de la Fiscal\u00eda\u00a0 General de\u00a0Justicia, que deber\u00e1 dejar, el lagunero Gerardo M\u00e1rquez \u00a0 al llegar al t\u00e9rmino\u00a0 del\u00a0 mandato para\u00a0 el que fuera designado hace ya siete a\u00f1os, y para variar, dicen tratar\u00e1 de alcanzar una dif\u00edcil reelecci\u00f3n \u00a0 fincado en\u00a0 su\u00a0 buena gesti\u00f3n,\u00a0 pues ahora, anda hu\u00e9rfano, pues carece, dicen, de padrino pol\u00edtico que lo proponga. Veremos y diremos.<\/p>\n","protected":false},"excerpt":{"rendered":"<p>\u00a1Cambio! Es la impronta que el tiempo mexicano impone\u00a0 a\u00a0 su clase pol\u00edtica toda, no solo a la que conforma el\u00a0 oficialismo, sino\u00a0 de manera m\u00e1s que especial a los que integran la oposici\u00f3n, que a lo largo, largu\u00edsimo tiempo que ocup\u00f3 en la vida nacional\u00a0 el viejo r\u00e9gimen,\u00a0 los hab\u00eda colocado\u00a0 en\u00a0 una zona de\u00a0 confort\u00a0 que &#8220;amorcill\u00f3&#8221;\u00a0 las cualidades \u00a0 b\u00e1sicas, elementales de un ente pol\u00edtico y que&#8230;<\/p>\n","protected":false},"author":2,"featured_media":0,"comment_status":"closed","ping_status":"","sticky":false,"template":"","format":"standard","meta":{"footnotes":""},"categories":[8],"tags":[],"class_list":["post-22882","post","type-post","status-publish","format-standard","hentry","category-aqui-laguna","wpcat-8-id"],"_links":{"self":[{"href":"https:\/\/www.aquilaguna.com\/index.php\/wp-json\/wp\/v2\/posts\/22882","targetHints":{"allow":["GET"]}}],"collection":[{"href":"https:\/\/www.aquilaguna.com\/index.php\/wp-json\/wp\/v2\/posts"}],"about":[{"href":"https:\/\/www.aquilaguna.com\/index.php\/wp-json\/wp\/v2\/types\/post"}],"author":[{"embeddable":true,"href":"https:\/\/www.aquilaguna.com\/index.php\/wp-json\/wp\/v2\/users\/2"}],"replies":[{"embeddable":true,"href":"https:\/\/www.aquilaguna.com\/index.php\/wp-json\/wp\/v2\/comments?post=22882"}],"version-history":[{"count":1,"href":"https:\/\/www.aquilaguna.com\/index.php\/wp-json\/wp\/v2\/posts\/22882\/revisions"}],"predecessor-version":[{"id":22883,"href":"https:\/\/www.aquilaguna.com\/index.php\/wp-json\/wp\/v2\/posts\/22882\/revisions\/22883"}],"wp:attachment":[{"href":"https:\/\/www.aquilaguna.com\/index.php\/wp-json\/wp\/v2\/media?parent=22882"}],"wp:term":[{"taxonomy":"category","embeddable":true,"href":"https:\/\/www.aquilaguna.com\/index.php\/wp-json\/wp\/v2\/categories?post=22882"},{"taxonomy":"post_tag","embeddable":true,"href":"https:\/\/www.aquilaguna.com\/index.php\/wp-json\/wp\/v2\/tags?post=22882"}],"curies":[{"name":"wp","href":"https:\/\/api.w.org\/{rel}","templated":true}]}}