{"id":22894,"date":"2024-10-14T19:10:00","date_gmt":"2024-10-15T01:10:00","guid":{"rendered":"https:\/\/www.aquilaguna.com\/?p=22894"},"modified":"2024-10-14T19:10:00","modified_gmt":"2024-10-15T01:10:00","slug":"refuerzan-mantenimiento-en-panteones-municipales-en-preparacion-por-el-dia-de-muertos","status":"publish","type":"post","link":"https:\/\/www.aquilaguna.com\/index.php\/2024\/10\/14\/refuerzan-mantenimiento-en-panteones-municipales-en-preparacion-por-el-dia-de-muertos\/","title":{"rendered":"Refuerzan mantenimiento en panteones municipales en preparaci\u00f3n por el D\u00eda de Muertos."},"content":{"rendered":"\n<p>Torre\u00f3n, Coahuila. A 14 de octubre de 2024.<\/p>\n\n\n\n<p>Como parte de los preparativos por el D\u00eda de Muertos, el 2 de noviembre, y<br>anticip\u00e1ndose al incremento significativo de visitantes para esa fecha, la Direcci\u00f3n<br>General de Servicios P\u00fablicos ha intensificado las acciones de mantenimiento en<br>los panteones municipales 1 y 2.<\/p>\n\n\n\n<p>Fernando Villarreal Cu\u00e9llar, director de la dependencia, inform\u00f3 que se han<br>implementado una serie de labores para asegurar que estos espacios est\u00e9n en<br>\u00f3ptimas condiciones para los d\u00edas 1 y 2 de noviembre, que es cuando reciben a<br>cientos de familias.<\/p>\n\n\n\n<p>Destac\u00f3 que debido a las lluvias at\u00edpicas que se presentaron en el mes de<br>septiembre pasado, se registr\u00f3 un crecimiento acelerado de la vegetaci\u00f3n, por lo<br>que se han realizado acciones de desmalezado en ambas instalaciones.<\/p>\n\n\n\n<p>En el pante\u00f3n municipal uno se ha trabajado en la limpieza para asegurar que los<br>terrenos est\u00e9n debidamente cuidados y accesibles para los visitantes.<\/p>\n\n\n\n<p>Adem\u00e1s, el personal encargado se encuentra realizando la poda y riego de los<br>\u00e1rboles, as\u00ed como la reparaci\u00f3n y preparaci\u00f3n de macetas, tareas que se<br>complementan con la limpieza diaria tanto en las \u00e1reas internas como en el<br>per\u00edmetro de los cementerios.<\/p>\n\n\n\n<p>El funcionario dijo que un aspecto clave dentro de los trabajos actuales es la<br>elaboraci\u00f3n y colocaci\u00f3n de tapas, sellando hasta el momento 800 fosas que<br>permanec\u00edan abiertas, medida que garantiza la seguridad de las familias que<br>acuden a los panteones durante estas fechas, minimizando los riesgos en las<br>\u00e1reas de sepultura.<\/p>\n\n\n\n<p>En otras acciones, indic\u00f3 que se ha realizado la pintura de bancas y botes de<br>basura, adem\u00e1s de la instalaci\u00f3n y pintado de postes de alumbrado en aquellas<br>zonas del pante\u00f3n donde antes no se contaba con iluminaci\u00f3n adecuada.<\/p>\n\n\n\n<p>\u201cTambi\u00e9n en el pante\u00f3n municipal uno se est\u00e1 instalando nuevas puertas como<br>parte del proyecto integral de rehabilitaci\u00f3n, y mejoramiento de las instalaciones\u201d,<br>precis\u00f3 el director.<\/p>\n\n\n\n<p>Villarreal Cu\u00e9llar dio a conocer que en el pante\u00f3n municipal dos se est\u00e1<br>avanzando en la construcci\u00f3n de un ba\u00f1o, as\u00ed como en la instalaci\u00f3n de l\u00e1mparas<br>principales para reforzar la iluminaci\u00f3n en puntos clave.<\/p>\n\n\n\n<p>Dijo que con estas acciones la Administraci\u00f3n Municipal que preside el alcalde<br>Rom\u00e1n Alberto Cepeda Gonz\u00e1lez busca garantizar que los panteones municipales<br>est\u00e9n en \u00f3ptimas condiciones para recibir a las familias que honran a sus seres<br>queridos.<\/p>\n","protected":false},"excerpt":{"rendered":"<p>Torre\u00f3n, Coahuila. A 14 de octubre de 2024. Como parte de los preparativos por el D\u00eda de Muertos, el 2 de noviembre, yanticip\u00e1ndose al incremento significativo de visitantes para esa fecha, la Direcci\u00f3nGeneral de Servicios P\u00fablicos ha intensificado las acciones de mantenimiento enlos panteones municipales 1 y 2. Fernando Villarreal Cu\u00e9llar, director de la dependencia, inform\u00f3 que se hanimplementado una serie de labores para asegurar que estos espacios est\u00e9n en\u00f3ptimas&#8230;<\/p>\n","protected":false},"author":1,"featured_media":22895,"comment_status":"closed","ping_status":"","sticky":false,"template":"","format":"standard","meta":{"footnotes":""},"categories":[5,28,7],"tags":[],"class_list":["post-22894","post","type-post","status-publish","format-standard","has-post-thumbnail","hentry","category-coahuila","category-la-laguna","category-torreon","wpcat-5-id","wpcat-28-id","wpcat-7-id"],"_links":{"self":[{"href":"https:\/\/www.aquilaguna.com\/index.php\/wp-json\/wp\/v2\/posts\/22894","targetHints":{"allow":["GET"]}}],"collection":[{"href":"https:\/\/www.aquilaguna.com\/index.php\/wp-json\/wp\/v2\/posts"}],"about":[{"href":"https:\/\/www.aquilaguna.com\/index.php\/wp-json\/wp\/v2\/types\/post"}],"author":[{"embeddable":true,"href":"https:\/\/www.aquilaguna.com\/index.php\/wp-json\/wp\/v2\/users\/1"}],"replies":[{"embeddable":true,"href":"https:\/\/www.aquilaguna.com\/index.php\/wp-json\/wp\/v2\/comments?post=22894"}],"version-history":[{"count":1,"href":"https:\/\/www.aquilaguna.com\/index.php\/wp-json\/wp\/v2\/posts\/22894\/revisions"}],"predecessor-version":[{"id":22896,"href":"https:\/\/www.aquilaguna.com\/index.php\/wp-json\/wp\/v2\/posts\/22894\/revisions\/22896"}],"wp:featuredmedia":[{"embeddable":true,"href":"https:\/\/www.aquilaguna.com\/index.php\/wp-json\/wp\/v2\/media\/22895"}],"wp:attachment":[{"href":"https:\/\/www.aquilaguna.com\/index.php\/wp-json\/wp\/v2\/media?parent=22894"}],"wp:term":[{"taxonomy":"category","embeddable":true,"href":"https:\/\/www.aquilaguna.com\/index.php\/wp-json\/wp\/v2\/categories?post=22894"},{"taxonomy":"post_tag","embeddable":true,"href":"https:\/\/www.aquilaguna.com\/index.php\/wp-json\/wp\/v2\/tags?post=22894"}],"curies":[{"name":"wp","href":"https:\/\/api.w.org\/{rel}","templated":true}]}}