{"id":22897,"date":"2024-10-14T19:11:12","date_gmt":"2024-10-15T01:11:12","guid":{"rendered":"https:\/\/www.aquilaguna.com\/?p=22897"},"modified":"2024-10-14T19:11:12","modified_gmt":"2024-10-15T01:11:12","slug":"trabaja-dif-coahuila-y-poder-judicial-en-favor-de-las-familias-coahuilenses","status":"publish","type":"post","link":"https:\/\/www.aquilaguna.com\/index.php\/2024\/10\/14\/trabaja-dif-coahuila-y-poder-judicial-en-favor-de-las-familias-coahuilenses\/","title":{"rendered":"TRABAJA DIF COAHUILA Y PODER JUDICIAL EN FAVOR DE LAS FAMILIAS COAHUILENSES."},"content":{"rendered":"\n<p>&#8211;&nbsp;&nbsp;&nbsp;&nbsp;&nbsp;&nbsp;&nbsp;Se lleva a cabo capacitaci\u00f3n entre jueces y psic\u00f3logos para eficientar la labor en los Centros de Atenci\u00f3n e Integraci\u00f3n Familiar<\/p>\n\n\n\n<p>Saltillo, Coahuila de Zaragoza; a 13 de octubre de 2024.- Como parte del trabajo coordinado entre los \u00f3rdenes de gobierno del estado, el Sistema DIF Coahuila, de la mano del Poder Judicial del Estado generan diversas acciones encaminadas a eficientar los procesos y la calidad de la atenci\u00f3n de los Centros de Atenci\u00f3n e Integraci\u00f3n Familiar (CAIF) en la entidad.<\/p>\n\n\n\n<p>Liliana Salinas Vald\u00e9s, presidenta honoraria del DIF Coahuila, junto a Miguel Felipe Mery Ayup, presidente del Tribunal Superior de Justicia pusieron en marcha los Encuentros Regionales entre el Poder Judicial del Estado y los CAIF, creando un espacio de capacitaci\u00f3n y di\u00e1logo para los colaboradores de ambas instituciones.<\/p>\n\n\n\n<p>\u201cCon estas acciones seguimos fortaleciendo la atenci\u00f3n a la salud mental de las familias que pasan por estos procedimientos judiciales, logrando la reestructura del tejido familiar y social, y dando pie a la continuidad de colaboraci\u00f3n y alianza entre el Poder Judicial del Estado de Coahuila y el DIF Coahuila\u201d, manifest\u00f3 Liliana Salinas.<\/p>\n\n\n\n<p>Se inform\u00f3 que estos encuentros iniciaron en la regi\u00f3n Sureste y que se han replicado en las regiones Norte, Carbon\u00edfera y Centro, y este mes de octubre en la regi\u00f3n Laguna.<\/p>\n\n\n\n<p>Estos eventos han contado con la participaci\u00f3n de Alejandro Cepeda Vald\u00e9s, director general del DIF Coahuila, y de Mar\u00eda Eugenia Galindo Hern\u00e1ndez, magistrada de la Sala Civil y Familiar, de parte del Poder Judicial; adem\u00e1s de magistrados distritales, jueces, secretarios de acuerdo y personal de los CAIF de cada regi\u00f3n.<\/p>\n\n\n\n<p>En estos encuentros, adem\u00e1s se brinda informaci\u00f3n acerca de los servicios otorgados por los CAIF, y se da capacitaci\u00f3n en psicolog\u00eda forense y en materia de psicolog\u00eda cl\u00ednica.<\/p>\n\n\n\n<p>Al finalizar dichas capacitaciones se da paso al conversatorio entre jueces y psic\u00f3logos donde se definen acuerdos para acelerar los procesos donde las familias requieren la intervenci\u00f3n de los CAIF, generando v\u00edas de comunicaci\u00f3n m\u00e1s efectivas con el objetivo de prestar mejores servicios a la sociedad coahuilense.&nbsp;<\/p>\n\n\n\n<p>Alejandro Cepeda Vald\u00e9s, director general del DIF Coahuila record\u00f3 los Centros de Atenci\u00f3n e Integraci\u00f3n Familiar \u201cCAIF\u201d fueron fundados en 1994 a ra\u00edz de las necesidades detectadas en la poblaci\u00f3n de las familias Coahuilenses tales como violencia familiar, adicciones, problemas emocionales, de pareja, de conducta, suicidio, etc\u00e9tera.&nbsp;<\/p>\n\n\n\n<p>Inform\u00f3 que hoy se cuenta con 28 de estos centros en las diferentes regiones de Coahuila con el objetivo de fortalecer los \u00e1mbitos familiares para disminuir estos conflictos que afectan la uni\u00f3n de sus integrantes, y promover estructuras familiares m\u00e1s s\u00f3lidas y funcionales, mejorando la calidad de vida de los miembros del sistema familiar a trav\u00e9s de acciones de atenci\u00f3n especializada en psicoterapia y actividades de prevenci\u00f3n.<\/p>\n","protected":false},"excerpt":{"rendered":"<p>&#8211;&nbsp;&nbsp;&nbsp;&nbsp;&nbsp;&nbsp;&nbsp;Se lleva a cabo capacitaci\u00f3n entre jueces y psic\u00f3logos para eficientar la labor en los Centros de Atenci\u00f3n e Integraci\u00f3n Familiar Saltillo, Coahuila de Zaragoza; a 13 de octubre de 2024.- Como parte del trabajo coordinado entre los \u00f3rdenes de gobierno del estado, el Sistema DIF Coahuila, de la mano del Poder Judicial del Estado generan diversas acciones encaminadas a eficientar los procesos y la calidad de la atenci\u00f3n de&#8230;<\/p>\n","protected":false},"author":1,"featured_media":22898,"comment_status":"closed","ping_status":"","sticky":false,"template":"","format":"standard","meta":{"footnotes":""},"categories":[5,26,15],"tags":[],"class_list":["post-22897","post","type-post","status-publish","format-standard","has-post-thumbnail","hentry","category-coahuila","category-dif","category-gobierno-de-coahuila","wpcat-5-id","wpcat-26-id","wpcat-15-id"],"_links":{"self":[{"href":"https:\/\/www.aquilaguna.com\/index.php\/wp-json\/wp\/v2\/posts\/22897","targetHints":{"allow":["GET"]}}],"collection":[{"href":"https:\/\/www.aquilaguna.com\/index.php\/wp-json\/wp\/v2\/posts"}],"about":[{"href":"https:\/\/www.aquilaguna.com\/index.php\/wp-json\/wp\/v2\/types\/post"}],"author":[{"embeddable":true,"href":"https:\/\/www.aquilaguna.com\/index.php\/wp-json\/wp\/v2\/users\/1"}],"replies":[{"embeddable":true,"href":"https:\/\/www.aquilaguna.com\/index.php\/wp-json\/wp\/v2\/comments?post=22897"}],"version-history":[{"count":1,"href":"https:\/\/www.aquilaguna.com\/index.php\/wp-json\/wp\/v2\/posts\/22897\/revisions"}],"predecessor-version":[{"id":22899,"href":"https:\/\/www.aquilaguna.com\/index.php\/wp-json\/wp\/v2\/posts\/22897\/revisions\/22899"}],"wp:featuredmedia":[{"embeddable":true,"href":"https:\/\/www.aquilaguna.com\/index.php\/wp-json\/wp\/v2\/media\/22898"}],"wp:attachment":[{"href":"https:\/\/www.aquilaguna.com\/index.php\/wp-json\/wp\/v2\/media?parent=22897"}],"wp:term":[{"taxonomy":"category","embeddable":true,"href":"https:\/\/www.aquilaguna.com\/index.php\/wp-json\/wp\/v2\/categories?post=22897"},{"taxonomy":"post_tag","embeddable":true,"href":"https:\/\/www.aquilaguna.com\/index.php\/wp-json\/wp\/v2\/tags?post=22897"}],"curies":[{"name":"wp","href":"https:\/\/api.w.org\/{rel}","templated":true}]}}