{"id":22900,"date":"2024-10-14T19:13:13","date_gmt":"2024-10-15T01:13:13","guid":{"rendered":"https:\/\/www.aquilaguna.com\/?p=22900"},"modified":"2024-10-14T19:13:13","modified_gmt":"2024-10-15T01:13:13","slug":"convoca-el-gobierno-del-estado-al-concurso-de-calaveras-literarias","status":"publish","type":"post","link":"https:\/\/www.aquilaguna.com\/index.php\/2024\/10\/14\/convoca-el-gobierno-del-estado-al-concurso-de-calaveras-literarias\/","title":{"rendered":"CONVOCA EL GOBIERNO DEL ESTADO AL CONCURSO DE CALAVERAS LITERARIAS."},"content":{"rendered":"\n<p>\u2022&nbsp;&nbsp;&nbsp;&nbsp;&nbsp;&nbsp;&nbsp;&nbsp;&nbsp;&nbsp;&nbsp;&nbsp;&nbsp;&nbsp;&nbsp;<strong><em>En dos categor\u00edas&nbsp;<\/em><\/strong><\/p>\n\n\n\n<p>Saltillo, Coahuila de Zaragoza; a 14 de octubre de 2024.- Para celebrar y conservar nuestras tradiciones del D\u00eda de Muertos, y favorecer el uso correcto del lenguaje, el Gobierno de Coahuila, a trav\u00e9s de su Secretar\u00eda de Educaci\u00f3n y la Coordinaci\u00f3n General de Bibliotecas, Publicaciones y Librer\u00edas, convocan a la poblaci\u00f3n a participar en el concurso de Calaveras Literarias.<\/p>\n\n\n\n<p>La titular de este organismo, Martha Loera Ar\u00e1mbula se\u00f1al\u00f3&nbsp;&nbsp;que este tipo de cert\u00e1menes le dan a la gente la posibilidad de sumarse a la celebraci\u00f3n, ocasi\u00f3n de ejercitarse en el correcto uso del lenguaje.<\/p>\n\n\n\n<p>Las calaveras literarias son formas po\u00e9ticas populares en rima, de naturaleza humor\u00edstica, donde se hace referencia a asuntos de inter\u00e9s general o se estiman las cualidades o defectos de personajes famosos o importantes; todo ello de manera irreverente y jocosa.<\/p>\n\n\n\n<p>El tema o persona de la pieza literaria deber\u00e1 ser un personaje p\u00fablico, de preferencia escritora o escritor mexicano, en las categor\u00edas infantil-juvenil de 6 a 18 a\u00f1os, y a partir de los 18 en adelante; esta invitaci\u00f3n queda abierta a partir de la fecha y hasta el 25 de octubre.<\/p>\n\n\n\n<p>Los interesados podr\u00e1n registrar sus obras literarias en el correo&nbsp;&nbsp;<\/p>\n\n\n\n<p><a href=\"mailto:coordinaci%C3%B3n@coahuilabibliotecas.gob.mx\" target=\"_blank\" rel=\"noreferrer noopener\">coordinaci\u00f3n@coahuilabibliotecas.gob.mx<\/a>&nbsp;y&nbsp;<a href=\"mailto:bibliotecasconcurso01@gmail.com\" target=\"_blank\" rel=\"noreferrer noopener\">bibliotecasconcurso01@gmail.com<\/a>; los resultados se publicar\u00e1n en las redes sociales de esta Coordinaci\u00f3n General de Bibliotecas, Publicaciones y Librer\u00edas, el 31 de octubre.<\/p>\n\n\n\n<p>La premiaci\u00f3n para los tres primeros lugares consistir\u00e1 en una Tablet, una donaci\u00f3n de libros para el segundo y tercer lugar.<\/p>\n\n\n\n<p>El D\u00eda de Muertos en M\u00e9xico es, parad\u00f3jicamente, uno de los d\u00edas m\u00e1s vivos de nuestro calendario c\u00edvico.&nbsp;<\/p>\n\n\n\n<p>&nbsp;Adem\u00e1s de los vistosos altares de muerto con los que se conmemora a quienes se adelantaron en el camino, hay otras m\u00faltiples formas de celebrar esta fiesta de car\u00e1cter sincr\u00e9tico; para mencionar s\u00f3lo algunas est\u00e1n, el pan de muerto y las calaveras de az\u00facar, adem\u00e1s de los ya mencionados altares.<\/p>\n","protected":false},"excerpt":{"rendered":"<p>\u2022&nbsp;&nbsp;&nbsp;&nbsp;&nbsp;&nbsp;&nbsp;&nbsp;&nbsp;&nbsp;&nbsp;&nbsp;&nbsp;&nbsp;&nbsp;En dos categor\u00edas&nbsp; Saltillo, Coahuila de Zaragoza; a 14 de octubre de 2024.- Para celebrar y conservar nuestras tradiciones del D\u00eda de Muertos, y favorecer el uso correcto del lenguaje, el Gobierno de Coahuila, a trav\u00e9s de su Secretar\u00eda de Educaci\u00f3n y la Coordinaci\u00f3n General de Bibliotecas, Publicaciones y Librer\u00edas, convocan a la poblaci\u00f3n a participar en el concurso de Calaveras Literarias. La titular de este organismo, Martha Loera Ar\u00e1mbula&#8230;<\/p>\n","protected":false},"author":1,"featured_media":22901,"comment_status":"closed","ping_status":"","sticky":false,"template":"","format":"standard","meta":{"footnotes":""},"categories":[5,12,15],"tags":[],"class_list":["post-22900","post","type-post","status-publish","format-standard","has-post-thumbnail","hentry","category-coahuila","category-cultura","category-gobierno-de-coahuila","wpcat-5-id","wpcat-12-id","wpcat-15-id"],"_links":{"self":[{"href":"https:\/\/www.aquilaguna.com\/index.php\/wp-json\/wp\/v2\/posts\/22900","targetHints":{"allow":["GET"]}}],"collection":[{"href":"https:\/\/www.aquilaguna.com\/index.php\/wp-json\/wp\/v2\/posts"}],"about":[{"href":"https:\/\/www.aquilaguna.com\/index.php\/wp-json\/wp\/v2\/types\/post"}],"author":[{"embeddable":true,"href":"https:\/\/www.aquilaguna.com\/index.php\/wp-json\/wp\/v2\/users\/1"}],"replies":[{"embeddable":true,"href":"https:\/\/www.aquilaguna.com\/index.php\/wp-json\/wp\/v2\/comments?post=22900"}],"version-history":[{"count":1,"href":"https:\/\/www.aquilaguna.com\/index.php\/wp-json\/wp\/v2\/posts\/22900\/revisions"}],"predecessor-version":[{"id":22902,"href":"https:\/\/www.aquilaguna.com\/index.php\/wp-json\/wp\/v2\/posts\/22900\/revisions\/22902"}],"wp:featuredmedia":[{"embeddable":true,"href":"https:\/\/www.aquilaguna.com\/index.php\/wp-json\/wp\/v2\/media\/22901"}],"wp:attachment":[{"href":"https:\/\/www.aquilaguna.com\/index.php\/wp-json\/wp\/v2\/media?parent=22900"}],"wp:term":[{"taxonomy":"category","embeddable":true,"href":"https:\/\/www.aquilaguna.com\/index.php\/wp-json\/wp\/v2\/categories?post=22900"},{"taxonomy":"post_tag","embeddable":true,"href":"https:\/\/www.aquilaguna.com\/index.php\/wp-json\/wp\/v2\/tags?post=22900"}],"curies":[{"name":"wp","href":"https:\/\/api.w.org\/{rel}","templated":true}]}}