{"id":22909,"date":"2024-10-14T21:44:14","date_gmt":"2024-10-15T03:44:14","guid":{"rendered":"https:\/\/www.aquilaguna.com\/?p=22909"},"modified":"2024-10-14T21:44:14","modified_gmt":"2024-10-15T03:44:14","slug":"invertimos-mas-de-4-mil-mdp-en-obras-para-todo-coahuila-manolo","status":"publish","type":"post","link":"https:\/\/www.aquilaguna.com\/index.php\/2024\/10\/14\/invertimos-mas-de-4-mil-mdp-en-obras-para-todo-coahuila-manolo\/","title":{"rendered":"INVERTIMOS M\u00c1S DE 4 MIL MDP EN OBRAS PARA TODO COAHUILA: MANOLO."},"content":{"rendered":"\n<p>\u00b7&nbsp;&nbsp;&nbsp;&nbsp;&nbsp;&nbsp;<strong><em>Al d\u00eda de hoy se han invertido m\u00e1s de 4 mil millones de pesos en grandes obras,&nbsp;&nbsp;infraestructura social, de seguridad y de salud en todo Coahuila<\/em><\/strong><\/p>\n\n\n\n<p>\u00b7&nbsp;&nbsp;&nbsp;&nbsp;&nbsp;&nbsp;<strong><em>Arrancan Gobernador y Alcalde de Saltillo rehabilitaci\u00f3n de los bulevares Eulalio Guti\u00e9rrez y Vald\u00e9s S\u00e1nchez<\/em><\/strong><\/p>\n\n\n\n<p>\u00b7&nbsp;&nbsp;&nbsp;&nbsp;&nbsp;&nbsp;<strong><em>En octubre y noviembre se inaugarar\u00e1n en todo el estado obras que se arrancaron en los primeros 100 d\u00edas del gobierno estatal<\/em><\/strong><\/p>\n\n\n\n<p>Saltillo, Coahuila de Zaragoza; a 14 de octubre de 2024.- El Gobernador Manolo Jim\u00e9nez Salinas y el alcalde de Saltillo, Jos\u00e9 Mar\u00eda Fraustro Siller, pusieron en marcha la rehabilitaci\u00f3n de pavimento asf\u00e1ltico de los bulevares Eulalio Guti\u00e9rrez y Jes\u00fas Vald\u00e9s S\u00e1nchez, refrendando el trabajo entre municipio y estado.&nbsp;<\/p>\n\n\n\n<p>&#8220;Iniciamos la semana arrancando obras en Saltillo. Junto con mi amigo el alcalde Chema Fraustro, detonamos la rehabilitaci\u00f3n del pavimento asf\u00e1ltico del bulevar Vald\u00e9s S\u00e1nchez entre el bulevar Eulalio Guti\u00e9rrez y La Aurora, con una inversi\u00f3n de 25 millones de pesos, que beneficiar\u00e1 a miles de familias. Trabajando en equipo, vamos pa&#8217; delante a pasos de gigante&#8221;, destac\u00f3 el mandatario estatal.<\/p>\n\n\n\n<p>Jim\u00e9nez Salinas reiter\u00f3 su compromiso con el presidente municipal Chema Fraustro para cerrar fuerte su gesti\u00f3n, y mencion\u00f3 que ya est\u00e1n planeando la agenda de trabajo conjunta con el municipio para 2025.<\/p>\n\n\n\n<p>\u201cEn verdad que quienes vivimos aqu\u00ed somos privilegiados por lo que hoy en d\u00eda representa Saltillo y Coahuila en los temas de seguridad, de desarrollo, de servicios, de calidad de vida, y eso nos compromete mucho m\u00e1s como comunidad. Nos compromete a que, en equipo entre todas y todos, sigamos construyendo la grandeza de la capital de Coahuila\u201d, expres\u00f3.<\/p>\n\n\n\n<p>Destac\u00f3 que gran parte de las obras que se hacen de agua, drenaje, pavimento, electrificaci\u00f3n, centros comunitarios, entre muchas otras, se han construido en conjunto con la comunidad, porque son el sentir y pensar de las y los coahuilenses.<\/p>\n\n\n\n<p>Manolo Jim\u00e9nez coment\u00f3 que en los 10 meses que lleva su administraci\u00f3n, se han podido detonar importantes proyectos y obras insignia en conjunto con las alcaldesas y alcaldes de todas las regiones, as\u00ed como con la iniciativa privada.<\/p>\n\n\n\n<p>\u201cObras que las estaremos terminando en el mes de noviembre. Nada m\u00e1s para estas obras insignia destinamos mil 200 millones de pesos\u201d, destac\u00f3.<\/p>\n\n\n\n<p>Se\u00f1al\u00f3 que, adem\u00e1s, se ha estado invirtiendo en el tema de seguridad, en cuarteles para la Polic\u00eda Estatal y el Ej\u00e9rcito Mexicano como los que habr\u00e1n de construirse en San Miguel y Boquillas del Carmen, comunidades de Ocampo que visit\u00f3 el pasado fin de semana junto al General Alberto Ibarra, Comandante de la XI Regi\u00f3n Militar, y que son parte del blindaje de Coahuila.<\/p>\n\n\n\n<p>Manolo Jim\u00e9nez mencion\u00f3 que en coordinaci\u00f3n con las alcaldesas y alcaldes se tiene una inversi\u00f3n conjunta de alrededor de dos mil millones de pesos en obras sociales, sobre todo al interior de las colonias, de los barrios, de los ejidos.<\/p>\n\n\n\n<p>Agreg\u00f3 que se han invertido alrededor de 300 millones de pesos en el tema de salud, en la rehabilitaci\u00f3n de 14 hospitales generales y 133 centros de salud en la entidad.<\/p>\n\n\n\n<p>\u201cEntonces, estamos invirtiendo m\u00e1s o menos como cuatro mil millones de pesos en infraestructura, y de esa manera, vamos fortaleciendo todo el estado de Coahuila\u201d, puntualiz\u00f3 el gobernador Manolo Jim\u00e9nez.<\/p>\n\n\n\n<p>Jos\u00e9 Mar\u00eda Fraustro Siller mencion\u00f3 que la rehabilitaci\u00f3n de estos bulevares no solo busca mejorar la infraestructura de la ciudad, sino tambi\u00e9n mejorar la calidad de vida de cada uno de sus habitantes.<\/p>\n\n\n\n<p>Agradeci\u00f3 al gobernador Manolo Jim\u00e9nez, ya que su visi\u00f3n y liderazgo han sido fundamentales para que este proyecto hoy sea una realidad. Agreg\u00f3 que su incansable labor en beneficio no solo de Saltillo, sino de todo el estado, es un ejemplo a seguir.<\/p>\n\n\n\n<p>\u201cEste proyecto es un claro reflejo de lo que se puede lograr cuando se trabaja en equipo\u201d, se\u00f1al\u00f3 el alcalde Jos\u00e9 Mar\u00eda Fraustro.<\/p>\n\n\n\n<p>Virgilio Verduzco Echeverr\u00eda, director de Obras P\u00fablicas del municipio, inform\u00f3 que los trabajos de rehabilitaci\u00f3n estar\u00e1n iniciando en el bulevar Jes\u00fas Vald\u00e9s S\u00e1nchez, del bulevar Eulalio Guti\u00e9rrez hasta pasando La Aurora, en donde se estar\u00e1n recarpeteando m\u00e1s de 46 mil metros cuadrados en una longitud de mil 700 metros.<\/p>\n\n\n\n<p>Agreg\u00f3 que el bulevar Eulalio Guti\u00e9rrez ser\u00e1 del tramo de Fundadores a Vald\u00e9s S\u00e1nchez, con 27 mil metros cuadrados de recarpeteo en una longitud de un kil\u00f3metro.<\/p>\n\n\n\n<p>Mar\u00eda de los \u00c1ngeles Cerda, vecina de esta zona,&nbsp;&nbsp;a nombre de los beneficiarios reconoci\u00f3 que bajo las administraciones municipales tanto de Jos\u00e9 Mar\u00eda Fraustro como de Manolo Jim\u00e9nez, y ahora la de Manolo como gobernador, se ha priorizado el crecimiento y bienestar de la ciudad, visi\u00f3n que ha beneficiado de manera significativa el comercio local y al empresarial.<\/p>\n\n\n\n<p>Acompa\u00f1aron al gobernador en este evento, adem\u00e1s, Luz Elena Morales N\u00fa\u00f1ez, diputada presidenta de la Junta de Gobierno del Congreso local; Miguel \u00c1ngel Algara Acosta, secretario de Infraestructura, Desarrollo Urbano y Movilidad; Mayela Hern\u00e1ndez Vald\u00e9s; s\u00edndica presidenta de la Comisi\u00f3n de Planeaci\u00f3n, Urbanismo, Obras P\u00fablicas y Centro Hist\u00f3rico.<\/p>\n","protected":false},"excerpt":{"rendered":"<p>\u00b7&nbsp;&nbsp;&nbsp;&nbsp;&nbsp;&nbsp;Al d\u00eda de hoy se han invertido m\u00e1s de 4 mil millones de pesos en grandes obras,&nbsp;&nbsp;infraestructura social, de seguridad y de salud en todo Coahuila \u00b7&nbsp;&nbsp;&nbsp;&nbsp;&nbsp;&nbsp;Arrancan Gobernador y Alcalde de Saltillo rehabilitaci\u00f3n de los bulevares Eulalio Guti\u00e9rrez y Vald\u00e9s S\u00e1nchez \u00b7&nbsp;&nbsp;&nbsp;&nbsp;&nbsp;&nbsp;En octubre y noviembre se inaugarar\u00e1n en todo el estado obras que se arrancaron en los primeros 100 d\u00edas del gobierno estatal Saltillo, Coahuila de Zaragoza; a 14 de&#8230;<\/p>\n","protected":false},"author":1,"featured_media":22910,"comment_status":"closed","ping_status":"","sticky":false,"template":"","format":"standard","meta":{"footnotes":""},"categories":[5,15,75],"tags":[],"class_list":["post-22909","post","type-post","status-publish","format-standard","has-post-thumbnail","hentry","category-coahuila","category-gobierno-de-coahuila","category-obra","wpcat-5-id","wpcat-15-id","wpcat-75-id"],"_links":{"self":[{"href":"https:\/\/www.aquilaguna.com\/index.php\/wp-json\/wp\/v2\/posts\/22909","targetHints":{"allow":["GET"]}}],"collection":[{"href":"https:\/\/www.aquilaguna.com\/index.php\/wp-json\/wp\/v2\/posts"}],"about":[{"href":"https:\/\/www.aquilaguna.com\/index.php\/wp-json\/wp\/v2\/types\/post"}],"author":[{"embeddable":true,"href":"https:\/\/www.aquilaguna.com\/index.php\/wp-json\/wp\/v2\/users\/1"}],"replies":[{"embeddable":true,"href":"https:\/\/www.aquilaguna.com\/index.php\/wp-json\/wp\/v2\/comments?post=22909"}],"version-history":[{"count":1,"href":"https:\/\/www.aquilaguna.com\/index.php\/wp-json\/wp\/v2\/posts\/22909\/revisions"}],"predecessor-version":[{"id":22911,"href":"https:\/\/www.aquilaguna.com\/index.php\/wp-json\/wp\/v2\/posts\/22909\/revisions\/22911"}],"wp:featuredmedia":[{"embeddable":true,"href":"https:\/\/www.aquilaguna.com\/index.php\/wp-json\/wp\/v2\/media\/22910"}],"wp:attachment":[{"href":"https:\/\/www.aquilaguna.com\/index.php\/wp-json\/wp\/v2\/media?parent=22909"}],"wp:term":[{"taxonomy":"category","embeddable":true,"href":"https:\/\/www.aquilaguna.com\/index.php\/wp-json\/wp\/v2\/categories?post=22909"},{"taxonomy":"post_tag","embeddable":true,"href":"https:\/\/www.aquilaguna.com\/index.php\/wp-json\/wp\/v2\/tags?post=22909"}],"curies":[{"name":"wp","href":"https:\/\/api.w.org\/{rel}","templated":true}]}}