{"id":22915,"date":"2024-10-15T17:20:34","date_gmt":"2024-10-15T23:20:34","guid":{"rendered":"https:\/\/www.aquilaguna.com\/?p=22915"},"modified":"2024-10-15T17:20:34","modified_gmt":"2024-10-15T23:20:34","slug":"para-impulsar-investigaciones-y-capacitacion-firman-convenio-la-uadec-y-la-sevot","status":"publish","type":"post","link":"https:\/\/www.aquilaguna.com\/index.php\/2024\/10\/15\/para-impulsar-investigaciones-y-capacitacion-firman-convenio-la-uadec-y-la-sevot\/","title":{"rendered":"Para Impulsar Investigaciones y Capacitaci\u00f3n Firman Convenio la UAdeC y la SEVOT."},"content":{"rendered":"\n<p>ARTEAGA, Coahuila. 15 de octubre de 2024. Este martes, la Universidad Aut\u00f3noma<br>de Coahuila a trav\u00e9s de la Coordinaci\u00f3n General de Vinculaci\u00f3n e Innovaci\u00f3n<br>Productiva, firm\u00f3 un convenio de colaboraci\u00f3n con la Secretar\u00eda de Vivienda y<br>Ordenamiento Territorial (SEVOT) de Coahuila, el cual busca fortalecer la<br>cooperaci\u00f3n en la elaboraci\u00f3n de estudios t\u00e9cnicos e investigaciones, capacitaci\u00f3n,<br>desarrollo, educaci\u00f3n continua y certificaci\u00f3n de recursos humanos y t\u00e9cnicos.<\/p>\n\n\n\n<p>El documento fue signado en la Sala Audiovisual de Infoteca Campus Arteaga, por el<br>rector de la m\u00e1xima casa de estudios, Octavio Pimentel Mart\u00ednez y el secretario de<br>Vivienda y Ordenamiento Territorial \u00c1ngel Mahatma S\u00e1nchez, como testigos de<br>honor el director de la Comisi\u00f3n Estatal de Vivienda, Andr\u00e9s Felipe Osuna Mancera,<br>la coordinadora de Vinculaci\u00f3n e Innovaci\u00f3n Productiva de la UAdeC, Karla Vald\u00e9s<br>Garc\u00eda y el director de la Facultad de Arquitectura, Jes\u00fas Alberto Padilla Garza.<\/p>\n\n\n\n<p>En su mensaje, el rector Octavio Pimentel Mart\u00ednez, destac\u00f3 la importancia del<br>trabajo en equipo y se\u00f1al\u00f3 que la colaboraci\u00f3n con el Gobierno del estado y la<br>Federaci\u00f3n es fundamental para la Universidad, la cual siempre ha mostrado<br>apertura hacia la comunidad y busca inculcar en sus estudiantes la cooperaci\u00f3n<br>como herramienta clave para el desarrollo social.<\/p>\n\n\n\n<p>Pimentel Mart\u00ednez, resalt\u00f3 la relevancia de este acuerdo, no solo como un acto<br>simb\u00f3lico, sino como una agenda activa que promueve acciones concretas que<br>fomenten la creatividad y la investigaci\u00f3n en beneficio de las pol\u00edticas p\u00fablicas y la<br>optimizaci\u00f3n de recursos.<\/p>\n\n\n\n<p>Por su parte, el secretario de Vivienda y Ordenamiento Territorial, \u00c1ngel Mahatma<br>S\u00e1nchez, dijo que este convenio firmado busca establecer una alianza entre el sector<br>acad\u00e9mico y gubernamental para desarrollar programas y pol\u00edticas p\u00fablicas que<br>enfrenten el desaf\u00edo del ordenamiento territorial, y garanticen el derecho a una<br>vivienda adecuada en Coahuila.<\/p>\n\n\n\n<p>Agradeci\u00f3 trabajar con la UAdeC para aprovechar su conocimiento y experiencia, e<br>incorporar la participaci\u00f3n ciudadana en los proyectos de planificaci\u00f3n y dise\u00f1o de<br>espacios, por lo que expres\u00f3 su confianza en que esta alianza beneficiar\u00e1 a ambas<br>partes, permitiendo a la SEVOT fortalecer sus capacidades en favor de las familias<br>coahuilenses.<\/p>\n\n\n\n<p>La SEVOT formula, ejecuta y eval\u00faa los programas y pol\u00edticas estatales, en materia<br>de vivienda y ordenamiento territorial relacionado con vivienda, aguas y regularizaci\u00f3n de la tenencia de la tierra de los asentamientos humanos, que expresamente le encomiende la Ley Org\u00e1nica de la Administraci\u00f3n P\u00fablica del Estado de Coahuila de Zaragoza, as\u00ed como otras leyes, reglamentos, decretos,<br>acuerdos y \u00f3rdenes del titular del Poder Ejecutivo, coadyuvando con organismos<br>estatales en las materias se\u00f1aladas.<\/p>\n","protected":false},"excerpt":{"rendered":"<p>ARTEAGA, Coahuila. 15 de octubre de 2024. Este martes, la Universidad Aut\u00f3nomade Coahuila a trav\u00e9s de la Coordinaci\u00f3n General de Vinculaci\u00f3n e Innovaci\u00f3nProductiva, firm\u00f3 un convenio de colaboraci\u00f3n con la Secretar\u00eda de Vivienda yOrdenamiento Territorial (SEVOT) de Coahuila, el cual busca fortalecer lacooperaci\u00f3n en la elaboraci\u00f3n de estudios t\u00e9cnicos e investigaciones, capacitaci\u00f3n,desarrollo, educaci\u00f3n continua y certificaci\u00f3n de recursos humanos y t\u00e9cnicos. El documento fue signado en la Sala Audiovisual de&#8230;<\/p>\n","protected":false},"author":1,"featured_media":22916,"comment_status":"closed","ping_status":"","sticky":false,"template":"","format":"standard","meta":{"footnotes":""},"categories":[2],"tags":[],"class_list":["post-22915","post","type-post","status-publish","format-standard","has-post-thumbnail","hentry","category-uadec","wpcat-2-id"],"_links":{"self":[{"href":"https:\/\/www.aquilaguna.com\/index.php\/wp-json\/wp\/v2\/posts\/22915","targetHints":{"allow":["GET"]}}],"collection":[{"href":"https:\/\/www.aquilaguna.com\/index.php\/wp-json\/wp\/v2\/posts"}],"about":[{"href":"https:\/\/www.aquilaguna.com\/index.php\/wp-json\/wp\/v2\/types\/post"}],"author":[{"embeddable":true,"href":"https:\/\/www.aquilaguna.com\/index.php\/wp-json\/wp\/v2\/users\/1"}],"replies":[{"embeddable":true,"href":"https:\/\/www.aquilaguna.com\/index.php\/wp-json\/wp\/v2\/comments?post=22915"}],"version-history":[{"count":1,"href":"https:\/\/www.aquilaguna.com\/index.php\/wp-json\/wp\/v2\/posts\/22915\/revisions"}],"predecessor-version":[{"id":22917,"href":"https:\/\/www.aquilaguna.com\/index.php\/wp-json\/wp\/v2\/posts\/22915\/revisions\/22917"}],"wp:featuredmedia":[{"embeddable":true,"href":"https:\/\/www.aquilaguna.com\/index.php\/wp-json\/wp\/v2\/media\/22916"}],"wp:attachment":[{"href":"https:\/\/www.aquilaguna.com\/index.php\/wp-json\/wp\/v2\/media?parent=22915"}],"wp:term":[{"taxonomy":"category","embeddable":true,"href":"https:\/\/www.aquilaguna.com\/index.php\/wp-json\/wp\/v2\/categories?post=22915"},{"taxonomy":"post_tag","embeddable":true,"href":"https:\/\/www.aquilaguna.com\/index.php\/wp-json\/wp\/v2\/tags?post=22915"}],"curies":[{"name":"wp","href":"https:\/\/api.w.org\/{rel}","templated":true}]}}