{"id":22930,"date":"2024-10-15T17:44:00","date_gmt":"2024-10-15T23:44:00","guid":{"rendered":"https:\/\/www.aquilaguna.com\/?p=22930"},"modified":"2024-10-15T17:44:00","modified_gmt":"2024-10-15T23:44:00","slug":"afirma-luis-mendez-jaled-que-obras-deben-de-estar-en-manos-de-los-constructores","status":"publish","type":"post","link":"https:\/\/www.aquilaguna.com\/index.php\/2024\/10\/15\/afirma-luis-mendez-jaled-que-obras-deben-de-estar-en-manos-de-los-constructores\/","title":{"rendered":"Afirma Luis M\u00e9ndez Jaled que &#8220;obras deben de estar en manos de los constructores&#8221;."},"content":{"rendered":"\n<p>Torre\u00f3n, Coahuila.- &#8220;Si\u00a0 bien la\u00a0 C\u00e1mara\u00a0 de la Industria de la Construcci\u00f3n -CMIC-, respalda el nuevo Plan de Gobierno\u00a0 y estamos listos para implusar las obras de infraestructura que se requieran y abatir rezagos, pero tambi\u00e9n, con el debido respeto hemos expresado aquello\u00a0 en lo que no estamos de acuerdo, aportando argumentos y no descalificaciones, hemos\u00a0 se\u00f1alado que la soberan\u00eda\u00a0 debe de estar en manos del Ejercito y las obras, en manos de los constructores&#8221;.<\/p>\n\n\n\n<p>As\u00ed lo expreso\u00a0 cual colof\u00f3n del discurso que con motivo de la celebraci\u00f3n del 51 Aniversario de la CMIC Laguna\u00a0 en esta ciudad, el se\u00f1or,\u00a0 Luis\u00a0 M\u00e9ndez Jaled\u00a0 previo a la develaci\u00f3n de una escultura alusiva colocada  a las afueras del domicilio social de organizaci\u00f3n empresarial\u00a0 citada.<\/p>\n\n\n\n<p>Preguntado luego por su alusi\u00f3n al Ejercito\u00a0 en \u00e1reas que otrora fueran de\u00a0 la exclusividad de constructores del sector privado, reiter\u00f3 que, &#8220;nosotros siempre lo hemos dicho, el ejercito es una instituci\u00f3n muy digna, que su principal objetivo es la de salvaguardar la soberan\u00eda de M\u00e9xico y bueno el tener lo m\u00e1ximo de seguridad para los mexicanos&#8221;.<\/p>\n\n\n\n<p>&#8220;Nosotros hemos invertido durante mucho tiempo en capacitaci\u00f3n, inclusive nuestro\u00a0 patrimonio como constructores empresarios y en ese sentido hemos buscado\u00a0 tener un di\u00e1logo continuo con el equipo de Claudia Sheinbaum y con la misma Presidenta para hacerle saber todas las ventajas que tiene y que sabemos que el \u00fanico camino es ese; que\u00a0 los constructores\u00a0 construyan.\u00a0\u00a0\u00a0\u00a0\u00a0\u00a0\u00a0\u00a0\u00a0<\/p>\n\n\n\n<p>\u00a0Con todo y ello dijo que, &#8220;creo que al final del sexenio tuvimos un crecimiento muy ligero, est\u00e1bamos esperando el 1 % de crecimiento en nuestra industria, tuvimos un a\u00f1o \u00a0 complicado por el tema de la pandemia donde tuvimos un decrecimiento del 17%, pero un 2023 positivo y al final del dia\u00a0 creo que no hubo un retroceso&#8221;.<\/p>\n\n\n\n<p>Salimos, afirm\u00f3, &#8220;con un ligero crecimiento y en ese sentido lo que m\u00e1s nos importa ahorita\u00a0 son las expectativas que al parecer la Doctora Claudia Sheinbaum tiene un buen Plan de Infraestructura&#8221;.<\/p>\n\n\n\n<p>Se habla, dijo, &#8220;de la construcci\u00f3n de 500 mil viviendas que har\u00e1 Infonavit y otras 500 de Conavi&#8221;.<\/p>\n\n\n\n<p>&#8220;Nosotros estamos en toda la disposici\u00f3n de trabajar en equipo\u00a0 y\u00a0 este Plan de Vivienda es muy interesante para todos los trabajadores y trabajadoras y como Derecho Humano y motor econ\u00f3mico de nuestro pa\u00eds la vivienda es esencial&#8221;.<\/p>\n\n\n\n<p>&#8220;Otro tema,\u00a0 es el de las carreteras, en las cuales cada dia se mueven millones de toneladas en\u00a0 mercanc\u00eda\u00a0 y en donde cada dos kil\u00f3metros\u00a0est\u00e1n en malas condiciones, pues nos ponen una alerta. Y es donde tenemos que invertir m\u00e1s en este sexenio,\u00a0 pues consideramos que esta inversi\u00f3n debe de ser\u00a0 dos o tres mas de lo que se venia invirtiendo&#8221;.<\/p>\n\n\n\n<p>&#8220;Hoy ya son 50 mil kil\u00f3metros de la red carretera\u00a0 federal, pero hay otros 350 mil que tienen que ver con carreteras estatales y de peaje y que en su mayor\u00eda, hasta\u00a0 un 70% est\u00e1n en malas condiciones&#8221;.\u00a0<\/p>\n\n\n\n<p>&#8220;Hay que hacer&#8221;, expres\u00f3 el se\u00f1or M\u00e9ndez Jared,\u00a0 &#8220;muchos tipos de ejercicio, de invertrir en esta infraestructura&#8221;.<\/p>\n\n\n\n<p>En cuanto a la restauraci\u00f3n de las trenes de pasajeros a trav\u00e9s de diversas rutas en el pais, seg\u00fan \u00a0 anuncio de la Presidenta\u00a0 Sheinbaum, expres\u00f3 que &#8220;lo estamos planteando\u00a0 y que el ejercito, deber\u00eda \u00a0 de participar en situaciones extraordianrtias donde la seguridad nacional es preponderante y podremos hacer equipo con ellos&#8221;.<\/p>\n\n\n\n<p>Pero repiti\u00f3, &#8220;el ejercito\u00a0 es una instituci\u00f3n muy digna, sin embargo consideramos que los constructores\u00a0 somos quienes deber\u00edamos estar\u00a0 construyendo \u00a0 la mayoria de esas obras&#8221;.<\/p>\n\n\n\n<p>Se\u00f1al\u00f3 luego que &#8220;al final,\u00a0 ellos est\u00e1n subcontratando con empresarios\u00a0 siete de cada diez\u00a0 obras&#8221;.<\/p>\n\n\n\n<p>En cuanto al\u00a0 costo que el desplazamiento del los constructores por la incursi\u00f3n\u00a0 en su actividad por parte del Ejercito en estos menesteres, expres\u00f3 que, &#8220;nuestra industria genera casi cinco millones de empleos al a\u00f1o, es el 17.5 %\u00a0 del Producto Interno Bruto y\u00a0 representa el 8% del empleo nacional, detonando 3 de cada 4 ramas econ\u00f3micas&#8221;.<\/p>\n\n\n\n<p>&#8220;Hoy en d\u00eda hay proyectos puntuales que el ej\u00e9rcito\u00a0 construy\u00f3, mas sin embargo, representan un 20 %\u00a0 de la totalidad y como\u00a0 ya los hemos mencionado\u00a0 tambi\u00e9n subcontrataron a empresarios \u00a0 para hacer esos trabajos&#8221;.<\/p>\n\n\n\n<p>Sin embargo, reiter\u00f3, &#8220;la esencia\u00a0 siempre lo hemos comentado en un di\u00e1logo,\u00a0 respetuoso es\u00a0 que nosotros,\u00a0 \u00a0 estamos\u00a0 preparados\u00a0 en temas laborales, fiscales, para generar m\u00e1s empleo y en ese sentido creemos es una \u00e1rea\u00a0 de\u00a0 oportunidad&#8221;.<\/p>\n\n\n\n<p>Indic\u00f3 que con todo y lo anterior &#8220;hay muchas \u00e1reas de oportunidad,\u00a0 creo que todo se embona mucho en este fen\u00f3meno de la relocalizaci\u00f3n, donde la infraestructura ah\u00ed implica el tema de energ\u00eda, de dotar de electricidad, naves industriales, el tema log\u00edstico de puertos y aeropuerto, v\u00edas f\u00e9rreas, principalmente  de vivienda y carreteras, hay un rezago muy fuerte en educaci\u00f3n&#8221;.<\/p>\n\n\n\n<p>&#8220;Se invirti\u00f3 en infraestructura, agua y caminos pr\u00e1cticamente\u00a0 en el sexenio anterior\u00a0 un monto menor que lo invertido en la obra del Tren Maya&#8221;.<\/p>\n","protected":false},"excerpt":{"rendered":"<p>Torre\u00f3n, Coahuila.- &#8220;Si\u00a0 bien la\u00a0 C\u00e1mara\u00a0 de la Industria de la Construcci\u00f3n -CMIC-, respalda el nuevo Plan de Gobierno\u00a0 y estamos listos para implusar las obras de infraestructura que se requieran y abatir rezagos, pero tambi\u00e9n, con el debido respeto hemos expresado aquello\u00a0 en lo que no estamos de acuerdo, aportando argumentos y no descalificaciones, hemos\u00a0 se\u00f1alado que la soberan\u00eda\u00a0 debe de estar en manos del Ejercito y las obras,&#8230;<\/p>\n","protected":false},"author":2,"featured_media":0,"comment_status":"closed","ping_status":"","sticky":false,"template":"","format":"standard","meta":{"footnotes":""},"categories":[31,28,75,7],"tags":[],"class_list":["post-22930","post","type-post","status-publish","format-standard","hentry","category-gobierno-federal","category-la-laguna","category-obra","category-torreon","wpcat-31-id","wpcat-28-id","wpcat-75-id","wpcat-7-id"],"_links":{"self":[{"href":"https:\/\/www.aquilaguna.com\/index.php\/wp-json\/wp\/v2\/posts\/22930","targetHints":{"allow":["GET"]}}],"collection":[{"href":"https:\/\/www.aquilaguna.com\/index.php\/wp-json\/wp\/v2\/posts"}],"about":[{"href":"https:\/\/www.aquilaguna.com\/index.php\/wp-json\/wp\/v2\/types\/post"}],"author":[{"embeddable":true,"href":"https:\/\/www.aquilaguna.com\/index.php\/wp-json\/wp\/v2\/users\/2"}],"replies":[{"embeddable":true,"href":"https:\/\/www.aquilaguna.com\/index.php\/wp-json\/wp\/v2\/comments?post=22930"}],"version-history":[{"count":1,"href":"https:\/\/www.aquilaguna.com\/index.php\/wp-json\/wp\/v2\/posts\/22930\/revisions"}],"predecessor-version":[{"id":22931,"href":"https:\/\/www.aquilaguna.com\/index.php\/wp-json\/wp\/v2\/posts\/22930\/revisions\/22931"}],"wp:attachment":[{"href":"https:\/\/www.aquilaguna.com\/index.php\/wp-json\/wp\/v2\/media?parent=22930"}],"wp:term":[{"taxonomy":"category","embeddable":true,"href":"https:\/\/www.aquilaguna.com\/index.php\/wp-json\/wp\/v2\/categories?post=22930"},{"taxonomy":"post_tag","embeddable":true,"href":"https:\/\/www.aquilaguna.com\/index.php\/wp-json\/wp\/v2\/tags?post=22930"}],"curies":[{"name":"wp","href":"https:\/\/api.w.org\/{rel}","templated":true}]}}