{"id":23014,"date":"2024-10-21T19:10:08","date_gmt":"2024-10-22T01:10:08","guid":{"rendered":"https:\/\/www.aquilaguna.com\/?p=23014"},"modified":"2024-10-21T19:10:08","modified_gmt":"2024-10-22T01:10:08","slug":"inicia-en-la-uadec-el-programa-peraj-inspirando-futuros","status":"publish","type":"post","link":"https:\/\/www.aquilaguna.com\/index.php\/2024\/10\/21\/inicia-en-la-uadec-el-programa-peraj-inspirando-futuros\/","title":{"rendered":"Inicia en la UAdeC el Programa \u201cPERAJ Inspirando Futuros\u201d."},"content":{"rendered":"\n<p>SALTILLO, Coahuila. 21 de octubre de 2024. El Programa PERAJ Inspirando<br>Futuros, que impulsa la Universidad Aut\u00f3noma de Coahuila, a trav\u00e9s de la<br>Coordinaci\u00f3n de Extensi\u00f3n Universitaria, dio inici\u00f3 el pasado s\u00e1bado con las ni\u00f1as y<br>ni\u00f1os de quinto y sexto de la Escuela Primaria \u201cRafael Ochoa\u201d de la Colonia<br>Teresitas.<\/p>\n\n\n\n<p>Fue en la Facultad de Ciencias de la Comunicaci\u00f3n donde se desarrollaron las<br>actividades para formar los binomios de ni\u00f1os y tutores, quienes les dar\u00e1n<br>acompa\u00f1amiento en seis \u00e1reas como: motivaci\u00f3n, efectividad, comunicaci\u00f3n,<br>sociabilidad, cultura y escolar.<\/p>\n\n\n\n<p>Entre las actividades que se implementan para las ni\u00f1as y ni\u00f1os son brindar apoyo<br>emocional, desarrollar h\u00e1bitos de estudio y con ello su desempe\u00f1o acad\u00e9mico, fortalecer<br>su autoestima y sus habilidades sociales, enriquecer sus experiencias y cultura general,<br>ampliar sus horizontes y objetivos disminuyendo el riesgo de deserci\u00f3n escolar.<\/p>\n\n\n\n<p>En esta etapa iniciaron los trabajos con los mentores de las Facultades de Ciencias de la<br>Educaci\u00f3n, Ciencia, Educaci\u00f3n y Humanidades y de la Preparatoria N\u00famero 1, con el<br>apoyo los padres de Familia de los amig@s perfilados en la prueba piloto, misma que<br>ser\u00e1 replicada en los Campus Poniente, Norte, y Arteaga, posteriormente en las<br>Unidades Laguna y Norte.<\/p>\n\n\n\n<p>PERAJ es un programa en el que j\u00f3venes universitarios fungen como mentores y se<br>convierten en un modelo positivo a seguir para las ni\u00f1as y ni\u00f1os en condiciones<br>vulnerables, apoy\u00e1ndolos y motiv\u00e1ndolos para desarrollar su m\u00e1ximo potencial.<\/p>\n\n\n\n<p>A los universitarios se les ofrece un espacio de participaci\u00f3n ciudadana donde<br>desarrollan su compromiso social, enriqueciendo su formaci\u00f3n humana como futuros<br>profesionistas para que fortalezcan su formaci\u00f3n integral, aumenten su vocaci\u00f3n de<br>responsabilidad con la sociedad.<\/p>\n\n\n\n<p>Este programa que fortalece el tejido social, valioso apoyo para escuelas, maestros y<br>padres de familia por que promueve la tolerancia, la comprensi\u00f3n y la convivencia<br>comunitaria.<\/p>\n\n\n\n<p>Las actividades que realizaron los 30 mentores con sus amig@s fueron de rompe<br>hielo, para conocerse y compartir actividades l\u00fadicas, adem\u00e1s participaron en una<br>cascarita de futbol, el acompa\u00f1amiento ser\u00e1 hasta el mes de junio del 2025 cuando sea<br>la conclusi\u00f3n de su educaci\u00f3n primaria.<\/p>\n","protected":false},"excerpt":{"rendered":"<p>SALTILLO, Coahuila. 21 de octubre de 2024. El Programa PERAJ InspirandoFuturos, que impulsa la Universidad Aut\u00f3noma de Coahuila, a trav\u00e9s de laCoordinaci\u00f3n de Extensi\u00f3n Universitaria, dio inici\u00f3 el pasado s\u00e1bado con las ni\u00f1as yni\u00f1os de quinto y sexto de la Escuela Primaria \u201cRafael Ochoa\u201d de la ColoniaTeresitas. Fue en la Facultad de Ciencias de la Comunicaci\u00f3n donde se desarrollaron lasactividades para formar los binomios de ni\u00f1os y tutores, quienes les&#8230;<\/p>\n","protected":false},"author":1,"featured_media":23015,"comment_status":"closed","ping_status":"","sticky":false,"template":"","format":"standard","meta":{"footnotes":""},"categories":[2],"tags":[],"class_list":["post-23014","post","type-post","status-publish","format-standard","has-post-thumbnail","hentry","category-uadec","wpcat-2-id"],"_links":{"self":[{"href":"https:\/\/www.aquilaguna.com\/index.php\/wp-json\/wp\/v2\/posts\/23014","targetHints":{"allow":["GET"]}}],"collection":[{"href":"https:\/\/www.aquilaguna.com\/index.php\/wp-json\/wp\/v2\/posts"}],"about":[{"href":"https:\/\/www.aquilaguna.com\/index.php\/wp-json\/wp\/v2\/types\/post"}],"author":[{"embeddable":true,"href":"https:\/\/www.aquilaguna.com\/index.php\/wp-json\/wp\/v2\/users\/1"}],"replies":[{"embeddable":true,"href":"https:\/\/www.aquilaguna.com\/index.php\/wp-json\/wp\/v2\/comments?post=23014"}],"version-history":[{"count":1,"href":"https:\/\/www.aquilaguna.com\/index.php\/wp-json\/wp\/v2\/posts\/23014\/revisions"}],"predecessor-version":[{"id":23016,"href":"https:\/\/www.aquilaguna.com\/index.php\/wp-json\/wp\/v2\/posts\/23014\/revisions\/23016"}],"wp:featuredmedia":[{"embeddable":true,"href":"https:\/\/www.aquilaguna.com\/index.php\/wp-json\/wp\/v2\/media\/23015"}],"wp:attachment":[{"href":"https:\/\/www.aquilaguna.com\/index.php\/wp-json\/wp\/v2\/media?parent=23014"}],"wp:term":[{"taxonomy":"category","embeddable":true,"href":"https:\/\/www.aquilaguna.com\/index.php\/wp-json\/wp\/v2\/categories?post=23014"},{"taxonomy":"post_tag","embeddable":true,"href":"https:\/\/www.aquilaguna.com\/index.php\/wp-json\/wp\/v2\/tags?post=23014"}],"curies":[{"name":"wp","href":"https:\/\/api.w.org\/{rel}","templated":true}]}}