{"id":23026,"date":"2024-10-21T19:18:34","date_gmt":"2024-10-22T01:18:34","guid":{"rendered":"https:\/\/www.aquilaguna.com\/?p=23026"},"modified":"2024-10-21T19:18:34","modified_gmt":"2024-10-22T01:18:34","slug":"abren-circulacion-del-paso-a-desnivel-de-la-calle-comonfort","status":"publish","type":"post","link":"https:\/\/www.aquilaguna.com\/index.php\/2024\/10\/21\/abren-circulacion-del-paso-a-desnivel-de-la-calle-comonfort\/","title":{"rendered":"Abren circulaci\u00f3n del paso a desnivel de la calle Comonfort."},"content":{"rendered":"\n<p>Torre\u00f3n, Coahuila. A 21 de octubre de 2024.<\/p>\n\n\n\n<p>El alcalde Rom\u00e1n Alberto Cepeda Gonz\u00e1lez encabez\u00f3 la reapertura de la<br>circulaci\u00f3n del paso a desnivel de la calle Comonfort, que fue cerrado el pasado<br>mes de septiembre para seguridad de la ciudadan\u00eda, debido a los da\u00f1os<br>presentados en la barda de la empresa Pe\u00f1oles localizada en esa vialidad.<br>\u00a0<br>El Alcalde record\u00f3 que durante la semana de precipitaciones pluviales<br>extraordinarias que se registraron en septiembre, se acumul\u00f3 un porcentaje de<br>lluvias semejante al de todo un a\u00f1o, lo que deriv\u00f3 en diversas afectaciones como<br>fue el caso del derrumbe de parte de la barda de la empresa.<br>\u00a0<br>\u201cEs una obra derivada de una lluvia extraordinaria, en esa semana cayeron 183<br>mm que es casi el 85 por ciento de lo que llueve en todo el a\u00f1o en Torre\u00f3n, y<br>caus\u00f3 este tipo de inconvenientes y otros como en la colonia Santiago Ram\u00edrez y<br>otras zonas, pero este lo atendimos de manera coordinada con Pe\u00f1oles donde<br>siempre hemos tenido una extraordinaria relaci\u00f3n para trabajar de manera<br>coordinada con las colonias del poniente\u201d, declar\u00f3 el edil.<br>\u00a0<br>La inversi\u00f3n municipal consisti\u00f3 en trabajos de reparaci\u00f3n de tres mil cien metros<br>cuadrados de micro carpeta asf\u00e1ltica, adem\u00e1s de mejoras en la se\u00f1al\u00e9tica y<br>reparaci\u00f3n de sem\u00e1foros.<br>\u00a0<br>Cepeda Gonz\u00e1lez resalt\u00f3 la coordinaci\u00f3n con la empresa Pe\u00f1oles para dar<br>soluci\u00f3n inmediata a los da\u00f1os de la barda que caus\u00f3 afectaci\u00f3n en la circulaci\u00f3n<br>del paso a desnivel de esa zona.<br>\u00a0<br>\u201cEs una inversi\u00f3n coordinada donde nos toca poner el recarpeteo, pero al final del<br>camino da muestra que cuando se trabaja en coordinaci\u00f3n con quienes tienen<br>compromiso con Torre\u00f3n, en hechos lamentables como los que pasaron, se<br>pueden arreglar las cosas y hoy se abre el paso que tanto esperamos\u201d, extern\u00f3 el<br>Alcalde.<br>\u00a0<br>Adem\u00e1s, el Presidente Municipal se\u00f1al\u00f3 que habr\u00e1 m\u00e1s obras al poniente, que es<br>parte del origen de Torre\u00f3n, y reiter\u00f3 su agradecimiento a Pe\u00f1oles por el<br>compromiso compartido en su Administraci\u00f3n.<br>\u00a0<br>La reapertura a la circulaci\u00f3n del paso a desnivel beneficia a sectores como Luis<br>Echeverr\u00eda, Lucio Blanco, Primera de Mayo, Nueva Aurora, Nueva Creaci\u00f3n,<br>Francisco I Madero, Zacatecas y Metal\u00fargica, por mencionar algunos.<\/p>\n\n\n\n<p>Juan Adolfo Von Bertrab Saracho, director de Obras P\u00fablicas, dijo que los trabajos<br>coordinados de reconstrucci\u00f3n de la barda iniciaron de forma inmediata que se<br>present\u00f3 el da\u00f1o, y explic\u00f3 que se coloc\u00f3 una estructura para reforzamiento del<br>paso peatonal y en su totalidad.<br>&nbsp;<br>\u201cSe hizo la cimentaci\u00f3n cicl\u00f3pea para el soporte de la barda y reconstrucci\u00f3n a<br>base de piedra con drenes para salida de agua, trabajos ejecutados por la<br>empresa contratada por Pe\u00f1oles\u201d, mencion\u00f3.<br>&nbsp;<br>Rafael Rebollar Gonz\u00e1lez, director general de la empresa Pe\u00f1oles, destac\u00f3 la<br>coordinaci\u00f3n con el Municipio y Ferromex.<br>&nbsp;<br>\u201cEl Alcalde inmediatamente arm\u00f3 un equipo de obras p\u00fablicas para la coordinaci\u00f3n<br>y asesoramiento en los criterios de construcci\u00f3n que se ten\u00edan que utilizar, le<br>agradezco al Presidente Municipal por el recarpeteo de la calle que ya estaba muy<br>da\u00f1ada, as\u00ed como por la coordinaci\u00f3n, gu\u00eda y ayuda que nos ofrecieron\u201d<br>&nbsp;<br>Jaime Allegre Cueto, representante de Alfa Construcciones detall\u00f3 que se trabaj\u00f3<br>en tres etapas: la parte central, el muro del lado sur y el lado norte.<br>Cabe destacar que desde que se registr\u00f3 el deslave de la barda, agentes de<br>Tr\u00e1nsito y Vialidad estuvieron vigilando el paso a desnivel para garantizar la<br>seguridad de la ciudadan\u00eda.<\/p>\n","protected":false},"excerpt":{"rendered":"<p>Torre\u00f3n, Coahuila. A 21 de octubre de 2024. El alcalde Rom\u00e1n Alberto Cepeda Gonz\u00e1lez encabez\u00f3 la reapertura de lacirculaci\u00f3n del paso a desnivel de la calle Comonfort, que fue cerrado el pasadomes de septiembre para seguridad de la ciudadan\u00eda, debido a los da\u00f1ospresentados en la barda de la empresa Pe\u00f1oles localizada en esa vialidad.\u00a0El Alcalde record\u00f3 que durante la semana de precipitaciones pluvialesextraordinarias que se registraron en septiembre, se acumul\u00f3&#8230;<\/p>\n","protected":false},"author":1,"featured_media":23027,"comment_status":"closed","ping_status":"","sticky":false,"template":"","format":"standard","meta":{"footnotes":""},"categories":[5,28,7],"tags":[],"class_list":["post-23026","post","type-post","status-publish","format-standard","has-post-thumbnail","hentry","category-coahuila","category-la-laguna","category-torreon","wpcat-5-id","wpcat-28-id","wpcat-7-id"],"_links":{"self":[{"href":"https:\/\/www.aquilaguna.com\/index.php\/wp-json\/wp\/v2\/posts\/23026","targetHints":{"allow":["GET"]}}],"collection":[{"href":"https:\/\/www.aquilaguna.com\/index.php\/wp-json\/wp\/v2\/posts"}],"about":[{"href":"https:\/\/www.aquilaguna.com\/index.php\/wp-json\/wp\/v2\/types\/post"}],"author":[{"embeddable":true,"href":"https:\/\/www.aquilaguna.com\/index.php\/wp-json\/wp\/v2\/users\/1"}],"replies":[{"embeddable":true,"href":"https:\/\/www.aquilaguna.com\/index.php\/wp-json\/wp\/v2\/comments?post=23026"}],"version-history":[{"count":1,"href":"https:\/\/www.aquilaguna.com\/index.php\/wp-json\/wp\/v2\/posts\/23026\/revisions"}],"predecessor-version":[{"id":23028,"href":"https:\/\/www.aquilaguna.com\/index.php\/wp-json\/wp\/v2\/posts\/23026\/revisions\/23028"}],"wp:featuredmedia":[{"embeddable":true,"href":"https:\/\/www.aquilaguna.com\/index.php\/wp-json\/wp\/v2\/media\/23027"}],"wp:attachment":[{"href":"https:\/\/www.aquilaguna.com\/index.php\/wp-json\/wp\/v2\/media?parent=23026"}],"wp:term":[{"taxonomy":"category","embeddable":true,"href":"https:\/\/www.aquilaguna.com\/index.php\/wp-json\/wp\/v2\/categories?post=23026"},{"taxonomy":"post_tag","embeddable":true,"href":"https:\/\/www.aquilaguna.com\/index.php\/wp-json\/wp\/v2\/tags?post=23026"}],"curies":[{"name":"wp","href":"https:\/\/api.w.org\/{rel}","templated":true}]}}