{"id":23083,"date":"2024-10-23T18:17:35","date_gmt":"2024-10-24T00:17:35","guid":{"rendered":"https:\/\/www.aquilaguna.com\/?p=23083"},"modified":"2024-10-23T18:17:35","modified_gmt":"2024-10-24T00:17:35","slug":"congreso-del-estado-de-coahuila-informa-76","status":"publish","type":"post","link":"https:\/\/www.aquilaguna.com\/index.php\/2024\/10\/23\/congreso-del-estado-de-coahuila-informa-76\/","title":{"rendered":"Congreso del Estado de Coahuila informa:"},"content":{"rendered":"\n<p>En la Octava Sesi\u00f3n del Segundo Periodo Ordinario, correspondiente al Primer A\u00f1o de Ejercicio Constitucional de la Sexag\u00e9sima Tercera Legislatura del Congreso del Estado de Coahuila de Zaragoza, Diputadas y Diputados plantearon y dieron lectura a las siguientes Iniciativas:<\/p>\n\n\n\n<p><strong>&#8211; <\/strong>Iniciativa con Proyecto de Decreto&nbsp; para reformar el art\u00edculo 2, la fracci\u00f3n IV del art\u00edculo 7, el art\u00edculo 12 con su ep\u00edgrafe y el segundo p\u00e1rrafo del art\u00edculo 19, de la Ley Para la Regulaci\u00f3n de la Venta y Consumo de Alcohol en el Estado.&nbsp;<\/p>\n\n\n\n<p><strong>&#8211; <\/strong>Iniciativa con Proyecto de Decreto que plantea se adicione una fracci\u00f3n XXII al art\u00edculo 21 y un segundo p\u00e1rrafo al art\u00edculo 105, de la Ley de Aguas para los Municipios del Estado.<\/p>\n\n\n\n<p>Por otra parte, las Diputadas y los Diputados aprobaron por unanimidad de votos el Acuerdo de la Comisi\u00f3n de Gobernaci\u00f3n, Puntos Constitucionales y Justicia por el que se emite la Convocatoria P\u00fablica a las Universidades P\u00fablicas y Privadas, Institutos de Investigaci\u00f3n, Asociaciones Civiles, Organizaciones No Gubernamentales, dem\u00e1s organismos interesados y a la ciudadan\u00eda en general, a que presenten candidaturas para ocupar la titularidad de la Fiscal\u00eda General del Estado de Coahuila de Zaragoza.<\/p>\n\n\n\n<p>La Base segunda de la Convocatoria se\u00f1ala que, las personas aspirantes deber\u00e1n cubrir los siguientes requisitos: Ser ciudadano mexicano por nacimiento, en pleno ejercicio de sus derechos civiles y pol\u00edticos; Tener cuando menos treinta y cinco a\u00f1os cumplidos el d\u00eda de la designaci\u00f3n; Contar con t\u00edtulo profesional de licenciado en derecho expedido por autoridad o instituci\u00f3n legalmente facultada para ello, y c\u00e9dula profesional que acredite su registro ante autoridad competente y contar con una antig\u00fcedad m\u00ednima de 10 a\u00f1os en el ejercicio de la profesi\u00f3n; Gozar de buena reputaci\u00f3n y no haber sido condenado por la comisi\u00f3n de delito doloso; No estar suspendido ni haber sido destituido o inhabilitado por resoluci\u00f3n firme como servidor p\u00fablico; y, Haber residido en el Estado durante los cinco a\u00f1os anteriores al d\u00eda de la designaci\u00f3n.<\/p>\n\n\n\n<p>La Base Tercera se\u00f1ala que la Comisi\u00f3n de Gobernaci\u00f3n, Puntos Constitucionales y Justicia, ser\u00e1 la encargada de recibir las propuestas de aspirantes, las cuales deber\u00e1n acompa\u00f1arse de la documentaci\u00f3n en original y copia a la que hace referencia esta Base.<\/p>\n\n\n\n<p>La Convocatoria dispone en su Base Cuarta, que&nbsp; la documentaci\u00f3n a la que se refiere la Base Tercera, se presente en la oficina de la Oficial\u00eda Mayor del Congreso del Estado, ubicada en Boulevard Francisco Coss S\/N esquina con \u00c1lvaro Obreg\u00f3n, Zona Centro, Saltillo, Coahuila de Zaragoza, C.P. 25000, del jueves 24 y viernes 25 de octubre de 2024, as\u00ed como del lunes 28 al viernes 1\u00ba de noviembre&nbsp; de 2024, en un horario de las 9:00 a las 18:00 horas, y los d\u00edas s\u00e1bado 26, domingo 27 de octubre de 2024 y s\u00e1bado 02 de noviembre de 2024 en un horario de 9:00 a las 14:00 horas.<\/p>\n\n\n\n<p>Agotada la etapa de recepci\u00f3n, la Comisi\u00f3n de Gobernaci\u00f3n, Puntos Constitucionales y Justicia, verificar\u00e1 que los documentos recibidos acrediten los requisitos a que se refieren las Bases Segunda y Tercera de la presente Convocatoria, validando aquellas propuestas que cumplan con los requisitos, formando un listado de al menos diez candidaturas al cargo de la titularidad de la Fiscal\u00eda General, el cual deber\u00e1 ser aprobada por las dos terceras partes de los miembros presentes del Congreso del Estado.<\/p>\n\n\n\n<p>El listado de candidaturas aprobado por el Pleno del Congreso ser\u00e1&nbsp; enviado al Ejecutivo del Estado conforme a lo dispuesto en el art\u00edculo 114 de la Constituci\u00f3n Pol\u00edtica del Estado, con objeto de que formule una terna y la env\u00ede a consideraci\u00f3n del Congreso del Estado que, con base en la terna y previa comparecencia de las personas propuestas, designar\u00e1 al Fiscal General del Estado con el voto de las dos terceras partes de las Diputadas y de los Diputados presentes.<\/p>\n\n\n\n<p>La presente Convocatoria se publicar\u00e1 en el Peri\u00f3dico Oficial del Gobierno del Estado. Asimismo, se dispuso publicarla en la p\u00e1gina electr\u00f3nica del Congreso del Estado a partir de la fecha de su aprobaci\u00f3n y hasta el d\u00eda 2 de noviembre de 2024.<\/p>\n\n\n\n<p>En esta Octava Sesi\u00f3n, las Diputadas y los Diputados aprobaron los siguientes dict\u00e1menes:<\/p>\n\n\n\n<p><strong>1.- <\/strong>Dictamen con Punto de Acuerdo de la Comisi\u00f3n de Atenci\u00f3n a Grupos en Situaci\u00f3n de Vulnerabilidad, con objeto de exhortar respetuosamente a los 38 ayuntamientos del Estado&nbsp; a que, con apoyo del Instituto Coahuilense de las Personas Adultas Mayores, lleven a cabo las acciones necesarias para integrar o, en su caso, fortalecer las unidades de coordinaci\u00f3n municipal de las personas adultas mayores, en los t\u00e9rminos establecidos en la ley de la materia, reforzando las medidas y canales de prevenci\u00f3n y denuncia contra el abandono, maltrato y violencia contra este sector de la poblaci\u00f3n.<\/p>\n\n\n\n<p><strong>2.- <\/strong>Dictamen con Punto de Acuerdo de la Comisi\u00f3n de Defensa de los Derechos Humanos&nbsp; para exhortar al Consejo Nacional para Prevenir la Discriminaci\u00f3n (CONAPRED) y a las dem\u00e1s autoridades competentes, para que, realicen las acciones tendientes al cuidado y atenci\u00f3n de la salud mental, de las personas pertenecientes a la comunidad LGBTIQ+; lo anterior, a fin de contrarrestar la alarmante ola de suicidios y los constantes agravios contra la salud que presenta dicho sector poblacional en M\u00e9xico.<\/p>\n\n\n\n<p><strong>3.- <\/strong>Dictamen con Punto&nbsp; de Acuerdo&nbsp; de la Comisi\u00f3n de Defensa de los Derechos Humanos, para exhortar respetuosamente a la Secretar\u00eda de Gobernaci\u00f3n a que, a trav\u00e9s de las instancias competentes, garantice la protecci\u00f3n del derecho a la protesta conforme a los est\u00e1ndares internacionales de derechos humanos.<\/p>\n\n\n\n<p>Diputadas y Diputados presentaron 14 proposiciones con Punto de Acuerdo de las cuales, luego de aprobarse tratarlas como de urgente y obvia resoluci\u00f3n, se aprobaron las siguientes:<\/p>\n\n\n\n<p><strong>1.- <\/strong>Proposici\u00f3n con Punto de Acuerdo para exhortar respetuosamente a los 38 Ayuntamientos del Estado a que impulsen o en su caso, fortalezcan la cartera de talleres ocupacionales y de capacitaci\u00f3n para la integraci\u00f3n laboral en los centros comunitarios y otros espacios p\u00fablicos de sus jurisdicciones, impulsando a su vez una alianza con empresarios y comerciantes de su comunidad.&nbsp;<\/p>\n\n\n\n<p><strong>2.- <\/strong>Proposici\u00f3n con Punto de Acuerdo con objeto de exhortar respetuosamente&nbsp; al Titular de la Secretar\u00eda de Educaci\u00f3n P\u00fablica y al Titular de la Secretar\u00eda de Hacienda y Cr\u00e9dito P\u00fablico, ambos del Gobierno Federal, para&nbsp; que en el \u00e1mbito de sus atribuciones, lleven a cabo las acciones correspondientes con el objetivo de que se realicen modificaciones al tabulador de sueldos para equilibrar gradualmente los sueldos de las y los docentes en todos los municipios del Estado y sean remunerados de manera equitativa, independientemente de la ubicaci\u00f3n de su centro de trabajo.<\/p>\n\n\n\n<p><strong>3.- <\/strong>Proposici\u00f3n con Punto de Acuerdo con objeto de enviar un atento exhorto al Director General del Instituto Mexicano del Seguro Social (IMSS), para que, de acuerdo con sus atribuciones, proceda a la brevedad a realizar las investigaciones pertinentes para deslindar responsabilidades por las irregularidades en&nbsp; los trabajos de remodelaci\u00f3n del Hospital General de Subzona 13, de Acu\u00f1a, Coahuila.<\/p>\n\n\n\n<p><strong>4.- <\/strong>Proposici\u00f3n con Punto de Acuerdo se exhorta respetuosamente al \u00d3rgano de Operaci\u00f3n Administrativa Desconcentrada del Instituto Mexicano del Seguro Social en Coahuila, y a la Comisi\u00f3n de Salud y Deporte del Congreso del Estado, a fin de&nbsp; establecer mesas de trabajo para atender y esclarecer las presuntas irregularidades en la remodelaci\u00f3n de la Cl\u00ednica No. 13 del IMSS de Acu\u00f1a, Coahuila.<\/p>\n\n\n\n<p><strong>5.- <\/strong>Proposici\u00f3n con Punto de Acuerdo para exhortar respetuosamente a la Secretar\u00eda de Salud del Estado y a los 38 Ayuntamientos, para que asuman la responsabilidad de la descacharrizaci\u00f3n, limpieza y fumigaci\u00f3n de los inmuebles abandonados o de propietarios desconocidos que se encuentren en zona urbana o zona habitacional, con la finalidad de evitar la proliferaci\u00f3n del agente vector del dengue.<\/p>\n\n\n\n<p><strong>6.- <\/strong>Proposici\u00f3n con Punto de Acuerdo con el fin de solicitar respetuosamente al&nbsp; Ayuntamiento de San Pedro, al Director de Salud Municipal, as\u00ed como a la Jefa de Jurisdicci\u00f3n Sanitaria N\u00famero 7, para que en el \u00e1mbito de sus atribuciones garanticen la \u201cabatizaci\u00f3n\u201d y fumigaci\u00f3n en panteones del municipio de San Pedro y \u00e1reas que sean un foco de infecci\u00f3n y proliferaci\u00f3n del mosquito, debido a los altos \u00edndices de casos de dengue en el municipio de San Pedro.<\/p>\n\n\n\n<p><strong>7.- <\/strong>Proposici\u00f3n con Punto de Acuerdo con la finalidad hacer un atento exhorto a la Secretar\u00eda de Educaci\u00f3n P\u00fablica del Gobierno Federal y, a la Secretar\u00eda de Educaci\u00f3n del Estado de Coahuila, para que en el \u00e1mbito de sus respectivas competencias, implementen la creaci\u00f3n de huertos escolares en las escuelas de nivel b\u00e1sico, como un instrumento para promover la sana alimentaci\u00f3n, el respeto y cuidado del medio ambiente y el valor del trabajo en equipo.<strong>8.- <\/strong>Proposici\u00f3n con Punto de Acuerdo&nbsp; con objeto de exhortar al Ayuntamiento de Torre\u00f3n y dem\u00e1s autoridades municipales y metropolitanas, para emprender acciones urgentes en materia de sanidad p\u00fablica, gesti\u00f3n de aguas y urbanismo en Torre\u00f3n.<\/p>\n","protected":false},"excerpt":{"rendered":"<p>En la Octava Sesi\u00f3n del Segundo Periodo Ordinario, correspondiente al Primer A\u00f1o de Ejercicio Constitucional de la Sexag\u00e9sima Tercera Legislatura del Congreso del Estado de Coahuila de Zaragoza, Diputadas y Diputados plantearon y dieron lectura a las siguientes Iniciativas: &#8211; Iniciativa con Proyecto de Decreto&nbsp; para reformar el art\u00edculo 2, la fracci\u00f3n IV del art\u00edculo 7, el art\u00edculo 12 con su ep\u00edgrafe y el segundo p\u00e1rrafo del art\u00edculo 19, de&#8230;<\/p>\n","protected":false},"author":1,"featured_media":23084,"comment_status":"closed","ping_status":"","sticky":false,"template":"","format":"standard","meta":{"footnotes":""},"categories":[5,21],"tags":[],"class_list":["post-23083","post","type-post","status-publish","format-standard","has-post-thumbnail","hentry","category-coahuila","category-congreso-del-estado","wpcat-5-id","wpcat-21-id"],"_links":{"self":[{"href":"https:\/\/www.aquilaguna.com\/index.php\/wp-json\/wp\/v2\/posts\/23083","targetHints":{"allow":["GET"]}}],"collection":[{"href":"https:\/\/www.aquilaguna.com\/index.php\/wp-json\/wp\/v2\/posts"}],"about":[{"href":"https:\/\/www.aquilaguna.com\/index.php\/wp-json\/wp\/v2\/types\/post"}],"author":[{"embeddable":true,"href":"https:\/\/www.aquilaguna.com\/index.php\/wp-json\/wp\/v2\/users\/1"}],"replies":[{"embeddable":true,"href":"https:\/\/www.aquilaguna.com\/index.php\/wp-json\/wp\/v2\/comments?post=23083"}],"version-history":[{"count":1,"href":"https:\/\/www.aquilaguna.com\/index.php\/wp-json\/wp\/v2\/posts\/23083\/revisions"}],"predecessor-version":[{"id":23085,"href":"https:\/\/www.aquilaguna.com\/index.php\/wp-json\/wp\/v2\/posts\/23083\/revisions\/23085"}],"wp:featuredmedia":[{"embeddable":true,"href":"https:\/\/www.aquilaguna.com\/index.php\/wp-json\/wp\/v2\/media\/23084"}],"wp:attachment":[{"href":"https:\/\/www.aquilaguna.com\/index.php\/wp-json\/wp\/v2\/media?parent=23083"}],"wp:term":[{"taxonomy":"category","embeddable":true,"href":"https:\/\/www.aquilaguna.com\/index.php\/wp-json\/wp\/v2\/categories?post=23083"},{"taxonomy":"post_tag","embeddable":true,"href":"https:\/\/www.aquilaguna.com\/index.php\/wp-json\/wp\/v2\/tags?post=23083"}],"curies":[{"name":"wp","href":"https:\/\/api.w.org\/{rel}","templated":true}]}}