{"id":23115,"date":"2024-10-24T20:01:36","date_gmt":"2024-10-25T02:01:36","guid":{"rendered":"https:\/\/www.aquilaguna.com\/?p=23115"},"modified":"2024-10-24T20:01:36","modified_gmt":"2024-10-25T02:01:36","slug":"inicia-audiencias-contra-la-regidora-olga-xochitl-cepeda-rodriguez","status":"publish","type":"post","link":"https:\/\/www.aquilaguna.com\/index.php\/2024\/10\/24\/inicia-audiencias-contra-la-regidora-olga-xochitl-cepeda-rodriguez\/","title":{"rendered":"Inicia audiencias contra la regidora Olga X\u00f3chitl Cepeda Rodr\u00edguez."},"content":{"rendered":"\n<p>Torre\u00f3n, Coahuila.- Ante Juez de Control en el Palacio de Justicia,\u00a0 este d\u00eda fue presentada en audiencia inicial,\u00a0 la segunda regidora del cabildo de Torre\u00f3n, Olga X\u00f3chitl Cepeda Rodr\u00edguez \u00a0 para que responda por la acusaci\u00f3n de que es objeto, por la presunta comisi\u00f3n, de delitos\u00a0 de lesiones\u00a0 leves calificadas, por raz\u00f3n de G\u00e9nero, amenazas, discriminaci\u00f3n, en agravio de Silvia &#8220;N&#8221; \u00a0 por la que tambi\u00e9n es se\u00f1alado su progenitor, el profesor Mario Cepeda Ram\u00edrez, por ahora\u00a0 regidor electo.<\/p>\n\n\n\n<p>Como medida cautelar, el juzgador\u00a0orden\u00f3 la suspensi\u00f3n temporal del cargo que desempe\u00f1a X\u00f3chitl Cepeda Rodr\u00edguez, a partir de esta de fecha\u00a0 y hasta el d\u00eda 28 de octubre del presente, cuando se reanude la Audiencia para continuar\u00a0 el\u00a0 proceso.<\/p>\n\n\n\n<p>En tal fecha, el juzgador determinar\u00e1 si\u00a0 \u00e9ste es\u00a0 vinculante o no,\u00a0 agregando\u00a0 como disposici\u00f3n que la acusada no podr\u00e1 acercarse a la\u00a0 acusadora\u00a0 ni a\u00a0 testigos de cargo alguno.<\/p>\n\n\n\n<p>La\u00a0 defensa \u00a0legal de la regidora, trascendi\u00f3, corre a cargo del Licenciado Omar Pulido, quien solicit\u00f3\u00a0que la\u00a0 segunda regidora del actual cabildo de Torreon no fuera separada del cargo de representaci\u00f3n popular que ocupa, \u00a0 ya que sostuvo &#8220;que es la generadora del principal ingreso de su hogar&#8221;, pero el Juez\u00a0 sostuvo que la suspensi\u00f3n de tal\u00a0 cargo era temporal y estar\u00e1 en libertad en el resto del proceso.<\/p>\n\n\n\n<p>Por su parte, el defensor de la imputada,\u00a0 solicit\u00f3\u00a0 la duplicidad del t\u00e9rmino constitucional, para aportar pruebas a favor, fij\u00e1ndose\u00a0 la fecha de reanudaci\u00f3n el dia 28 de octubre.<\/p>\n\n\n\n<p>Como garant\u00eda la segunda regidora, por ahora en suspenso,\u00a0 debi\u00f3 dejar en manos del Juzgados su pasaporte y Visa,\u00a0 amen de que deber\u00e1 presentarse \u00a0 para firmar asistencia,  seg\u00fan periodos\u00a0que fije su juez.\u00a0<\/p>\n\n\n\n<p>La suspensi\u00f3n de su cargo p\u00fablico, corre a partir de este mismo 24 de octubre.<\/p>\n","protected":false},"excerpt":{"rendered":"<p>Torre\u00f3n, Coahuila.- Ante Juez de Control en el Palacio de Justicia,\u00a0 este d\u00eda fue presentada en audiencia inicial,\u00a0 la segunda regidora del cabildo de Torre\u00f3n, Olga X\u00f3chitl Cepeda Rodr\u00edguez \u00a0 para que responda por la acusaci\u00f3n de que es objeto, por la presunta comisi\u00f3n, de delitos\u00a0 de lesiones\u00a0 leves calificadas, por raz\u00f3n de G\u00e9nero, amenazas, discriminaci\u00f3n, en agravio de Silvia &#8220;N&#8221; \u00a0 por la que tambi\u00e9n es se\u00f1alado su progenitor,&#8230;<\/p>\n","protected":false},"author":2,"featured_media":0,"comment_status":"closed","ping_status":"","sticky":false,"template":"","format":"standard","meta":{"footnotes":""},"categories":[5,28,7],"tags":[],"class_list":["post-23115","post","type-post","status-publish","format-standard","hentry","category-coahuila","category-la-laguna","category-torreon","wpcat-5-id","wpcat-28-id","wpcat-7-id"],"_links":{"self":[{"href":"https:\/\/www.aquilaguna.com\/index.php\/wp-json\/wp\/v2\/posts\/23115","targetHints":{"allow":["GET"]}}],"collection":[{"href":"https:\/\/www.aquilaguna.com\/index.php\/wp-json\/wp\/v2\/posts"}],"about":[{"href":"https:\/\/www.aquilaguna.com\/index.php\/wp-json\/wp\/v2\/types\/post"}],"author":[{"embeddable":true,"href":"https:\/\/www.aquilaguna.com\/index.php\/wp-json\/wp\/v2\/users\/2"}],"replies":[{"embeddable":true,"href":"https:\/\/www.aquilaguna.com\/index.php\/wp-json\/wp\/v2\/comments?post=23115"}],"version-history":[{"count":1,"href":"https:\/\/www.aquilaguna.com\/index.php\/wp-json\/wp\/v2\/posts\/23115\/revisions"}],"predecessor-version":[{"id":23116,"href":"https:\/\/www.aquilaguna.com\/index.php\/wp-json\/wp\/v2\/posts\/23115\/revisions\/23116"}],"wp:attachment":[{"href":"https:\/\/www.aquilaguna.com\/index.php\/wp-json\/wp\/v2\/media?parent=23115"}],"wp:term":[{"taxonomy":"category","embeddable":true,"href":"https:\/\/www.aquilaguna.com\/index.php\/wp-json\/wp\/v2\/categories?post=23115"},{"taxonomy":"post_tag","embeddable":true,"href":"https:\/\/www.aquilaguna.com\/index.php\/wp-json\/wp\/v2\/tags?post=23115"}],"curies":[{"name":"wp","href":"https:\/\/api.w.org\/{rel}","templated":true}]}}