{"id":23135,"date":"2024-10-28T18:16:53","date_gmt":"2024-10-29T00:16:53","guid":{"rendered":"https:\/\/www.aquilaguna.com\/?p=23135"},"modified":"2024-10-28T18:16:53","modified_gmt":"2024-10-29T00:16:53","slug":"gran-concierto-de-la-orquesta-juvenil-de-la-escuela-superior-de-musica-de-la-uadec-en-la-unidad-laguna","status":"publish","type":"post","link":"https:\/\/www.aquilaguna.com\/index.php\/2024\/10\/28\/gran-concierto-de-la-orquesta-juvenil-de-la-escuela-superior-de-musica-de-la-uadec-en-la-unidad-laguna\/","title":{"rendered":"Gran Concierto de la Orquesta Juvenil de la Escuela Superior de M\u00fasica de la UAdeC en la Unidad Laguna."},"content":{"rendered":"\n<p>TORRE\u00d3N, Coahuila. 28 de octubre de 2024. La Universidad Aut\u00f3noma de Coahuila<br>a trav\u00e9s de la Coordinaci\u00f3n de Difusi\u00f3n y Patrimonio Cultural y la Coordinaci\u00f3n de<br>Unidad Laguna, llev\u00f3 a cabo la presentaci\u00f3n de la Orquesta Juvenil y de Maestros<br>de la Escuela Superior de M\u00fasica con el concierto denominado \u201cRa\u00edces Mexicanas:<br>Identidad Sonora en M\u00e9xico\u201d.<\/p>\n\n\n\n<p>El escenario para esta magna presentaci\u00f3n fue el Teatro de C\u00e1mara \u201cRemigio Vald\u00e9s<br>G\u00e1mez\u201d de la Coordinaci\u00f3n Unidad Laguna, donde los integrantes de la Orquesta<br>Juvenil de la Escuela Superior de M\u00fasica de la UAdeC, dieron muestra de su talento<br>al interpretar composiciones de destacados autores del folclor y la m\u00fasica acad\u00e9mica<br>de nuestro pa\u00eds.<\/p>\n\n\n\n<p>El programa consisti\u00f3 en la presentaci\u00f3n de las siguientes obras musicales:<br>Extra\u00eddas de las \u201c12 Miniaturas\u201d, An\u00e1huac, Amanecer, Fantas\u00eda (Son Abaje\u00f1o)<br>Cuarto movimiento de la \u201cSuite Mestiza\u201d, Villa de Guadalupe: \u201cGalop del Ferrocarril\u201d,<br>Minuto (Paso Doble-Flamenco), Retablo Antiguo, Balada Mexicana, Obertura<br>Mexicana, Despedida, Danz\u00f3n n\u00famero 2, J\u00farame y Huapango.<\/p>\n\n\n\n<p>En esta ocasi\u00f3n y bajo la batuta del director \u00d3scar Humberto \u00c1lvarez Arroyo, la<br>Orquesta Juvenil estuvo conformada por Uriel Alberto Rodr\u00edguez Rivera, Perla<br>Cecilia C\u00e1zares Cort\u00e9s, Danil\u00fa Rangel Benjam\u00edn Mena Parra, Melanie Emireth<br>Mart\u00ednez Monjar\u00e1s, Perla Flores (Violines primeros); Lorenzo Osvaldo L\u00f3pez<br>Jim\u00e9nez, Anacecilia Najera, Erin Renee Navarro, Fernando Murillo Berlanga (Violines<br>segundos); Jes\u00fas Eduardo L\u00f3pez Ponce y Ilari Ozzyel Coronado de la Rocha<br>(Violas); Ximena Fernanda Contreras S\u00e1nchez, Erick Rivera (Viloncellos).<\/p>\n\n\n\n<p>Tambi\u00e9n, Roberto Alejandro M\u00e9ndez Gonz\u00e1lez (Contrabajo); Teresa Rub\u00ed Modesto<br>Escalante, Jonthan Solano Mart\u00ednez (Flautas); Jonathan Alfonso P\u00e9rez L\u00f3pez,<br>Oswaldo Hern\u00e1ndez, Edith Ovalle (Clarinetes); Jes\u00fas Guadalupe \u00c1lvarez Castillo,<br>Oliver Alan P\u00e9rez L\u00f3pez, Gael Serna, Gabriela Lizeth Cruz Mart\u00ednez (Trompetas);<br>Rommel Alexis S\u00e1nchez Delgado (Corno franc\u00e9s); Alan Gustavo Vald\u00e9s Mart\u00ednez,<br>Kevin No\u00e9 Guzm\u00e1n P\u00e9rez (Tromb\u00f3n).<\/p>\n\n\n\n<p>Adem\u00e1s, Fernanda Ch\u00e1vez Evans, Anah\u00ed P\u00e9rez Oropeza, Brian Alejandro Mart\u00ednez<br>Renter\u00eda, Aleny Marlene Rodr\u00edguez Rodr\u00edguez, Eduardo Cant\u00fa Limas (Percusiones);<br>Ariadna Liset Sandoval Silva y Larissa Chavarr\u00eda Rodr\u00edguez (Cantantes);<br>acompa\u00f1ados por acompa\u00f1ada por talentosos maestros: M.M. Arody Garc\u00eda Garc\u00eda<br>(Guitarra), Dr. Michael Metrat\u00f3n Vald\u00e9s Montiel (Guitarra), Dra. Gricelda Magdalena<br>Res\u00e9ndiz Flores (Piano), Dr. Luis Francisco Gayt\u00e1n P\u00e9rez (Piano) y el Mtro. Sergio<br>Arrieta Cant\u00fa, todos ellos miembros y colaboradores de los Cuerpos Acad\u00e9micos<br>\u201cInvestigaci\u00f3n-Creaci\u00f3n Musical\u201d y \u201cDivulgaci\u00f3n Cient\u00edfica de la M\u00fasica\u201d.<\/p>\n\n\n\n<p>Cabe se\u00f1alar que, la Orquesta Juvenil fue fundada a principios de la d\u00e9cada de los<br>90, a trav\u00e9s de su historia se ha presentado en recintos de los estados Chihuahua,<br>Zacatecas y Nuevo Le\u00f3n, y en las diversas regiones del estado de Coahuila, este<br>a\u00f1o en el Pueblo M\u00e1gico de Parras de la Fuente, la Feria Internacional del Libro de<br>Coahuila y en el pr\u00f3ximo mes de noviembre se presentar\u00e1 en la Ciudad de Piedras<br>Negras, Coahuila.<\/p>\n","protected":false},"excerpt":{"rendered":"<p>TORRE\u00d3N, Coahuila. 28 de octubre de 2024. La Universidad Aut\u00f3noma de Coahuilaa trav\u00e9s de la Coordinaci\u00f3n de Difusi\u00f3n y Patrimonio Cultural y la Coordinaci\u00f3n deUnidad Laguna, llev\u00f3 a cabo la presentaci\u00f3n de la Orquesta Juvenil y de Maestrosde la Escuela Superior de M\u00fasica con el concierto denominado \u201cRa\u00edces Mexicanas:Identidad Sonora en M\u00e9xico\u201d. El escenario para esta magna presentaci\u00f3n fue el Teatro de C\u00e1mara \u201cRemigio Vald\u00e9sG\u00e1mez\u201d de la Coordinaci\u00f3n Unidad Laguna,&#8230;<\/p>\n","protected":false},"author":1,"featured_media":23136,"comment_status":"closed","ping_status":"","sticky":false,"template":"","format":"standard","meta":{"footnotes":""},"categories":[7,2],"tags":[],"class_list":["post-23135","post","type-post","status-publish","format-standard","has-post-thumbnail","hentry","category-torreon","category-uadec","wpcat-7-id","wpcat-2-id"],"_links":{"self":[{"href":"https:\/\/www.aquilaguna.com\/index.php\/wp-json\/wp\/v2\/posts\/23135","targetHints":{"allow":["GET"]}}],"collection":[{"href":"https:\/\/www.aquilaguna.com\/index.php\/wp-json\/wp\/v2\/posts"}],"about":[{"href":"https:\/\/www.aquilaguna.com\/index.php\/wp-json\/wp\/v2\/types\/post"}],"author":[{"embeddable":true,"href":"https:\/\/www.aquilaguna.com\/index.php\/wp-json\/wp\/v2\/users\/1"}],"replies":[{"embeddable":true,"href":"https:\/\/www.aquilaguna.com\/index.php\/wp-json\/wp\/v2\/comments?post=23135"}],"version-history":[{"count":1,"href":"https:\/\/www.aquilaguna.com\/index.php\/wp-json\/wp\/v2\/posts\/23135\/revisions"}],"predecessor-version":[{"id":23137,"href":"https:\/\/www.aquilaguna.com\/index.php\/wp-json\/wp\/v2\/posts\/23135\/revisions\/23137"}],"wp:featuredmedia":[{"embeddable":true,"href":"https:\/\/www.aquilaguna.com\/index.php\/wp-json\/wp\/v2\/media\/23136"}],"wp:attachment":[{"href":"https:\/\/www.aquilaguna.com\/index.php\/wp-json\/wp\/v2\/media?parent=23135"}],"wp:term":[{"taxonomy":"category","embeddable":true,"href":"https:\/\/www.aquilaguna.com\/index.php\/wp-json\/wp\/v2\/categories?post=23135"},{"taxonomy":"post_tag","embeddable":true,"href":"https:\/\/www.aquilaguna.com\/index.php\/wp-json\/wp\/v2\/tags?post=23135"}],"curies":[{"name":"wp","href":"https:\/\/api.w.org\/{rel}","templated":true}]}}