{"id":23144,"date":"2024-10-28T18:26:38","date_gmt":"2024-10-29T00:26:38","guid":{"rendered":"https:\/\/www.aquilaguna.com\/?p=23144"},"modified":"2024-10-28T18:26:38","modified_gmt":"2024-10-29T00:26:38","slug":"preparan-curso-de-calculo-y-aplicacion-de-espumas-afff-para-bomberos-municipales-e-industriales","status":"publish","type":"post","link":"https:\/\/www.aquilaguna.com\/index.php\/2024\/10\/28\/preparan-curso-de-calculo-y-aplicacion-de-espumas-afff-para-bomberos-municipales-e-industriales\/","title":{"rendered":"Preparan curso de &#8220;C\u00e1lculo y Aplicaci\u00f3n de Espumas AFFF&#8221; para bomberos municipales e industriales."},"content":{"rendered":"\n<p>Torre\u00f3n, Coahuila. A 28 de octubre de 2024.<\/p>\n\n\n\n<p>Con el objetivo de profesionalizar y estandarizar a los cuerpos de bomberos, se<br>desarrollar\u00e1 en Torre\u00f3n el taller de \u201cC\u00e1lculo y Aplicaci\u00f3n de Espumas AFFF\u201d, en el<br>que podr\u00e1n inscribirse elementos de otros municipios, as\u00ed como profesionales<br>dedicados al \u00e1mbito industrial.<\/p>\n\n\n\n<p>Jorge Luis Ju\u00e1rez Llanas, director de Protecci\u00f3n Civil y Bomberos de Torre\u00f3n, dijo<br>que este curso se impartir\u00e1 el pr\u00f3ximo nueve de noviembre, en el marco de la<br>celebraci\u00f3n del 95 aniversario de Bomberos de Torre\u00f3n, que es el d\u00eda 15 del<br>mismo mes.<\/p>\n\n\n\n<p>Precis\u00f3 que el curso va dirigido a bomberos municipales e industriales, en caso de<br>que est\u00e9n interesados en asistir, ya pueden inscribirse al n\u00famero de contacto: 871<br>712 00 66, o a trav\u00e9s de la p\u00e1gina de Facebook de la dependencia.<\/p>\n\n\n\n<p>Ju\u00e1rez Llanas explic\u00f3 que las espumas formadoras de pel\u00edcula acuosa (AFFF) por<br>sus siglas en ingl\u00e9s), son de los principales agentes utilizados contra incendios,<br>siendo una herramienta muy eficaz que se usa para extinguir incendios de l\u00edquidos<br>inflamables.<\/p>\n\n\n\n<p>El taller tendr\u00e1 una duraci\u00f3n de seis a ocho horas. Los asistentes tendr\u00e1n<br>pr\u00e1cticas con fuego.<\/p>\n\n\n\n<p>El director coment\u00f3 que hasta el momento ya hay participaci\u00f3n confirmada por<br>parte de elementos de bomberos de lugares como: Mexicali; Cuauht\u00e9moc,<br>Chihuahua; San Nicol\u00e1s, Nuevo Le\u00f3n; San Pedro, Coahuila; Lerdo, Durango;<br>Francisco I. Madero; Tamaulipas y Torre\u00f3n.<\/p>\n\n\n\n<p>Sin embargo, a\u00fan que quedan pocos lugares disponibles para la inscripci\u00f3n, que<br>tiene un cupo limitado para 60 bomberos.<\/p>\n\n\n\n<p>El taller ser\u00e1 impartido por el programa Mayday M\u00e9xico.<\/p>\n\n\n\n<p>Ju\u00e1rez Llanas dijo que este tipo de preparaci\u00f3n profesionalizan a los bomberos de<br>Torre\u00f3n para brindar un mejor servicio a la ciudadan\u00eda, como es inter\u00e9s resalt\u00f3, en<br>la Administraci\u00f3n Municipal que encabeza el alcalde Rom\u00e1n Alberto Cepeda<br>Gonz\u00e1lez.<\/p>\n","protected":false},"excerpt":{"rendered":"<p>Torre\u00f3n, Coahuila. A 28 de octubre de 2024. Con el objetivo de profesionalizar y estandarizar a los cuerpos de bomberos, sedesarrollar\u00e1 en Torre\u00f3n el taller de \u201cC\u00e1lculo y Aplicaci\u00f3n de Espumas AFFF\u201d, en elque podr\u00e1n inscribirse elementos de otros municipios, as\u00ed como profesionalesdedicados al \u00e1mbito industrial. Jorge Luis Ju\u00e1rez Llanas, director de Protecci\u00f3n Civil y Bomberos de Torre\u00f3n, dijoque este curso se impartir\u00e1 el pr\u00f3ximo nueve de noviembre, en el&#8230;<\/p>\n","protected":false},"author":1,"featured_media":23145,"comment_status":"closed","ping_status":"","sticky":false,"template":"","format":"standard","meta":{"footnotes":""},"categories":[5,28,7],"tags":[],"class_list":["post-23144","post","type-post","status-publish","format-standard","has-post-thumbnail","hentry","category-coahuila","category-la-laguna","category-torreon","wpcat-5-id","wpcat-28-id","wpcat-7-id"],"_links":{"self":[{"href":"https:\/\/www.aquilaguna.com\/index.php\/wp-json\/wp\/v2\/posts\/23144","targetHints":{"allow":["GET"]}}],"collection":[{"href":"https:\/\/www.aquilaguna.com\/index.php\/wp-json\/wp\/v2\/posts"}],"about":[{"href":"https:\/\/www.aquilaguna.com\/index.php\/wp-json\/wp\/v2\/types\/post"}],"author":[{"embeddable":true,"href":"https:\/\/www.aquilaguna.com\/index.php\/wp-json\/wp\/v2\/users\/1"}],"replies":[{"embeddable":true,"href":"https:\/\/www.aquilaguna.com\/index.php\/wp-json\/wp\/v2\/comments?post=23144"}],"version-history":[{"count":1,"href":"https:\/\/www.aquilaguna.com\/index.php\/wp-json\/wp\/v2\/posts\/23144\/revisions"}],"predecessor-version":[{"id":23146,"href":"https:\/\/www.aquilaguna.com\/index.php\/wp-json\/wp\/v2\/posts\/23144\/revisions\/23146"}],"wp:featuredmedia":[{"embeddable":true,"href":"https:\/\/www.aquilaguna.com\/index.php\/wp-json\/wp\/v2\/media\/23145"}],"wp:attachment":[{"href":"https:\/\/www.aquilaguna.com\/index.php\/wp-json\/wp\/v2\/media?parent=23144"}],"wp:term":[{"taxonomy":"category","embeddable":true,"href":"https:\/\/www.aquilaguna.com\/index.php\/wp-json\/wp\/v2\/categories?post=23144"},{"taxonomy":"post_tag","embeddable":true,"href":"https:\/\/www.aquilaguna.com\/index.php\/wp-json\/wp\/v2\/tags?post=23144"}],"curies":[{"name":"wp","href":"https:\/\/api.w.org\/{rel}","templated":true}]}}