{"id":23156,"date":"2024-10-29T19:10:57","date_gmt":"2024-10-30T01:10:57","guid":{"rendered":"https:\/\/www.aquilaguna.com\/?p=23156"},"modified":"2024-10-29T19:10:57","modified_gmt":"2024-10-30T01:10:57","slug":"presentaran-manana-libro-de-poesia-con-perspectiva-femenina","status":"publish","type":"post","link":"https:\/\/www.aquilaguna.com\/index.php\/2024\/10\/29\/presentaran-manana-libro-de-poesia-con-perspectiva-femenina\/","title":{"rendered":"Presentar\u00e1n ma\u00f1ana libro de poes\u00eda con perspectiva femenina."},"content":{"rendered":"\n<p>Torre\u00f3n, Coahuila. A 29 de octubre de 2024.<\/p>\n\n\n\n<p>El Municipio de Torre\u00f3n, a trav\u00e9s del Archivo Municipal, presentar\u00e1 el libro: \u201cLa<br>musa del fuego\u201d, de la escritora Judith Escand\u00f3n Ju\u00e1rez, el d\u00eda de ma\u00f1ana. Los<br>comentarios estar\u00e1n a cargo de Juan de Dios Rivas y Alfredo Castro.<\/p>\n\n\n\n<p>El evento se realizar\u00e1 a las 19:00 horas en el recinto municipal.<\/p>\n\n\n\n<p>Cinthia Gaspar Montero, directora de la dependencia, coment\u00f3 que esta actividad<br>se realiza en coordinaci\u00f3n con el Centro de Investigaci\u00f3n en Ciencias Sociales<br>(CICS) de la Universidad Aut\u00f3noma de Coahuila y la Secretar\u00eda de Cultura del<br>Estado de Coahuila.<\/p>\n\n\n\n<p>\u201cLa musa de fuego, su \u00f3pera prima en el g\u00e9nero de la poes\u00eda, es el retrato l\u00edrico de<br>una musa que se incendia y transfigura, pero no se consume en las llamas del<br>verso. Sus poemas fusionan la pasi\u00f3n m\u00e1s desmedida, una mirada \u00edntima y otra<br>sobre su entorno, construyendo un homenaje y testimonio del amor, la creaci\u00f3n y<br>la transformaci\u00f3n del ser humano a trav\u00e9s de la poes\u00eda\u201d, expres\u00f3 la directora.<\/p>\n\n\n\n<p>Judith Escand\u00f3n Ju\u00e1rez, es maestra en Ciencias Sociales para el Desarrollo<br>Interdisciplinario por la Universidad Aut\u00f3noma de Coahuila (UAdeC). Ha publicado<br>poemas en la revista colombiana Komuta de Grammata Escritores, en Metr\u00f3polis<br>Periodismo de An\u00e1lisis, y en la revista Verde Letras.<\/p>\n\n\n\n<p>Adem\u00e1s de colaborar con diversos art\u00edculos en la Gaceta Universitaria de la<br>UAdeC y en el peri\u00f3dico Entretodos.<\/p>\n\n\n\n<p>La musa del fuego es su primer libro de poemas.<\/p>\n\n\n\n<p>\u201cLos versos contenidos en \u201cLa musa del fuego\u201d, transmiten las emociones y<br>experiencias propias, mostr\u00e1ndome como una mujer que no solo se conforma con<br>ser una musa, sino que se decide por ser una poetisa, mostrando el<br>enamoramiento y pasi\u00f3n por el poeta que la inspir\u00f3. Yo en su momento fui su<br>musa, y ese sentimiento me hizo hacer este proyecto\u201d, comparti\u00f3 la autora.<\/p>\n","protected":false},"excerpt":{"rendered":"<p>Torre\u00f3n, Coahuila. A 29 de octubre de 2024. El Municipio de Torre\u00f3n, a trav\u00e9s del Archivo Municipal, presentar\u00e1 el libro: \u201cLamusa del fuego\u201d, de la escritora Judith Escand\u00f3n Ju\u00e1rez, el d\u00eda de ma\u00f1ana. Loscomentarios estar\u00e1n a cargo de Juan de Dios Rivas y Alfredo Castro. El evento se realizar\u00e1 a las 19:00 horas en el recinto municipal. Cinthia Gaspar Montero, directora de la dependencia, coment\u00f3 que esta actividadse realiza en&#8230;<\/p>\n","protected":false},"author":1,"featured_media":23157,"comment_status":"closed","ping_status":"","sticky":false,"template":"","format":"standard","meta":{"footnotes":""},"categories":[5,12,28,7],"tags":[],"class_list":["post-23156","post","type-post","status-publish","format-standard","has-post-thumbnail","hentry","category-coahuila","category-cultura","category-la-laguna","category-torreon","wpcat-5-id","wpcat-12-id","wpcat-28-id","wpcat-7-id"],"_links":{"self":[{"href":"https:\/\/www.aquilaguna.com\/index.php\/wp-json\/wp\/v2\/posts\/23156","targetHints":{"allow":["GET"]}}],"collection":[{"href":"https:\/\/www.aquilaguna.com\/index.php\/wp-json\/wp\/v2\/posts"}],"about":[{"href":"https:\/\/www.aquilaguna.com\/index.php\/wp-json\/wp\/v2\/types\/post"}],"author":[{"embeddable":true,"href":"https:\/\/www.aquilaguna.com\/index.php\/wp-json\/wp\/v2\/users\/1"}],"replies":[{"embeddable":true,"href":"https:\/\/www.aquilaguna.com\/index.php\/wp-json\/wp\/v2\/comments?post=23156"}],"version-history":[{"count":1,"href":"https:\/\/www.aquilaguna.com\/index.php\/wp-json\/wp\/v2\/posts\/23156\/revisions"}],"predecessor-version":[{"id":23158,"href":"https:\/\/www.aquilaguna.com\/index.php\/wp-json\/wp\/v2\/posts\/23156\/revisions\/23158"}],"wp:featuredmedia":[{"embeddable":true,"href":"https:\/\/www.aquilaguna.com\/index.php\/wp-json\/wp\/v2\/media\/23157"}],"wp:attachment":[{"href":"https:\/\/www.aquilaguna.com\/index.php\/wp-json\/wp\/v2\/media?parent=23156"}],"wp:term":[{"taxonomy":"category","embeddable":true,"href":"https:\/\/www.aquilaguna.com\/index.php\/wp-json\/wp\/v2\/categories?post=23156"},{"taxonomy":"post_tag","embeddable":true,"href":"https:\/\/www.aquilaguna.com\/index.php\/wp-json\/wp\/v2\/tags?post=23156"}],"curies":[{"name":"wp","href":"https:\/\/api.w.org\/{rel}","templated":true}]}}