{"id":23159,"date":"2024-10-29T19:13:22","date_gmt":"2024-10-30T01:13:22","guid":{"rendered":"https:\/\/www.aquilaguna.com\/?p=23159"},"modified":"2024-10-29T19:13:22","modified_gmt":"2024-10-30T01:13:22","slug":"entregan-reconocimientos-al-merito-academico-y-medallas-a-la-excelencia-en-la-uadec-unidad-laguna","status":"publish","type":"post","link":"https:\/\/www.aquilaguna.com\/index.php\/2024\/10\/29\/entregan-reconocimientos-al-merito-academico-y-medallas-a-la-excelencia-en-la-uadec-unidad-laguna\/","title":{"rendered":"Entregan Reconocimientos al M\u00e9rito Acad\u00e9mico y Medallas a la Excelencia en la UAdeC Unidad Laguna."},"content":{"rendered":"\n<p>TORRE\u00d3N, Coahuila. 29 de octubre de 2024. La Universidad Aut\u00f3noma de Coahuila<br>a trav\u00e9s del Departamento de Asuntos Acad\u00e9micos de la Coordinaci\u00f3n de Unidad<br>Laguna, llev\u00f3 a cabo la Vig\u00e9sima Entrega de Reconocimientos al Alto Desempe\u00f1o<br>Acad\u00e9mico, Responsabilidad Social, Liderazgo, Deporte y Cultura, Medallas a la<br>Excelencia y Reconocimientos a las y los alumnos que obtuvieron el mayor puntaje<br>en el examen de Admisi\u00f3n.<\/p>\n\n\n\n<p>En el evento realizado en el Aula Magna del Centro Cultural \u201cBraulio Fern\u00e1ndez<br>Aguirre\u201d, se cont\u00f3 con la presencia del rector de la m\u00e1xima casa de estudios, Octavio<br>Pimentel Mart\u00ednez; la directora de Asuntos Acad\u00e9micos, Adriana Centeno Aranda; la<br>coordinadora de Unidad Laguna Sandra L\u00f3pez Chavarr\u00eda; la directora de la<br>Academia de Directores de la Unidad Laguna, Grace Aileen Ruiz Santoyo; el jefe de<br>Departamento de Asuntos Acad\u00e9micos, Jos\u00e9 \u00c1ngel Pineda Castro, directivos de<br>escuelas y facultades, las y los galardonados y sus familiares.<\/p>\n\n\n\n<p>En su mensaje, el rector de la UAdeC, Octavio Pimentel, felicit\u00f3 a las y los alumnos<br>reconocidos por el desempe\u00f1o acad\u00e9mico, deportivo, liderazgo, cultura y<br>responsabilidad social, ya que dijo son un importante referente en la Universidad<br>Aut\u00f3noma de Coahuila, porque son ejemplo a seguir para el resto de sus<br>compa\u00f1eros.<\/p>\n\n\n\n<p>Enfatiz\u00f3 que, tanto en la Rector\u00eda como en la Coordinaci\u00f3n Unidad Laguna, en las<br>escuelas y facultades tienen las puertas abiertas, adem\u00e1s las y los directores tienen<br>el compromiso de impulsarles a continuar por el camino de la excelencia, en tanto a<br>quienes ingresaron con el mayor puntaje a la universidad los exhort\u00f3 a seguir de esa<br>manera, para hacer de la UAdeC una de las mejores universidades de Coahuila y de<br>M\u00e9xico.<\/p>\n\n\n\n<p>Por su parte, la coordinadora de la Unidad Laguna, Sandra L\u00f3pez Chavarr\u00eda dijo que<br>en este evento se reconoce el esfuerzo, la dedicaci\u00f3n y el compromiso de quienes<br>han brillado por su excelente desempe\u00f1o acad\u00e9mico, tambi\u00e9n por su liderazgo, su<br>compromiso social, su destreza en el deporte y su amor por la cultura.<\/p>\n\n\n\n<p>A\u00f1adi\u00f3 que, la Universidad Aut\u00f3noma de Coahuila se enorgullece de formar<br>profesionales competentes y ciudadanos \u00edntegros, comprometidos con su entorno y<br>con un profundo sentido de responsabilidad social, quienes llevan consigo los<br>valores m\u00e1s elevados del ser humano como un impacto positivo en la sociedad.<\/p>\n\n\n\n<p>De los 266 alumnos que recibieron reconocimiento, 31 de ellos se hicieron<br>acreedores a la Medalla a la Excelencia: de la Facultad de Econom\u00eda y<br>Mercadotecnia, Anah\u00ed Concepci\u00f3n Torres Gonz\u00e1lez, Andrea Guadalupe Mercado<br>Olvera; Facultad de Ingenier\u00eda y Mec\u00e1nica El\u00e9ctrica, Karla Yahaira J\u00e1quez G\u00f3mez,<br>Diego Delgado D\u00e1vila; Facultad de Contadur\u00eda y Administraci\u00f3n, Am\u00e9rica del<\/p>\n\n\n\n<p>Carmen Andrade Gonz\u00e1lez, Am\u00e9rica Daniela Ceja Hern\u00e1ndez, Aid\u00e9 Guadalupe Pro<br>Campos y Marisol P\u00e9rez Armend\u00e1riz.<\/p>\n\n\n\n<p>Tambi\u00e9n, Escuela de Psicolog\u00eda, Ang\u00e9lica Gonz\u00e1lez Herrera; Escuela de Artes<br>Esc\u00e9nicas, Sof\u00eda Alessandra Tenorio Rivera; Facultad de Ciencias Biol\u00f3gicas,<br>Isabella Guadalupe Sustaita Gonz\u00e1lez; Facultad de Derecho, Francisco Garc\u00eda<br>Mart\u00ednez; Escuela de Ciencias de la Comunidad, Carmen Leticia N\u00fa\u00f1ez Adame,<br>Sarah\u00ed Zamora Hern\u00e1ndez; Facultad de Medicina, Diana Ghislaine Guzm\u00e1n Medina;<br>Facultad de Administraci\u00f3n Fiscal y Financiera, Diana Fernanda S\u00e1nchez Hern\u00e1ndez<br>y Enrique Flores Acu\u00f1a.<\/p>\n\n\n\n<p>De la Escuela de Arquitectura, Jos\u00e9 Antonio Chilton Albores; Facultad de Ingenier\u00eda<br>Civil, Manuel Alejandro L\u00f3pez V\u00e9lez; Facultad de Ciencias Pol\u00edticas y Sociales, Karla<br>Susana Loyola Garc\u00eda, Edwin Jair Mart\u00ednez V\u00e1zquez, Valent\u00edn L\u00f3pez Guerrero;<br>Escuela de Bachilleres \u201cVenustiano Carranza\u201d, Kristal Ibarra Moreno; Escuela de<br>Sistemas, Jennyfer Estephania Segovia Montantes, Jes\u00fas Manuel Cristian Wong,<br>Erick Omar Ibarra Salazar; Facultad de Odontolog\u00eda, Patricia Salazar Bollainygoitia;<br>Facultad de Enfermer\u00eda, Evelin Alejandra Facio Vargas.<\/p>\n\n\n\n<p>Adem\u00e1s, de la Escuela de Administraci\u00f3n San Pedro, Yazm\u00edn Alejandra R\u00edos<br>Ram\u00edrez; Escuela de Bachilleres Aguanueva \u201cIng. An\u00edbal Flores Neyra\u201d, F\u00e1tima<br>Nahomi Santana Mart\u00ednez; el Instituto de Ense\u00f1anza Abierta, Camila Yvonne<br>Rodarte Galv\u00e1n y del Instituto Manuel Mu\u00f1oz Olivares, Fernando Valero Anguiano y<br>Romina Villegas Aguilera.<\/p>\n","protected":false},"excerpt":{"rendered":"<p>TORRE\u00d3N, Coahuila. 29 de octubre de 2024. La Universidad Aut\u00f3noma de Coahuilaa trav\u00e9s del Departamento de Asuntos Acad\u00e9micos de la Coordinaci\u00f3n de UnidadLaguna, llev\u00f3 a cabo la Vig\u00e9sima Entrega de Reconocimientos al Alto Desempe\u00f1oAcad\u00e9mico, Responsabilidad Social, Liderazgo, Deporte y Cultura, Medallas a laExcelencia y Reconocimientos a las y los alumnos que obtuvieron el mayor puntajeen el examen de Admisi\u00f3n. En el evento realizado en el Aula Magna del Centro Cultural&#8230;<\/p>\n","protected":false},"author":1,"featured_media":23160,"comment_status":"closed","ping_status":"","sticky":false,"template":"","format":"standard","meta":{"footnotes":""},"categories":[7,2],"tags":[],"class_list":["post-23159","post","type-post","status-publish","format-standard","has-post-thumbnail","hentry","category-torreon","category-uadec","wpcat-7-id","wpcat-2-id"],"_links":{"self":[{"href":"https:\/\/www.aquilaguna.com\/index.php\/wp-json\/wp\/v2\/posts\/23159","targetHints":{"allow":["GET"]}}],"collection":[{"href":"https:\/\/www.aquilaguna.com\/index.php\/wp-json\/wp\/v2\/posts"}],"about":[{"href":"https:\/\/www.aquilaguna.com\/index.php\/wp-json\/wp\/v2\/types\/post"}],"author":[{"embeddable":true,"href":"https:\/\/www.aquilaguna.com\/index.php\/wp-json\/wp\/v2\/users\/1"}],"replies":[{"embeddable":true,"href":"https:\/\/www.aquilaguna.com\/index.php\/wp-json\/wp\/v2\/comments?post=23159"}],"version-history":[{"count":1,"href":"https:\/\/www.aquilaguna.com\/index.php\/wp-json\/wp\/v2\/posts\/23159\/revisions"}],"predecessor-version":[{"id":23161,"href":"https:\/\/www.aquilaguna.com\/index.php\/wp-json\/wp\/v2\/posts\/23159\/revisions\/23161"}],"wp:featuredmedia":[{"embeddable":true,"href":"https:\/\/www.aquilaguna.com\/index.php\/wp-json\/wp\/v2\/media\/23160"}],"wp:attachment":[{"href":"https:\/\/www.aquilaguna.com\/index.php\/wp-json\/wp\/v2\/media?parent=23159"}],"wp:term":[{"taxonomy":"category","embeddable":true,"href":"https:\/\/www.aquilaguna.com\/index.php\/wp-json\/wp\/v2\/categories?post=23159"},{"taxonomy":"post_tag","embeddable":true,"href":"https:\/\/www.aquilaguna.com\/index.php\/wp-json\/wp\/v2\/tags?post=23159"}],"curies":[{"name":"wp","href":"https:\/\/api.w.org\/{rel}","templated":true}]}}