{"id":23165,"date":"2024-10-29T19:18:17","date_gmt":"2024-10-30T01:18:17","guid":{"rendered":"https:\/\/www.aquilaguna.com\/?p=23165"},"modified":"2024-10-29T19:18:17","modified_gmt":"2024-10-30T01:18:17","slug":"rehabilitacion-de-banquetas-y-camellon-en-la-zona-centro-contribuye-a-una-movilidad-segura","status":"publish","type":"post","link":"https:\/\/www.aquilaguna.com\/index.php\/2024\/10\/29\/rehabilitacion-de-banquetas-y-camellon-en-la-zona-centro-contribuye-a-una-movilidad-segura\/","title":{"rendered":"Rehabilitaci\u00f3n de banquetas y camell\u00f3n en la zona Centro contribuye a una movilidad segura."},"content":{"rendered":"\n<p>Torre\u00f3n, Coahuila a 29 de octubre de 2024.<\/p>\n\n\n\n<p>Con una inversi\u00f3n de m\u00e1s de 6 millones de pesos, la Direcci\u00f3n de Obras P\u00fablicas<br>contin\u00faa con la tercera etapa de rehabilitaci\u00f3n de banquetas y camell\u00f3n central de<br>la Calzada Col\u00f3n, desde la avenida Ju\u00e1rez hasta el bulevar Revoluci\u00f3n, y<br>de la avenida Abasolo al bulevar Independencia, en la zona Centro.<\/p>\n\n\n\n<p>Juan Adolfo Von Bertrab Saracho, director de la dependencia, dijo que este<br>proyecto forma parte del Programa Operativo Anual (POA), de la direcci\u00f3n, y tiene<br>un alcance de m\u00e1s de 2 mil metros cuadrados.<\/p>\n\n\n\n<p>\u201cEsta obra contribuye a tener una movilidad segura, ya que las banquetas en buen<br>estado reducen el riesgo de accidentes al proporcionar superficies seguras para<br>los peatones\u201d, resalt\u00f3.<\/p>\n\n\n\n<p>Adem\u00e1s, agreg\u00f3 que las banquetas amplias y en buen estado son tambi\u00e9n una<br>motivaci\u00f3n para las personas que salen a caminar por cuidar su salud.<\/p>\n\n\n\n<p>El director explic\u00f3 que el trabajo que se ha realizado en esta obra, consiste en<br>inspeccionar las banquetas para identificar problemas como hundimientos, grietas<br>y obstrucciones, para realizar la reparaci\u00f3n necesaria.<\/p>\n\n\n\n<p>Detall\u00f3 que tambi\u00e9n se mejor\u00f3 la iluminaci\u00f3n en el camell\u00f3n para as\u00ed aumentar la<br>seguridad de los transe\u00fantes que pasean durante la noche.<\/p>\n\n\n\n<p>\u201cEstas acciones no solo mejoran la est\u00e9tica de la zona, sino que tambi\u00e9n fomentan<br>el uso del transporte no motorizado y contribuyen a la seguridad de los peatones\u201d,<br>resalt\u00f3 el funcionario.<\/p>\n\n\n\n<p>Adem\u00e1s, dijo, es parte de los objetivos de la Administraci\u00f3n Municipal del alcalde<br>Rom\u00e1n Alberto Cepeda Gonz\u00e1lez, mejorar la infraestructura vial de la ciudad, en<br>beneficio y para protecci\u00f3n de la ciudadan\u00eda.<\/p>\n\n\n\n<p>Von Bertrab Saracho se\u00f1al\u00f3 que las acciones de la tercera etapa de rehabilitaci\u00f3n<br>de banquetas y camell\u00f3n central, se realizaron con una inversi\u00f3n del Fondo de<br>Fortalecimiento Municipal.<\/p>\n","protected":false},"excerpt":{"rendered":"<p>Torre\u00f3n, Coahuila a 29 de octubre de 2024. Con una inversi\u00f3n de m\u00e1s de 6 millones de pesos, la Direcci\u00f3n de Obras P\u00fablicascontin\u00faa con la tercera etapa de rehabilitaci\u00f3n de banquetas y camell\u00f3n central dela Calzada Col\u00f3n, desde la avenida Ju\u00e1rez hasta el bulevar Revoluci\u00f3n, yde la avenida Abasolo al bulevar Independencia, en la zona Centro. Juan Adolfo Von Bertrab Saracho, director de la dependencia, dijo que esteproyecto forma parte&#8230;<\/p>\n","protected":false},"author":1,"featured_media":23166,"comment_status":"closed","ping_status":"","sticky":false,"template":"","format":"standard","meta":{"footnotes":""},"categories":[5,28,7],"tags":[],"class_list":["post-23165","post","type-post","status-publish","format-standard","has-post-thumbnail","hentry","category-coahuila","category-la-laguna","category-torreon","wpcat-5-id","wpcat-28-id","wpcat-7-id"],"_links":{"self":[{"href":"https:\/\/www.aquilaguna.com\/index.php\/wp-json\/wp\/v2\/posts\/23165","targetHints":{"allow":["GET"]}}],"collection":[{"href":"https:\/\/www.aquilaguna.com\/index.php\/wp-json\/wp\/v2\/posts"}],"about":[{"href":"https:\/\/www.aquilaguna.com\/index.php\/wp-json\/wp\/v2\/types\/post"}],"author":[{"embeddable":true,"href":"https:\/\/www.aquilaguna.com\/index.php\/wp-json\/wp\/v2\/users\/1"}],"replies":[{"embeddable":true,"href":"https:\/\/www.aquilaguna.com\/index.php\/wp-json\/wp\/v2\/comments?post=23165"}],"version-history":[{"count":1,"href":"https:\/\/www.aquilaguna.com\/index.php\/wp-json\/wp\/v2\/posts\/23165\/revisions"}],"predecessor-version":[{"id":23167,"href":"https:\/\/www.aquilaguna.com\/index.php\/wp-json\/wp\/v2\/posts\/23165\/revisions\/23167"}],"wp:featuredmedia":[{"embeddable":true,"href":"https:\/\/www.aquilaguna.com\/index.php\/wp-json\/wp\/v2\/media\/23166"}],"wp:attachment":[{"href":"https:\/\/www.aquilaguna.com\/index.php\/wp-json\/wp\/v2\/media?parent=23165"}],"wp:term":[{"taxonomy":"category","embeddable":true,"href":"https:\/\/www.aquilaguna.com\/index.php\/wp-json\/wp\/v2\/categories?post=23165"},{"taxonomy":"post_tag","embeddable":true,"href":"https:\/\/www.aquilaguna.com\/index.php\/wp-json\/wp\/v2\/tags?post=23165"}],"curies":[{"name":"wp","href":"https:\/\/api.w.org\/{rel}","templated":true}]}}