{"id":23196,"date":"2024-10-30T18:55:36","date_gmt":"2024-10-31T00:55:36","guid":{"rendered":"https:\/\/www.aquilaguna.com\/?p=23196"},"modified":"2024-10-30T18:55:36","modified_gmt":"2024-10-31T00:55:36","slug":"aprueban-en-cabildo-reforma-al-reglamento-de-movilidad-que-busca-salvaguardar-la-integridad-de-los-motociclistas","status":"publish","type":"post","link":"https:\/\/www.aquilaguna.com\/index.php\/2024\/10\/30\/aprueban-en-cabildo-reforma-al-reglamento-de-movilidad-que-busca-salvaguardar-la-integridad-de-los-motociclistas\/","title":{"rendered":"Aprueban en Cabildo reforma al Reglamento de Movilidad que busca salvaguardar la integridad de los motociclistas."},"content":{"rendered":"\n<p>Torre\u00f3n, Coahuila. A 30 de octubre de 2024.<\/p>\n\n\n\n<p>Dentro de la Quincuag\u00e9sima Octava Sesi\u00f3n del Cabildo de Torre\u00f3n, que preside el<br>alcalde Rom\u00e1n Alberto Cepeda Gonz\u00e1lez, fueron aprobados distintos proyectos de<br>reforma a reglamentos municipales, as\u00ed como apoyos en favor del cuidado de la<br>Reserva Ecol\u00f3gica Municipal de la Sierra y Ca\u00f1\u00f3n de Jimulco.<\/p>\n\n\n\n<p>En primer t\u00e9rmino, se aprob\u00f3 de forma un\u00e1nime el proyecto de Iniciativa de<br>Reforma al Reglamento de Movilidad Urbana de Torre\u00f3n, que busca mejorar la<br>Seguridad Vial y salvaguardar la integridad f\u00edsica usuarios de motocicleta como<br>medio de transporte.<\/p>\n\n\n\n<p>Al respecto, el regidor Christian Gonz\u00e1lez Zambrano, presidente de la Comisi\u00f3n de<br>Gobernaci\u00f3n y Reglamentaci\u00f3n, explic\u00f3 que la modificaci\u00f3n va al Reglamento de<br>Movilidad Urbana y Seguridad Vial del Municipio de Torre\u00f3n, en sus art\u00edculos 42,<br>136 y 138.<\/p>\n\n\n\n<p>Dijo que la iniciativa se dirige a fin de que se incorpore el concepto de retiro de la<br>v\u00eda p\u00fablica, y en su caso se remita al dep\u00f3sito de veh\u00edculos, cuando el conductor<br>sea detectado sin casco de seguridad correctamente colocado.<\/p>\n\n\n\n<p>En otro punto, los ediles aprobaron por unanimidad la solicitud presentada por el<br>presidente de la C\u00e1mara Nacional de la Industria de la Transformaci\u00f3n Delegaci\u00f3n<br>Torre\u00f3n (CANACINTRA), Alejandro Guti\u00e9rrez Guti\u00e9rrez, para que el 23 de agosto<br>sea denominado en el municipio de Torre\u00f3n, como &#8220;D\u00eda de los Industriales&#8221;.<\/p>\n\n\n\n<p>Por otro lado, los ediles aprobaron por mayor\u00eda el estado financiero<br>correspondiente al mes de septiembre, as\u00ed como el avance de Gesti\u00f3n Financiera<br>del tercer trimestre del ejercicio fiscal 2024.<\/p>\n\n\n\n<p>En otro asunto fue presentado el avance de Gesti\u00f3n Financiera correspondiente al<br>tercer trimestre del ejercicio fiscal 2024, de los organismos descentralizados de la<br>Administraci\u00f3n Municipal como: el Sistema Municipal de Aguas y Saneamiento de<br>(SIMAS) Torre\u00f3n; Sistema para el Desarrollo Integral de la Familia (DIF); Sistema<br>Integral de Mantenimiento Vial (SIMV), y el Consejo Promotor para el Desarrollo<br>de la Reservas Territoriales de Torre\u00f3n (COPRODER).<\/p>\n\n\n\n<p>Adem\u00e1s de la Direcci\u00f3n de Pensiones y Beneficios Sociales para los Trabajadores<br>al Servicio del Municipio de Torre\u00f3n; el Consejo de Administraci\u00f3n del Parque<br>Ecol\u00f3gico Fundadores; el Instituto Municipal del Deporte; el Instituto Municipal de<br>Planeaci\u00f3n y Competitividad de Torre\u00f3n (IMPLAN); Instituto Municipal de Cultura y<br>Educaci\u00f3n; Instituto Municipal de la Mujer; Instituto Municipal del Emprendimiento<br>y XHTOR Radio Torre\u00f3n.<\/p>\n\n\n\n<p>Por otra parte, con el objetivo de reconocer el trabajo en el cuidado de la Reserva<br>Ecol\u00f3gica Municipal de la Sierra y Ca\u00f1\u00f3n de Jimulco, fue aprobada por<br>unanimidad la solicitud de apoyo econ\u00f3mico por 7 mil pesos mensuales durante el<br>periodo comprendido de octubre a diciembre, a los integrantes de la Brigada<br>contra Incendios Forestales, as\u00ed como para las personas del Comit\u00e9 de Vigilancia<br>Comunitario.<\/p>\n\n\n\n<p>En otro punto, se aprob\u00f3 la solicitud de est\u00edmulos fiscales en licencias de<br>construcci\u00f3n, funcionamiento, n\u00fameros oficiales, uso de suelo y permisos de<br>instalaciones de vallas perimetrales y anuncios publicitarios, de la empresa<br>VYNMSA Torre\u00f3n Industrial Park S.A. de C.V.<\/p>\n\n\n\n<p><strong>Asunto aprobado por unanimidad.<\/strong><\/p>\n\n\n\n<p>Adem\u00e1s quedaron aprobadas 29 solicitudes de establecimientos mercantiles, para<br>realizar cambio de domicilio, denominaci\u00f3n o giro, en su certificaci\u00f3n municipal de<br>alcoholes.<\/p>\n\n\n\n<p>Otro asunto que se atendi\u00f3 fue el de cambio de Habitacional Densidad Media Baja<br>(H2), a Habitacional Densidad Muy Alta (H6), de un predio denominado La Rosa,<br>localizado en carretera a Santa Fe, hoy calzada Agust\u00edn de Espinoza, aprobado<br>por unanimidad. As\u00ed como el referente a autorizar al Ayuntamiento de Torre\u00f3n<br>desincorporar del dominio p\u00fablico municipal, un bien inmueble que se identifica<br>como fracci\u00f3n de terreno de \u00e1rea vial ubicada en la colonia Aviaci\u00f3n, con el fin de<br>enajenarlo a t\u00edtulo oneroso a favor de un particular.<\/p>\n\n\n\n<p>De la misma forma, se aprob\u00f3 desincorporar del dominio p\u00fablico municipal, un<br>bien inmueble que se identifica como fracci\u00f3n de \u00e1rea vial del andador peatonal de<br>la calzada Xochimilco, con el fin de enajenarlo a t\u00edtulo oneroso a favor de un<br>particular.<\/p>\n\n\n\n<p>En otro asunto, el primer regidor Luis Jorge Cuerda Serna, y la sexta regidora<br>Blanca \u00c1lvarez Garza, presentaron un punto de acuerdo que contiene tres<br>proyectos de iniciativa de reforma a la normativa municipal, particularmente en el<br>\u00e1rea de Desarrollo Econ\u00f3mico.<\/p>\n\n\n\n<p>El primer regidor explic\u00f3 que se trata de modificaciones al reglamento interior,<br>reglamento org\u00e1nico y al manual de operaci\u00f3n interno de la direcci\u00f3n, con el<br>objetivo de fortalecer la agilidad y eficiencia en asuntos como el de tr\u00e1mites para la<br>apertura de empresas.<\/p>\n\n\n\n<p>El punto ser\u00e1 turnado a las comisiones competentes para su an\u00e1lisis.<\/p>\n","protected":false},"excerpt":{"rendered":"<p>Torre\u00f3n, Coahuila. A 30 de octubre de 2024. Dentro de la Quincuag\u00e9sima Octava Sesi\u00f3n del Cabildo de Torre\u00f3n, que preside elalcalde Rom\u00e1n Alberto Cepeda Gonz\u00e1lez, fueron aprobados distintos proyectos dereforma a reglamentos municipales, as\u00ed como apoyos en favor del cuidado de laReserva Ecol\u00f3gica Municipal de la Sierra y Ca\u00f1\u00f3n de Jimulco. En primer t\u00e9rmino, se aprob\u00f3 de forma un\u00e1nime el proyecto de Iniciativa deReforma al Reglamento de Movilidad Urbana de&#8230;<\/p>\n","protected":false},"author":1,"featured_media":23197,"comment_status":"closed","ping_status":"","sticky":false,"template":"","format":"standard","meta":{"footnotes":""},"categories":[5,28,7],"tags":[],"class_list":["post-23196","post","type-post","status-publish","format-standard","has-post-thumbnail","hentry","category-coahuila","category-la-laguna","category-torreon","wpcat-5-id","wpcat-28-id","wpcat-7-id"],"_links":{"self":[{"href":"https:\/\/www.aquilaguna.com\/index.php\/wp-json\/wp\/v2\/posts\/23196","targetHints":{"allow":["GET"]}}],"collection":[{"href":"https:\/\/www.aquilaguna.com\/index.php\/wp-json\/wp\/v2\/posts"}],"about":[{"href":"https:\/\/www.aquilaguna.com\/index.php\/wp-json\/wp\/v2\/types\/post"}],"author":[{"embeddable":true,"href":"https:\/\/www.aquilaguna.com\/index.php\/wp-json\/wp\/v2\/users\/1"}],"replies":[{"embeddable":true,"href":"https:\/\/www.aquilaguna.com\/index.php\/wp-json\/wp\/v2\/comments?post=23196"}],"version-history":[{"count":1,"href":"https:\/\/www.aquilaguna.com\/index.php\/wp-json\/wp\/v2\/posts\/23196\/revisions"}],"predecessor-version":[{"id":23198,"href":"https:\/\/www.aquilaguna.com\/index.php\/wp-json\/wp\/v2\/posts\/23196\/revisions\/23198"}],"wp:featuredmedia":[{"embeddable":true,"href":"https:\/\/www.aquilaguna.com\/index.php\/wp-json\/wp\/v2\/media\/23197"}],"wp:attachment":[{"href":"https:\/\/www.aquilaguna.com\/index.php\/wp-json\/wp\/v2\/media?parent=23196"}],"wp:term":[{"taxonomy":"category","embeddable":true,"href":"https:\/\/www.aquilaguna.com\/index.php\/wp-json\/wp\/v2\/categories?post=23196"},{"taxonomy":"post_tag","embeddable":true,"href":"https:\/\/www.aquilaguna.com\/index.php\/wp-json\/wp\/v2\/tags?post=23196"}],"curies":[{"name":"wp","href":"https:\/\/api.w.org\/{rel}","templated":true}]}}