{"id":23201,"date":"2024-10-30T18:58:53","date_gmt":"2024-10-31T00:58:53","guid":{"rendered":"https:\/\/www.aquilaguna.com\/?p=23201"},"modified":"2024-10-30T19:31:57","modified_gmt":"2024-10-31T01:31:57","slug":"cuenta-uadec-con-buena-parte-del-monto-para-pagar-aguinaldos","status":"publish","type":"post","link":"https:\/\/www.aquilaguna.com\/index.php\/2024\/10\/30\/cuenta-uadec-con-buena-parte-del-monto-para-pagar-aguinaldos\/","title":{"rendered":"Cuenta UAdeC con buena parte del monto para pagar aguinaldos."},"content":{"rendered":"\n<p>Torre\u00f3n, Coahuila.- El Rector de la Universidad de Coahuila, Octavio Pimentel Mart\u00ednez, asegura, a casi 50 d\u00edas de que se cumpla el plazo fatal -20 de diciembre\u00a0 del presente-, para el pago de\u00a0 aguinaldos a todo el personal de confianza, sindicalizados y sus trabajadores\u00a0 pensionados, contar\u00a0 con buena parte del monto citado, si bien y como\u00a0 lo aclara que se trabaja para dar cumplimiento de esta obligaci\u00f3n anual para el \u00faltimo grupo citado.\u00a0<\/p>\n\n\n\n<p>&#8220;Tenemos 343 trabajadores en activo y 2,800 pensionados&#8221;, revel\u00f3,  &#8220;pues no nos da, no hay como soportarlo&#8221;.<\/p>\n\n\n\n<p>Narr\u00f3 que, &#8220;hab\u00eda un Fideicomiso que ten\u00eda el Gobierno Federal\u00a0 para poder apoyar a las Universidades p\u00fablicas, no a esta, sino a todas que tomamos en su momento hace ya casi 20 a\u00f1os\u00a0 la decisi\u00f3n de enviar a todas las nuevas contrataciones\u00a0 al IMSS&#8221;.<\/p>\n\n\n\n<p>&#8220;Yo mismo&#8221;, dice,\u00a0 &#8220;no me fui a DIPETRE, sino al IMSS&#8221;,\u00a0 y dice que\u00a0 esa decisi\u00f3n de la UAdeC, &#8220;fue una muy buena decisi\u00f3n\u00a0 del entonces Rector Chema Fraustro&#8221;.\u00a0\u00a0<\/p>\n\n\n\n<p>&#8220;Pero creo\u00a0 que ahora lo importante\u00a0 es que ahora \u00a0 y hace seis a\u00f1os\u00a0 el Gobierno Federal retir\u00f3 esos Fideicomisos y a las Universidades se les\u00a0 dej\u00f3 de aportar\u00a0 esos dineros&#8221;,\u00a0 recordando que el gobierno federal, &#8220;es responsable solidario\u00a0de las pensiones&#8221;.\u00a0<\/p>\n\n\n\n<p>Nosotros, dijo luego, &#8220;somos tambi\u00e9n responsables\u00a0 como patr\u00f3n, y estamos cubriendo y saliendo a dar siempre la cara \u00a0 por nuestros jubilados y pensionados&#8221;.<\/p>\n\n\n\n<p>&#8220;Es complicado el tema&#8221;, reconoci\u00f3 \u00a0 el entrevistado y revel\u00f3 que, &#8220;el Gobernador\u00a0 Jim\u00e9nez Salinas\u00a0 tiene conocimiento\u00a0 del mismo&#8221;.<\/p>\n\n\n\n<p>&#8220;Hemos platicado con \u00e9l, tenemos algunas estrategias que todav\u00eda\u00a0 no las terminamos\u00a0 de consolidar \u00a0 pero yo creo que en equipo, el Gobierno del Estado\u00a0 y la Universidad\u00a0 podemos salir adelante\u00a0 de esto&#8221;.<\/p>\n\n\n\n<p>Y tambi\u00e9n\u00a0 afirm\u00f3, &#8220;debemos\u00a0 voltear al Gobierno Federal y decirle a la Presidenta Sheinbaum que conoce muy bien el sistema de pensiones, porque ella tambi\u00e9n es una universitaria y\u00a0 decir que tenemos que hacer una nueva forma\u00a0 de organizarnos con ustedes Gobierno Federal, para hacer eficiente y efectivo y darle a los trabajadores los que merecen por la vida que dejaron\u00a0 o los a\u00f1os de trabajo en las universidades  y por la educaci\u00f3n\u00a0 en M\u00e9xico&#8221;.<\/p>\n\n\n\n<p>\u00a0Creo, afirm\u00f3 que, &#8220;vale la pena\u00a0 reconocerlo y adem\u00e1s esta en la ley y hay que cumplirla&#8221;.<\/p>\n","protected":false},"excerpt":{"rendered":"<p>Torre\u00f3n, Coahuila.- El Rector de la Universidad de Coahuila, Octavio Pimentel Mart\u00ednez, asegura, a casi 50 d\u00edas de que se cumpla el plazo fatal -20 de diciembre\u00a0 del presente-, para el pago de\u00a0 aguinaldos a todo el personal de confianza, sindicalizados y sus trabajadores\u00a0 pensionados, contar\u00a0 con buena parte del monto citado, si bien y como\u00a0 lo aclara que se trabaja para dar cumplimiento de esta obligaci\u00f3n anual para el&#8230;<\/p>\n","protected":false},"author":2,"featured_media":0,"comment_status":"closed","ping_status":"closed","sticky":false,"template":"","format":"standard","meta":{"footnotes":""},"categories":[5,31,2],"tags":[],"class_list":["post-23201","post","type-post","status-publish","format-standard","hentry","category-coahuila","category-gobierno-federal","category-uadec","wpcat-5-id","wpcat-31-id","wpcat-2-id"],"_links":{"self":[{"href":"https:\/\/www.aquilaguna.com\/index.php\/wp-json\/wp\/v2\/posts\/23201","targetHints":{"allow":["GET"]}}],"collection":[{"href":"https:\/\/www.aquilaguna.com\/index.php\/wp-json\/wp\/v2\/posts"}],"about":[{"href":"https:\/\/www.aquilaguna.com\/index.php\/wp-json\/wp\/v2\/types\/post"}],"author":[{"embeddable":true,"href":"https:\/\/www.aquilaguna.com\/index.php\/wp-json\/wp\/v2\/users\/2"}],"replies":[{"embeddable":true,"href":"https:\/\/www.aquilaguna.com\/index.php\/wp-json\/wp\/v2\/comments?post=23201"}],"version-history":[{"count":1,"href":"https:\/\/www.aquilaguna.com\/index.php\/wp-json\/wp\/v2\/posts\/23201\/revisions"}],"predecessor-version":[{"id":23202,"href":"https:\/\/www.aquilaguna.com\/index.php\/wp-json\/wp\/v2\/posts\/23201\/revisions\/23202"}],"wp:attachment":[{"href":"https:\/\/www.aquilaguna.com\/index.php\/wp-json\/wp\/v2\/media?parent=23201"}],"wp:term":[{"taxonomy":"category","embeddable":true,"href":"https:\/\/www.aquilaguna.com\/index.php\/wp-json\/wp\/v2\/categories?post=23201"},{"taxonomy":"post_tag","embeddable":true,"href":"https:\/\/www.aquilaguna.com\/index.php\/wp-json\/wp\/v2\/tags?post=23201"}],"curies":[{"name":"wp","href":"https:\/\/api.w.org\/{rel}","templated":true}]}}