{"id":23320,"date":"2024-11-06T19:10:02","date_gmt":"2024-11-07T01:10:02","guid":{"rendered":"https:\/\/www.aquilaguna.com\/?p=23320"},"modified":"2024-11-06T19:10:02","modified_gmt":"2024-11-07T01:10:02","slug":"afirma-alcalde-de-torreon-que-triunfo-de-trump-tendra-efecto-positivo-en-mexico","status":"publish","type":"post","link":"https:\/\/www.aquilaguna.com\/index.php\/2024\/11\/06\/afirma-alcalde-de-torreon-que-triunfo-de-trump-tendra-efecto-positivo-en-mexico\/","title":{"rendered":"Afirma alcalde de Torre\u00f3n que triunfo de Trump tendr\u00e1 efecto positivo en M\u00e9xico."},"content":{"rendered":"\n<p>Torre\u00f3n, Coahuila.-\u00a0 El alcalde Rom\u00e1n Alberto Cepeda\u00a0 Gonz\u00e1lez\u00a0 considera que el virtual\u00a0 triunfo electoral de\u00a0 Donald\u00a0 Trump\u00a0 tendr\u00e1 efecto positivo a nuestro pa\u00eds, bajo el argumento que cuando &#8220;los Republicanos ganan y gobiernan, a M\u00e9xico, le va bien&#8221;.<\/p>\n\n\n\n<p>&#8220;En el caso de tal elecci\u00f3n, creo que es clara \u00a0 la \u00a0 victoria de Trump\u00a0  y yo soy profundamente respetuoso en el \u00e1mbito nacional, lo soy, en el \u00e1mbito internacional m\u00e1s todav\u00eda, pero yo creo y espero que le vaya bien, en mi haber, en lo que yo tengo y lo que me toc\u00f3 vivir el aquel pa\u00eds, siempre a M\u00e9xico\u00a0 le ha ido bien con los Republicanos\u00a0 y no creo que ahora vaya a ser la excepci\u00f3n&#8221;.<\/p>\n\n\n\n<p>&#8220;Tiene\u00a0 su estilo, tiene sus formas, ya fue Presidente&#8221;.\u00a0\u00a0<\/p>\n\n\n\n<p>&#8220;Creo que tambi\u00e9n M\u00e9xico\u00a0 y\u00a0 Estados Unidos\u00a0 est\u00e1n en un momento diferente, a M\u00e9xico&#8221;, reiter\u00f3 el edil, &#8220;creo que la ha ido bien con los Republicanos. No veo\u00a0 como pudiera irle mal en la administraci\u00f3n que viene&#8221;.<\/p>\n\n\n\n<p>\u00a0En cuanto a la eliminaci\u00f3n virtual de la Suprema Corte de Justicia\u00a0 como la hab\u00edamos\u00a0 conocido, hecho registrado tambi\u00e9n\u00a0 este mismo martes, el edil,\u00a0 argument\u00f3 que, &#8220;no traigo claro el tema de la Suprema Corte, pero creo que es un Poder, en el \u00e1mbito\u00a0 nacional, creo que\u00a0 fue el mecanismo para que esto no lleve a\u00a0 M\u00e9xico \u00a0 a una desestabilizaci\u00f3n&#8221;.<\/p>\n\n\n\n<p>&#8220;Yo lo \u00fanico ,como alcalde, como\u00a0 empresario, como ciudadano, solicitar\u00eda o pedir\u00eda\u00a0 que el mecanismo que se lleve, sea de la mejor manera para que no se logre desestabilizar uno de los tres poderes de este pa\u00eds&#8221;.\u00a0\u00a0\u00a0\u00a0<\/p>\n\n\n\n<p><strong>FUERO CONSTITUCIONAL.<\/strong><\/p>\n\n\n\n<p>Preguntado\u00a0 si el Cabildo que preside en Torre\u00f3n, \u00a0 cuenta con Fuero Constitucional\u00a0 y\u00a0 de ser asi, si fue\u00a0 o\u00a0 no &#8220;atropellado&#8221; con\u00a0 la vinculaci\u00f3n a proceso judicial \u00a0 a\u00a0 una de las regidoras de\u00a0 cabildo,\u00a0 Olga X\u00f3chitl Cepeda\u00a0 Rodr\u00edguez, sin que se conozca acci\u00f3n legislativa previa\u00a0 antes de comparecer ante autoridad judicial\u00a0 y con ello\u00a0 y se le haya afectado \u00a0 un debido proceso, el edil dijo:<\/p>\n\n\n\n<p>&#8220;Es un tema que yo, he dejado\u00a0 en el orden estrictamente juridico \u00a0 y ellos, seguramente har\u00e1n valer sus Derechos,\u00a0 est\u00e1n en facultad de hacerlo&#8221;.<\/p>\n\n\n\n<p>&#8220;Yo creo que no se debe de atropellar Derecho de ninguno, no solo siendo funcionario, de ninguno y de ninguna autoridad&#8221;.<\/p>\n\n\n\n<p>Asegur\u00f3 que\u00a0su Cabildo, que el mismo encabeza,\u00a0 &#8220;tiene Fuero Constitucional como lo deben de tener todos los Cabildos, claro como lo tiene el Gobernador, los Diputados, todos&#8221;.<\/p>\n\n\n\n<p>&#8220;Creo que es importante\u00a0 que el Derecho prevalezca, y yo siempre\u00a0 lo he dicho, creo que cualquier autoridad, la respuesta no es pol\u00edtica, sino apegada a un orden de gobierno y respetar a a todos los ciudadanos\u00a0 porque a quien\u00a0 toca\u00a0 poner la muestra, es a nosotros&#8221;.<\/p>\n\n\n\n<p>&#8220;Nosotros podemos pedir a la sociedad\u00a0 ser m\u00e1s participativa, pero a quien le toca poner la muestra, es a nosotros, a quien nos toca conducir, en el caso particular el municipio de Torre\u00f3n, o a cualquier orden de gobierno&#8221;.<\/p>\n\n\n\n<p>Por eso, se\u00f1al\u00f3, &#8220;es importante\u00a0 hacer valer la ley, pero tambi\u00e9n respetarla&#8221;.<\/p>\n\n\n\n<p>Preguntado, manifest\u00f3 a\u00a0 que a \u00e9l, no le toca defender\u00a0 el caso citado, &#8220;pero yo estar\u00eda dispuesto\u00a0 contra cualquier atropello,\u00a0 de cualquier autoridad&#8221;.\u00a0\u00a0\u00a0<\/p>\n\n\n\n<p>&#8220;Sin embargo,\u00a0 le toca defenderlo a\u00a0 ellos que har\u00e1n valer su Derecho\u00a0 ante la instancia que corresponda en\u00a0 Impartici\u00f3n de Justicia y yo, estar\u00e9 atento&#8221;.<\/p>\n","protected":false},"excerpt":{"rendered":"<p>Torre\u00f3n, Coahuila.-\u00a0 El alcalde Rom\u00e1n Alberto Cepeda\u00a0 Gonz\u00e1lez\u00a0 considera que el virtual\u00a0 triunfo electoral de\u00a0 Donald\u00a0 Trump\u00a0 tendr\u00e1 efecto positivo a nuestro pa\u00eds, bajo el argumento que cuando &#8220;los Republicanos ganan y gobiernan, a M\u00e9xico, le va bien&#8221;. &#8220;En el caso de tal elecci\u00f3n, creo que es clara \u00a0 la \u00a0 victoria de Trump\u00a0 y yo soy profundamente respetuoso en el \u00e1mbito nacional, lo soy, en el \u00e1mbito internacional m\u00e1s&#8230;<\/p>\n","protected":false},"author":2,"featured_media":0,"comment_status":"closed","ping_status":"","sticky":false,"template":"","format":"standard","meta":{"footnotes":""},"categories":[5,28,7],"tags":[],"class_list":["post-23320","post","type-post","status-publish","format-standard","hentry","category-coahuila","category-la-laguna","category-torreon","wpcat-5-id","wpcat-28-id","wpcat-7-id"],"_links":{"self":[{"href":"https:\/\/www.aquilaguna.com\/index.php\/wp-json\/wp\/v2\/posts\/23320","targetHints":{"allow":["GET"]}}],"collection":[{"href":"https:\/\/www.aquilaguna.com\/index.php\/wp-json\/wp\/v2\/posts"}],"about":[{"href":"https:\/\/www.aquilaguna.com\/index.php\/wp-json\/wp\/v2\/types\/post"}],"author":[{"embeddable":true,"href":"https:\/\/www.aquilaguna.com\/index.php\/wp-json\/wp\/v2\/users\/2"}],"replies":[{"embeddable":true,"href":"https:\/\/www.aquilaguna.com\/index.php\/wp-json\/wp\/v2\/comments?post=23320"}],"version-history":[{"count":1,"href":"https:\/\/www.aquilaguna.com\/index.php\/wp-json\/wp\/v2\/posts\/23320\/revisions"}],"predecessor-version":[{"id":23321,"href":"https:\/\/www.aquilaguna.com\/index.php\/wp-json\/wp\/v2\/posts\/23320\/revisions\/23321"}],"wp:attachment":[{"href":"https:\/\/www.aquilaguna.com\/index.php\/wp-json\/wp\/v2\/media?parent=23320"}],"wp:term":[{"taxonomy":"category","embeddable":true,"href":"https:\/\/www.aquilaguna.com\/index.php\/wp-json\/wp\/v2\/categories?post=23320"},{"taxonomy":"post_tag","embeddable":true,"href":"https:\/\/www.aquilaguna.com\/index.php\/wp-json\/wp\/v2\/tags?post=23320"}],"curies":[{"name":"wp","href":"https:\/\/api.w.org\/{rel}","templated":true}]}}