{"id":23447,"date":"2024-11-14T19:22:53","date_gmt":"2024-11-15T01:22:53","guid":{"rendered":"https:\/\/www.aquilaguna.com\/?p=23447"},"modified":"2024-11-14T19:22:53","modified_gmt":"2024-11-15T01:22:53","slug":"el-tren-de-la-salud-estara-en-coahuila","status":"publish","type":"post","link":"https:\/\/www.aquilaguna.com\/index.php\/2024\/11\/14\/el-tren-de-la-salud-estara-en-coahuila\/","title":{"rendered":"EL TREN DE LA SALUD ESTAR\u00c1\u00a0\u00a0EN COAHUILA."},"content":{"rendered":"\n<p>\u2022&nbsp;&nbsp;&nbsp;&nbsp;&nbsp;&nbsp;&nbsp;&nbsp;&nbsp;&nbsp;En apoyo de la poblaci\u00f3n vulnerable, y por gestor\u00eda del Gobierno del Estado ante la Fundaci\u00f3n Grupo M\u00e9xico y Grupo M\u00e9xico Transportes<\/p>\n\n\n\n<p>Torre\u00f3n, Coahuila de Zaragoza, a 14 de noviembre de 2024.- Con servicios m\u00e9dicos y estudios especializados sin costo,&nbsp;&nbsp;el Tren de la Salud, \u201cDr., Vag\u00f3n\u201d, estar\u00e1 en Coahuila a partir del 26 de noviembre para atender a la poblaci\u00f3n vulnerable de Torre\u00f3n, Nava, Sabinas y Ciudad Frontera.<\/p>\n\n\n\n<p>En rueda de prensa, el Secretario de Salud, Eliud Aguirre V\u00e1zquez; la titular de Vinculaci\u00f3n Ciudadana, Proyectos de Innovaci\u00f3n Social e Inversi\u00f3n P\u00fablica. B\u00e1rbara Cepeda Boehringer, anunciaron lo anterior junto a Ana Sof\u00eda Lanczyner, Subdirectora de Salud de la Fundaci\u00f3n Grupo M\u00e9xico, y Celina Bremer de Cepeda, Presidenta Honoraria del DIF-Torre\u00f3n.<\/p>\n\n\n\n<p>Destacaron que de acuerdo a la pol\u00edtica del gobernador Manolo Jim\u00e9nez Salinas, de trabajar conjuntamente con la sociedad civil y la Iniciativa Privada, se concret\u00f3 el recorrido del Tren de la Salud, integrado por 18 vagones y 65 profesionales de la salud.<\/p>\n\n\n\n<p>Estar\u00e1 en Torre\u00f3n, Nava, Sabinas y Ciudad Frontera donde pondr\u00e1 a disposici\u00f3n de la poblaci\u00f3n coahuilense servicios m\u00e9dicos y estudios especializados, totalmente gratuitos, a cuando menos ocho mil beneficiarios.<\/p>\n\n\n\n<p>En su oportunidad, el titular de Salud en Coahuila, Eliud Aguirre, record\u00f3 que el gobierno de Manolo Jim\u00e9nez reitera su compromiso con el bienestar de&nbsp;&nbsp;las familias, en especial de aquellas que enfrentan alguna vulnerabilidad.<\/p>\n\n\n\n<p>Lo anterior es de gran importancia para Coahuila, ya que \u201camarrar\u201d alianzas y formalizar el trabajo en equipo con agrupaciones de la sociedad civil, como Grupo M\u00e9xico, permitir\u00e1n brindar consultas m\u00e9dicas, estudios especializados y medicamentos a quienes as\u00ed lo requieran, sin ning\u00fan costo, a\u00f1adi\u00f3.<\/p>\n\n\n\n<p>\u201cEn cada una de las Jurisdicciones Sanitarias daremos seguimiento a los pacientes atendidos por el Tren de la Salud y colaboremos en su adecuada atenci\u00f3n\u201d, enfatiz\u00f3.<\/p>\n\n\n\n<p>&nbsp;&nbsp;&nbsp;&nbsp;&nbsp;&nbsp;&nbsp;&nbsp;&nbsp;&nbsp;&nbsp;&nbsp;Mientras que Mar\u00eda B\u00e1rbara Cepeda Boehringer, responsable de Vinculaci\u00f3n Ciudadana\u2026, agradeci\u00f3 el respaldo de la agrupaci\u00f3n de la ciudad civil porque \u201c\u00e9ste es s\u00f3lo el inicio de una serie de proyectos conjuntos\u201d que se concretar\u00e1n en beneficio de la ciudadan\u00eda.<\/p>\n\n\n\n<p>&nbsp;&nbsp;&nbsp;&nbsp;&nbsp;&nbsp;&nbsp;&nbsp;&nbsp;&nbsp;&nbsp;&nbsp;En el gobierno de Manolo Jim\u00e9nez, sostuvo, \u201cse trabajar\u00e1 sin descanso por un Coahuila mejor, donde cada vez se beneficie a un mayor n\u00famero de personas como en este caso, en el tema de la salud\u201d, expres\u00f3.<\/p>\n\n\n\n<p>&nbsp;&nbsp;&nbsp;&nbsp;&nbsp;&nbsp;&nbsp;&nbsp;&nbsp;&nbsp;&nbsp;&nbsp;Detall\u00f3 que el Tren de la Salud podr\u00e1 atender hasta 500 pacientes diarios; se distribuir\u00e1n fichas desde las seis de la ma\u00f1ana, sin condici\u00f3n alguna, apunt\u00f3.<\/p>\n\n\n\n<p>&nbsp;&nbsp;&nbsp;&nbsp;&nbsp;&nbsp;&nbsp;&nbsp;&nbsp;&nbsp;&nbsp;&nbsp;Se trabajar\u00e1 durante 11 horas ininterrumpidas (de las 06:00 de la ma\u00f1ana a las cinco de la tarde), en los d\u00edas establecidos para cada uno de los cuatro municipios mencionados, dijo.<\/p>\n\n\n\n<p>Por su parte, Ana Sof\u00eda Lanczyner, Subdirectora de Salud de la Fundaci\u00f3n Grupo M\u00e9xico, record\u00f3 que \u00e9sta ser\u00e1 el octavo recorrido del \u201cDr., Vag\u00f3n\u201d por Coahuila, y detall\u00f3 el itinerario a seguir:<\/p>\n\n\n\n<p>Del martes 26 al viernes 29 de noviembre, estar\u00e1 en Prolongaci\u00f3n \u201cCalzada Col\u00f3n\u201d, de la colonia \u201cNueva Aurora\u201d, de Torre\u00f3n; del lunes 2 al jueves 5 de diciembre, se ubicar\u00e1 en Nava, espec\u00edficamente en la calle \u201c12 de octubre\u201d, de la colonia \u201cL\u00e1zaro C\u00e1rdenas\u201d.<\/p>\n\n\n\n<p>Posteriormente, del s\u00e1bado 7 al martes 10, estar\u00e1 en la calle \u201cNi\u00f1os H\u00e9roes\u201d y el bulevar \u201cMutualismo\u201d, de la colonia \u201cCentro\u201d, de Sabinas, y su recorrido por Coahuila, concluir\u00e1 en la calle \u201cCuauht\u00e9moc\u201d n\u00famero 104 de la Zona Centro, de Ciudad Frontera, del domingo 15 al mi\u00e9rcoles 18 de diciembre.<\/p>\n\n\n\n<p>&nbsp;&nbsp;&nbsp;&nbsp;&nbsp;&nbsp;&nbsp;&nbsp;&nbsp;&nbsp;&nbsp;&nbsp;En la entrevista de prensa, se&nbsp;&nbsp;record\u00f3 que entre los servicios m\u00e9dicos que brinda el Tren de la Salud, se encuentran geriatr\u00eda, oftalmolog\u00eda, quiropr\u00e1ctica, ginecolog\u00eda, pediatr\u00eda, medicina general e interna, audiolog\u00eda, odontolog\u00eda, optometr\u00eda, planificaci\u00f3n familiar y farmacia.<\/p>\n\n\n\n<p>\u201cAdem\u00e1s de 42 ex\u00e1menes de laboratorio, por ejemplo qu\u00edmica sangu\u00ednea, biometr\u00eda hem\u00e1tica, perfil reum\u00e1tico o tiroideo y de embarazo, as\u00ed como&nbsp;&nbsp;11 estudios de gabinete donde destacan las mastograf\u00edas, rayos x, ultrasonidos, electrocardiogramas y audiometr\u00edas, por citar algunos\u201d, refirieron.<\/p>\n\n\n\n<p>&nbsp;&nbsp;&nbsp;&nbsp;&nbsp;&nbsp;&nbsp;&nbsp;&nbsp;&nbsp;&nbsp;&nbsp;Destacaron, finalmente, que de mayo de 2014 a la fecha, el Tren de la Salud registra una atenci\u00f3n a 34 mil 820 pacientes de Piedras Negras, Torre\u00f3n, San Pedro de las Colonias, Ciudad Frontera, M\u00fazquiz, Nava y Sabinas, as\u00ed como en la comunidad de Minas de Barroter\u00e1n.<\/p>\n","protected":false},"excerpt":{"rendered":"<p>\u2022&nbsp;&nbsp;&nbsp;&nbsp;&nbsp;&nbsp;&nbsp;&nbsp;&nbsp;&nbsp;En apoyo de la poblaci\u00f3n vulnerable, y por gestor\u00eda del Gobierno del Estado ante la Fundaci\u00f3n Grupo M\u00e9xico y Grupo M\u00e9xico Transportes Torre\u00f3n, Coahuila de Zaragoza, a 14 de noviembre de 2024.- Con servicios m\u00e9dicos y estudios especializados sin costo,&nbsp;&nbsp;el Tren de la Salud, \u201cDr., Vag\u00f3n\u201d, estar\u00e1 en Coahuila a partir del 26 de noviembre para atender a la poblaci\u00f3n vulnerable de Torre\u00f3n, Nava, Sabinas y Ciudad Frontera. En rueda&#8230;<\/p>\n","protected":false},"author":1,"featured_media":23448,"comment_status":"closed","ping_status":"","sticky":false,"template":"","format":"standard","meta":{"footnotes":""},"categories":[5,15,14],"tags":[],"class_list":["post-23447","post","type-post","status-publish","format-standard","has-post-thumbnail","hentry","category-coahuila","category-gobierno-de-coahuila","category-salud","wpcat-5-id","wpcat-15-id","wpcat-14-id"],"_links":{"self":[{"href":"https:\/\/www.aquilaguna.com\/index.php\/wp-json\/wp\/v2\/posts\/23447","targetHints":{"allow":["GET"]}}],"collection":[{"href":"https:\/\/www.aquilaguna.com\/index.php\/wp-json\/wp\/v2\/posts"}],"about":[{"href":"https:\/\/www.aquilaguna.com\/index.php\/wp-json\/wp\/v2\/types\/post"}],"author":[{"embeddable":true,"href":"https:\/\/www.aquilaguna.com\/index.php\/wp-json\/wp\/v2\/users\/1"}],"replies":[{"embeddable":true,"href":"https:\/\/www.aquilaguna.com\/index.php\/wp-json\/wp\/v2\/comments?post=23447"}],"version-history":[{"count":1,"href":"https:\/\/www.aquilaguna.com\/index.php\/wp-json\/wp\/v2\/posts\/23447\/revisions"}],"predecessor-version":[{"id":23449,"href":"https:\/\/www.aquilaguna.com\/index.php\/wp-json\/wp\/v2\/posts\/23447\/revisions\/23449"}],"wp:featuredmedia":[{"embeddable":true,"href":"https:\/\/www.aquilaguna.com\/index.php\/wp-json\/wp\/v2\/media\/23448"}],"wp:attachment":[{"href":"https:\/\/www.aquilaguna.com\/index.php\/wp-json\/wp\/v2\/media?parent=23447"}],"wp:term":[{"taxonomy":"category","embeddable":true,"href":"https:\/\/www.aquilaguna.com\/index.php\/wp-json\/wp\/v2\/categories?post=23447"},{"taxonomy":"post_tag","embeddable":true,"href":"https:\/\/www.aquilaguna.com\/index.php\/wp-json\/wp\/v2\/tags?post=23447"}],"curies":[{"name":"wp","href":"https:\/\/api.w.org\/{rel}","templated":true}]}}