{"id":23519,"date":"2024-11-20T21:09:25","date_gmt":"2024-11-21T03:09:25","guid":{"rendered":"https:\/\/www.aquilaguna.com\/?p=23519"},"modified":"2024-11-20T21:09:25","modified_gmt":"2024-11-21T03:09:25","slug":"coahuila-es-cuna-de-la-revolucion-de-la-constitucion-y-del-ejercito-manolo","status":"publish","type":"post","link":"https:\/\/www.aquilaguna.com\/index.php\/2024\/11\/20\/coahuila-es-cuna-de-la-revolucion-de-la-constitucion-y-del-ejercito-manolo\/","title":{"rendered":"COAHUILA ES CUNA DE LA REVOLUCI\u00d3N, DE LA CONSTITUCI\u00d3N Y DEL EJ\u00c9RCITO: MANOLO."},"content":{"rendered":"\n<ul class=\"wp-block-list\">\n<li>Desde el municipio de Piedras Negras, el gobernador Manolo Jim\u00e9nez Salinas encabez\u00f3 los festejos conmemorativos al 114 aniversario de la Revoluci\u00f3n Meexicana<\/li>\n<\/ul>\n\n\n\n<p>Piedras Negras, Coahuila de Zaragoza; a 20 de noviembre de 2024.-Desde el Asta Monumental en la Gran Plaza de Piedras Negras, el gobernador Manolo Jim\u00e9nez Salinas encabez\u00f3 los festejos conmemorativos del 114 Aniversario del inicio de&nbsp;&nbsp;la Revoluci\u00f3n Mexicana.<\/p>\n\n\n\n<p>\u201cCoahuila es cuna de la Revoluci\u00f3n, de la Constituci\u00f3n y del Ej\u00e9rcito\u201d, resalt\u00f3 el gobernador.<\/p>\n\n\n\n<p>Junto al Comandante de la 47 Zona Militar, General Jos\u00e9 Luis Cruz Aguilar, la presidenta municipal de Piedras Negras, Norma Trevi\u00f1o Galindo, funcionarios estatales y municipales y representantes del Ej\u00e9rcito Mexicano, el mandatario estatal asisti\u00f3 al Izamiento de la Bandera y protocolo de Ascensos de Mandos Militares.<\/p>\n\n\n\n<p>En su mensaje a los integrantes del<\/p>\n\n\n\n<p>Ej\u00e9rcito Mexicano y de la Guardia Nacional, el Gobernador de Coahuila destac\u00f3 que esta ceremonia se realiz\u00f3 en el Asta Bandera m\u00e1s grande de M\u00e9xico y es un d\u00eda muy especial, porque hubo una serie de ascensos para elementos del glorioso Ej\u00e9rcito que por muchos a\u00f1os han trabajado por el bien de nuestra Patria.<\/p>\n\n\n\n<p>Felicit\u00f3 tambi\u00e9n a nombre del pueblo de Coahuila, a las familias de los militares por apoyarlos en su labor diaria de defender a la Patria y a contribuir a tener un pa\u00eds, estado y ciudad m\u00e1s seguros.<\/p>\n\n\n\n<p>\u201cEstamos iniciando las celebraciones del 114 Aniversario de la Revoluci\u00f3n Mexicana, un momento en la historia de M\u00e9xico, donde Coahuila tuvo un papel fundamental\u201d, asever\u00f3 el gobernador.<\/p>\n\n\n\n<p>\u201cHoy, como todos los d\u00edas, honramos a Madero, a Carranza, por todo eso que se inici\u00f3 en 1910 y que hoy nos une a todos los mexicanos en este d\u00eda tan especial, pero tambi\u00e9n en muchos otros d\u00edas, a lo largo del a\u00f1o\u201d, destac\u00f3.&nbsp;<\/p>\n\n\n\n<p>\u201cCoahuila es cuna de la Revoluci\u00f3n, Coahuila es cuna de la Constituci\u00f3n, pero tambi\u00e9n es cuna del Ej\u00e9rcito, y por todo esto nos sentimos sumamente orgullosos de ser coahuilenses\u201d, afirm\u00f3 Manolo Jim\u00e9nez Salinas.<\/p>\n\n\n\n<p>Expres\u00f3 que \u201cnos sentimos sumamente orgullosos de que esta gran Instituci\u00f3n, el Ej\u00e9rcito,&nbsp;&nbsp;haya nacido aqu\u00ed en Coahuila\u201d.<\/p>\n\n\n\n<p>Del mismo modo agradeci\u00f3, a nombre de la poblaci\u00f3n coahuilense, por todo lo que el Ej\u00e9rcito hace por nuestro estado y por nuestro pa\u00eds.&nbsp;<\/p>\n\n\n\n<p>\u201cExtienda este agradecimiento a nuestro General Ibarra, Comandante de la 11 Regi\u00f3n Militar, que integra a Coahuila y a Chihuahua, y por supuesto tambi\u00e9n a nuestro General Secretario Ricardo Trevilla Trejo, que en su momento tuvo tareas aqu\u00ed en nuestro estado y eso nos da mucho gusto porque conoce Coahuila\u201d, dijo.<\/p>\n\n\n\n<p>Manolo Jim\u00e9nez resalt\u00f3 el apoyo otorgado para trabajar en el tema de la seguridad, el m\u00e1s importante, lo que contribuye a mantener la calidad&nbsp;&nbsp;de vida de los coahuilenses.<\/p>\n\n\n\n<p>Dijo que gracias al trabajo coordinado \u00e9ste es el estado m\u00e1s seguro del Norte del pa\u00eds y cuenta con tres de las quince&nbsp;&nbsp;ciudades m\u00e1s seguras de M\u00e9xico: Piedras Negras, Saltillo y Torre\u00f3n.<\/p>\n\n\n\n<p>Lo que se traduce en que somos una tierra de oportunidades, en inversiones, con 95 mil millones de pesos de inversiones en 2024, miles&nbsp;&nbsp;de empleos generados para toda nuestra gente.<\/p>\n\n\n\n<p>\u201cY si nuestra gente vive segura, con oportunidades, vive con buenos servicios, se vive con calidad de vida\u201d.<\/p>\n\n\n\n<p>Agreg\u00f3 que gracias al trabajo de todas y todos, al de todas las instituciones, al trabajo en equipo, con las y los ciudadanos, con las instituciones, iniciativa privada, con los organismos de la sociedad civil, hoy Coahuila sin duda, es uno de los mejores lugares de M\u00e9xico para vivir con nuestras familias.<\/p>\n\n\n\n<p>Los ascensos tienen como finalidad cubrir las vacantes de personal militar, el cual fue entregado por sus familiares en reconocimiento a su esfuerzo y perseverancia.<\/p>\n\n\n\n<p>Adem\u00e1s, los mandos militares recibieron condecoraciones por a\u00f1os de servicio prestados en las Fuerzas Armadas.<\/p>\n\n\n\n<p>DESFILE C\u00cdVICO-DEPORTIVO<\/p>\n\n\n\n<p>El Gobernador de Coahuila se traslad\u00f3 posteriormente a la Presidencia Municipal, desde donde junto a autoridades de los 3 \u00f3rdenes de Gobierno, presenci\u00f3&nbsp;&nbsp;el Desfile C\u00edvico-Deportivo con 39 contingentes y cerca de 3 mil participantes, entre ellos atletas coahuilenses.&nbsp;<\/p>\n\n\n\n<p>Tambi\u00e9n, alumnos de escuelas de nivel b\u00e1sico, preparatoria y universidades, que desfilaron en carros aleg\u00f3ricos con vestimenta alusiva a la Revoluci\u00f3n Mexicana, escenificaron pasajes de ese momento hist\u00f3rico&nbsp;e interpretaron tablas r\u00edtmicas.&nbsp;<\/p>\n\n\n\n<p>El lucido recorrido presenciado por cientos de familias const\u00f3 tambi\u00e9n de la participaci\u00f3n de Bandas de Guerra de instituciones educativas, as\u00ed como elementos de las Fuerzas Armadas y corporaciones de Seguridad.<\/p>\n\n\n\n<p>El Desfile Conmemorativo del 114 Aniversario de la Revoluci\u00f3n Mexicana culmin\u00f3 en la avenida Carranza, frente a la Escuela Primaria Ignacio Manuel Altamirano.&nbsp;<\/p>\n\n\n\n<p>Asistieron a los festejos conmemorativos, el General Jos\u00e9 Gregorio P\u00e9rez Juana, representante de la 11 Brigada de Polic\u00eda Militar; Coronel Alejandro Meza Mendoza, Comandante del 12 Regimiento de Caballer\u00eda Motorizado; \u00d3scar Pimentel Gonz\u00e1lez, secretario de Gobierno; Luz Elena Morales N\u00fa\u00f1ez, presidenta de la Junta de Gobierno del Congreso del Estado; Miguel Felipe Mery Ayup, presidente del Congreso del Estado; Federico Fern\u00e1ndez Monta\u00f1ez, secretario de Seguridad P\u00fablica; Emanuel Garza Fishburn, secretario de Educaci\u00f3n; Esther Quintana Salinas, secretaria de Cultura; Gabriel Elizondo P\u00e9rez, coordinador general de Mejora Coahuila; el diputado local Guillermo&nbsp;&nbsp;Ruiz Guerra; Sonia Villarreal P\u00e9rez, subsecretaria de Gobierno en la regi\u00f3n Norte; Antonio Cepeda Lic\u00f3n, Director del&nbsp;&nbsp;Instituto Estatal del Deporte y representantes de diversos sectores de la poblaci\u00f3n.<\/p>\n","protected":false},"excerpt":{"rendered":"<p>Piedras Negras, Coahuila de Zaragoza; a 20 de noviembre de 2024.-Desde el Asta Monumental en la Gran Plaza de Piedras Negras, el gobernador Manolo Jim\u00e9nez Salinas encabez\u00f3 los festejos conmemorativos del 114 Aniversario del inicio de&nbsp;&nbsp;la Revoluci\u00f3n Mexicana. \u201cCoahuila es cuna de la Revoluci\u00f3n, de la Constituci\u00f3n y del Ej\u00e9rcito\u201d, resalt\u00f3 el gobernador. Junto al Comandante de la 47 Zona Militar, General Jos\u00e9 Luis Cruz Aguilar, la presidenta municipal de&#8230;<\/p>\n","protected":false},"author":1,"featured_media":23520,"comment_status":"closed","ping_status":"","sticky":false,"template":"","format":"standard","meta":{"footnotes":""},"categories":[5,15],"tags":[],"class_list":["post-23519","post","type-post","status-publish","format-standard","has-post-thumbnail","hentry","category-coahuila","category-gobierno-de-coahuila","wpcat-5-id","wpcat-15-id"],"_links":{"self":[{"href":"https:\/\/www.aquilaguna.com\/index.php\/wp-json\/wp\/v2\/posts\/23519","targetHints":{"allow":["GET"]}}],"collection":[{"href":"https:\/\/www.aquilaguna.com\/index.php\/wp-json\/wp\/v2\/posts"}],"about":[{"href":"https:\/\/www.aquilaguna.com\/index.php\/wp-json\/wp\/v2\/types\/post"}],"author":[{"embeddable":true,"href":"https:\/\/www.aquilaguna.com\/index.php\/wp-json\/wp\/v2\/users\/1"}],"replies":[{"embeddable":true,"href":"https:\/\/www.aquilaguna.com\/index.php\/wp-json\/wp\/v2\/comments?post=23519"}],"version-history":[{"count":1,"href":"https:\/\/www.aquilaguna.com\/index.php\/wp-json\/wp\/v2\/posts\/23519\/revisions"}],"predecessor-version":[{"id":23521,"href":"https:\/\/www.aquilaguna.com\/index.php\/wp-json\/wp\/v2\/posts\/23519\/revisions\/23521"}],"wp:featuredmedia":[{"embeddable":true,"href":"https:\/\/www.aquilaguna.com\/index.php\/wp-json\/wp\/v2\/media\/23520"}],"wp:attachment":[{"href":"https:\/\/www.aquilaguna.com\/index.php\/wp-json\/wp\/v2\/media?parent=23519"}],"wp:term":[{"taxonomy":"category","embeddable":true,"href":"https:\/\/www.aquilaguna.com\/index.php\/wp-json\/wp\/v2\/categories?post=23519"},{"taxonomy":"post_tag","embeddable":true,"href":"https:\/\/www.aquilaguna.com\/index.php\/wp-json\/wp\/v2\/tags?post=23519"}],"curies":[{"name":"wp","href":"https:\/\/api.w.org\/{rel}","templated":true}]}}