{"id":23526,"date":"2024-11-21T21:00:05","date_gmt":"2024-11-22T03:00:05","guid":{"rendered":"https:\/\/www.aquilaguna.com\/?p=23526"},"modified":"2024-11-21T21:00:05","modified_gmt":"2024-11-22T03:00:05","slug":"turismo-municipal-estrecha-lazos-de-colaboracion-con-nueva-mesa-directiva-de-canainpa","status":"publish","type":"post","link":"https:\/\/www.aquilaguna.com\/index.php\/2024\/11\/21\/turismo-municipal-estrecha-lazos-de-colaboracion-con-nueva-mesa-directiva-de-canainpa\/","title":{"rendered":"Turismo Municipal estrecha lazos de colaboraci\u00f3n con nueva Mesa Directiva de CANAINPA."},"content":{"rendered":"\n<p>Torre\u00f3n, Coahuila a 21 de noviembre de 2024,<\/p>\n\n\n\n<p>Sumar esfuerzos que permitan que las tradiciones y la identidad torreonense siga<br>fortaleci\u00e9ndose, es el objetivo de trabajar de la mano con los integrantes de la<br>C\u00e1mara Nacional de la Industria Panificadora y Similares (CANAINPA) Delegaci\u00f3n<br>Laguna, quienes tomaron protesta a su nueva Mesa Directiva.<\/p>\n\n\n\n<p>Jos\u00e9 Luis T\u00e9llez, director de Turismo Municipal, acudi\u00f3 la toma de protesta en<br>representaci\u00f3n del alcalde Rom\u00e1n Alberto Cepeda Gonz\u00e1lez, en donde resalt\u00f3<br>que uno de los logros m\u00e1s importantes que se ha tenido en conjunto, es que el<br>Cabildo aprobara la declaraci\u00f3n del Pan Franc\u00e9s como patrimonio tur\u00edstico,<br>gastron\u00f3mico y cultural del municipio, celebrando su d\u00eda cada 16 de octubre.<\/p>\n\n\n\n<p>\u201cTuvimos el primer Festival del Pan Franc\u00e9s, que esperemos sea un s\u00edmbolo de<br>identidad y orgullo en lo venidero\u201d, mencion\u00f3.<\/p>\n\n\n\n<p>Indic\u00f3 que el apoyo a la C\u00e1mara y a su nueva Mesa Directiva encabezada por<br>Pedro \u00c1vila Aguilera, es tambi\u00e9n un reconocimiento a aquellos que no s\u00f3lo<br>producen pan, sino que construyen experiencias que se comparten en la mesa.<\/p>\n\n\n\n<p>El director dijo en su mensaje al gremio de la industria del pan, que el esfuerzo<br>que realizan abre puertas al turismo y al desarrollo econ\u00f3mico de Torre\u00f3n, toda<br>vez que los visitantes no solo encuentran un producto delicioso, sino una tradici\u00f3n<br>viva que refleja la esencia de la regi\u00f3n.<\/p>\n\n\n\n<p>En el evento estuvo presente el presidente nacional de la CANAINPA, Juli\u00e1n<br>Casta\u00f1\u00f3n Fern\u00e1ndez, quien destac\u00f3 el logro de la declaratoria del pan franc\u00e9s.<\/p>\n\n\n\n<p>Por su parte, el presidente de la CANAINPA Delegaci\u00f3n Laguna, Pedro \u00c1vila<br>Aguilera, se comprometi\u00f3 a trabajar para que la comunidad siga obteniendo un<br>producto de la mejor calidad, a temperatura adecuada y crear experiencias a partir<br>del trabajo que implica la cadena: trigo, harina y pan.<\/p>\n\n\n\n<p>Cabe mencionar que la Delegaci\u00f3n Laguna de CANAINPA, reconoci\u00f3 a la<br>Direcci\u00f3n de Turismo Municipal, as\u00ed como a las regidoras Blanca \u00c1lvarez Garza y<br>Elba de Alba Galarza, por el trabajo realizado para lograr la declaratoria del Pan<br>Franc\u00e9s como Patrimonio Tur\u00edstico, Gastron\u00f3mico y Cultural de Torre\u00f3n.<\/p>\n\n\n\n<p>En este evento tambi\u00e9n se cont\u00f3 con la presencia de la subsecretaria de Turismo<br>en la Regi\u00f3n Laguna, Mar\u00eda Eugenia Villarreal Abusaid; el secretario general de la<br>CTM, Ra\u00fal Fabi\u00e1n Ruelas Navarro; y el presidente del CLIP, Rodolfo Silva<br>Rosales.<\/p>\n","protected":false},"excerpt":{"rendered":"<p>Torre\u00f3n, Coahuila a 21 de noviembre de 2024, Sumar esfuerzos que permitan que las tradiciones y la identidad torreonense sigafortaleci\u00e9ndose, es el objetivo de trabajar de la mano con los integrantes de laC\u00e1mara Nacional de la Industria Panificadora y Similares (CANAINPA) Delegaci\u00f3nLaguna, quienes tomaron protesta a su nueva Mesa Directiva. Jos\u00e9 Luis T\u00e9llez, director de Turismo Municipal, acudi\u00f3 la toma de protesta enrepresentaci\u00f3n del alcalde Rom\u00e1n Alberto Cepeda Gonz\u00e1lez, en&#8230;<\/p>\n","protected":false},"author":1,"featured_media":23527,"comment_status":"closed","ping_status":"","sticky":false,"template":"","format":"standard","meta":{"footnotes":""},"categories":[5,28,7],"tags":[],"class_list":["post-23526","post","type-post","status-publish","format-standard","has-post-thumbnail","hentry","category-coahuila","category-la-laguna","category-torreon","wpcat-5-id","wpcat-28-id","wpcat-7-id"],"_links":{"self":[{"href":"https:\/\/www.aquilaguna.com\/index.php\/wp-json\/wp\/v2\/posts\/23526","targetHints":{"allow":["GET"]}}],"collection":[{"href":"https:\/\/www.aquilaguna.com\/index.php\/wp-json\/wp\/v2\/posts"}],"about":[{"href":"https:\/\/www.aquilaguna.com\/index.php\/wp-json\/wp\/v2\/types\/post"}],"author":[{"embeddable":true,"href":"https:\/\/www.aquilaguna.com\/index.php\/wp-json\/wp\/v2\/users\/1"}],"replies":[{"embeddable":true,"href":"https:\/\/www.aquilaguna.com\/index.php\/wp-json\/wp\/v2\/comments?post=23526"}],"version-history":[{"count":1,"href":"https:\/\/www.aquilaguna.com\/index.php\/wp-json\/wp\/v2\/posts\/23526\/revisions"}],"predecessor-version":[{"id":23528,"href":"https:\/\/www.aquilaguna.com\/index.php\/wp-json\/wp\/v2\/posts\/23526\/revisions\/23528"}],"wp:featuredmedia":[{"embeddable":true,"href":"https:\/\/www.aquilaguna.com\/index.php\/wp-json\/wp\/v2\/media\/23527"}],"wp:attachment":[{"href":"https:\/\/www.aquilaguna.com\/index.php\/wp-json\/wp\/v2\/media?parent=23526"}],"wp:term":[{"taxonomy":"category","embeddable":true,"href":"https:\/\/www.aquilaguna.com\/index.php\/wp-json\/wp\/v2\/categories?post=23526"},{"taxonomy":"post_tag","embeddable":true,"href":"https:\/\/www.aquilaguna.com\/index.php\/wp-json\/wp\/v2\/tags?post=23526"}],"curies":[{"name":"wp","href":"https:\/\/api.w.org\/{rel}","templated":true}]}}