{"id":23553,"date":"2024-11-22T20:23:53","date_gmt":"2024-11-23T02:23:53","guid":{"rendered":"https:\/\/www.aquilaguna.com\/?p=23553"},"modified":"2024-11-22T20:23:53","modified_gmt":"2024-11-23T02:23:53","slug":"inicia-en-la-uadec-el-programa-alerta-y-segura-para-promover-la-seguridad-de-las-mujeres-en-espacios-publicos","status":"publish","type":"post","link":"https:\/\/www.aquilaguna.com\/index.php\/2024\/11\/22\/inicia-en-la-uadec-el-programa-alerta-y-segura-para-promover-la-seguridad-de-las-mujeres-en-espacios-publicos\/","title":{"rendered":"Inicia en la UAdeC el Programa \u201cAlerta y Segura\u201d para Promover la Seguridad de las Mujeres en Espacios P\u00fablicos."},"content":{"rendered":"\n<p>SALTILLO, Coahuila. 22 de noviembre de 2024. La Universidad Aut\u00f3noma de<br>Coahuila fue sede del arranque del Programa \u201cAlerta y Segura\u201d, una iniciativa<br>impulsada por el Instituto Municipal de las Mujeres, la Comisi\u00f3n de Seguridad<br>P\u00fablica y Protecci\u00f3n Ciudadana y la Secretar\u00eda T\u00e9cnica del Ayuntamiento de Saltillo.<\/p>\n\n\n\n<p>En la ceremonia realizada en el Auditorio de la Facultad de Ciencias Qu\u00edmicas,<br>estuvieron presentes el rector de la UAdeC, Octavio Pimentel Mart\u00ednez, la diputada<br>presidenta de la Junta de Gobierno del Congreso Coahuila, Luz Elena Morales<br>N\u00fa\u00f1ez; el comisionado de Seguridad P\u00fablica y Protecci\u00f3n Ciudadana, Miguel \u00c1ngel<br>Garza F\u00e9lix; la titular de la Secretar\u00eda de las Mujeres de Coahuila, Mayra Lucila<br>Valdez Gonz\u00e1lez.<\/p>\n\n\n\n<p>Adem\u00e1s, el alcalde de Saltillo, Jos\u00e9 Mar\u00eda Fraustro Siller; la regidora presidenta de la<br>Comisi\u00f3n de Derechos Humanos, Grupos Vulnerables e Igualdad del Ayuntamiento<br>de Saltillo, Juana Lidia Torres Vald\u00e9s; la directora del Instituto Municipal de las<br>Mujeres, Lydia Mar\u00eda Gonz\u00e1lez Rodr\u00edguez, funcionariado universitario, invitados<br>especiales y p\u00fablico en general.<\/p>\n\n\n\n<p>En su mensaje de bienvenida, la directora del Instituto Municipal de las Mujeres,<br>Lydia Mar\u00eda Gonz\u00e1lez Rodr\u00edguez, explic\u00f3 que este esfuerzo conjunto tiene como<br>objetivo principal crear entornos m\u00e1s seguros y confiables para las mujeres,<br>promoviendo su tranquilidad y bienestar en espacios p\u00fablicos.<\/p>\n\n\n\n<p>Agreg\u00f3 que el Programa operar\u00e1 con la instalaci\u00f3n de cuatro m\u00f3dulos de atenci\u00f3n<br>ubicados en puntos clave de la ciudad como el exterior de la Facultad de<br>Jurisprudencia de la UAdeC, la Gran Plaza, Paseo Capital y la Rotonda de la colonia<br>Saltillo 2000; estos m\u00f3dulos est\u00e1n equipados con estaciones de alarma,<br>videovigilancia con c\u00e1maras PTZ, botones de p\u00e1nico, sistemas de videollamada,<br>cargadores solares e inal\u00e1mbricos, y c\u00f3digos QR para reportes a trav\u00e9s de<br>WhatsApp.<\/p>\n\n\n\n<p>Adem\u00e1s, se incorporar\u00e1n medidas de seguridad en el transporte p\u00fablico, como<br>botones de emergencia, c\u00e1maras de vigilancia, c\u00f3digos QR para reportes y sistemas<br>de GPS, con el objetivo de extender el alcance del programa a otro espacio<br>fundamental en la movilidad de las mujeres.<\/p>\n\n\n\n<p>Por su parte, el comisionado de Seguridad P\u00fablica y Protecci\u00f3n Ciudadana, Miguel<br>\u00c1ngel Garza F\u00e9lix, destac\u00f3 que la herramienta &#8220;Alerta y Segura&#8221; busca garantizar la<br>protecci\u00f3n de las mujeres en la v\u00eda y el transporte p\u00fablico, por lo que afirm\u00f3 que ha<br>instruido a la Comisar\u00eda a su cargo para que las alertas sean atendidas de forma<br>inmediata y por el elemento m\u00e1s cercano al \u00e1rea del reporte.<\/p>\n\n\n\n<p>Agreg\u00f3 que se contar\u00e1 con la participaci\u00f3n de la Polic\u00eda Municipal, el Grupo de<br>Reacci\u00f3n Sureste, el Centro de Control y Comando, y agrupamientos especializados<br>como Violeta, UNIF, entre otros, por lo que exhort\u00f3 a la ciudadan\u00eda a reportar de<br>inmediato cualquier situaci\u00f3n de riesgo que detecten.<\/p>\n\n\n\n<p>En su intervenci\u00f3n, el rector de la UAdeC, Octavio Pimentel Mart\u00ednez, refrend\u00f3 el<br>compromiso institucional para la erradicaci\u00f3n de la violencia de g\u00e9nero, destacando<br>que desde el inicio de su administraci\u00f3n se han implementado acciones y han<br>firmado acuerdos, para proteger y empoderar a las mujeres universitarias.<\/p>\n\n\n\n<p>Adem\u00e1s, reiter\u00f3 que la UAdeC no retroceder\u00e1 en su lucha contra la violencia de<br>g\u00e9nero, priorizando los intereses de la comunidad universitaria sobre los<br>individuales; por lo que celebr\u00f3 la colaboraci\u00f3n con las instituciones de gobierno<br>municipal, estatal, sector industrial y sociedad civil, se redoblar\u00e1n esfuerzos para<br>implementar acciones afirmativas que contribuyan a eliminar la violencia de g\u00e9nero<br>dentro y fuera de la Universidad.<\/p>\n\n\n\n<p>Para comprobar la eficacia del Programa, las autoridades se trasladaron a la<br>explanada de la Facultad de Jurisprudencia para activar uno de los M\u00f3dulos de<br>Atenci\u00f3n a Mujeres en situaci\u00f3n de riesgo, el cual, despu\u00e9s de ser activado por la<br>diputada presidenta de la Junta de Gobierno del Congreso del Estado, Luz Elena<br>Morales N\u00fa\u00f1ez, acudieron elementos del Agrupamiento Violeta para atender el<br>llamado.<\/p>\n","protected":false},"excerpt":{"rendered":"<p>SALTILLO, Coahuila. 22 de noviembre de 2024. La Universidad Aut\u00f3noma deCoahuila fue sede del arranque del Programa \u201cAlerta y Segura\u201d, una iniciativaimpulsada por el Instituto Municipal de las Mujeres, la Comisi\u00f3n de SeguridadP\u00fablica y Protecci\u00f3n Ciudadana y la Secretar\u00eda T\u00e9cnica del Ayuntamiento de Saltillo. En la ceremonia realizada en el Auditorio de la Facultad de Ciencias Qu\u00edmicas,estuvieron presentes el rector de la UAdeC, Octavio Pimentel Mart\u00ednez, la diputadapresidenta de la&#8230;<\/p>\n","protected":false},"author":1,"featured_media":23554,"comment_status":"closed","ping_status":"","sticky":false,"template":"","format":"standard","meta":{"footnotes":""},"categories":[2],"tags":[],"class_list":["post-23553","post","type-post","status-publish","format-standard","has-post-thumbnail","hentry","category-uadec","wpcat-2-id"],"_links":{"self":[{"href":"https:\/\/www.aquilaguna.com\/index.php\/wp-json\/wp\/v2\/posts\/23553","targetHints":{"allow":["GET"]}}],"collection":[{"href":"https:\/\/www.aquilaguna.com\/index.php\/wp-json\/wp\/v2\/posts"}],"about":[{"href":"https:\/\/www.aquilaguna.com\/index.php\/wp-json\/wp\/v2\/types\/post"}],"author":[{"embeddable":true,"href":"https:\/\/www.aquilaguna.com\/index.php\/wp-json\/wp\/v2\/users\/1"}],"replies":[{"embeddable":true,"href":"https:\/\/www.aquilaguna.com\/index.php\/wp-json\/wp\/v2\/comments?post=23553"}],"version-history":[{"count":1,"href":"https:\/\/www.aquilaguna.com\/index.php\/wp-json\/wp\/v2\/posts\/23553\/revisions"}],"predecessor-version":[{"id":23555,"href":"https:\/\/www.aquilaguna.com\/index.php\/wp-json\/wp\/v2\/posts\/23553\/revisions\/23555"}],"wp:featuredmedia":[{"embeddable":true,"href":"https:\/\/www.aquilaguna.com\/index.php\/wp-json\/wp\/v2\/media\/23554"}],"wp:attachment":[{"href":"https:\/\/www.aquilaguna.com\/index.php\/wp-json\/wp\/v2\/media?parent=23553"}],"wp:term":[{"taxonomy":"category","embeddable":true,"href":"https:\/\/www.aquilaguna.com\/index.php\/wp-json\/wp\/v2\/categories?post=23553"},{"taxonomy":"post_tag","embeddable":true,"href":"https:\/\/www.aquilaguna.com\/index.php\/wp-json\/wp\/v2\/tags?post=23553"}],"curies":[{"name":"wp","href":"https:\/\/api.w.org\/{rel}","templated":true}]}}